{"id":373223,"date":"2025-09-07T15:21:10","date_gmt":"2025-09-07T15:21:10","guid":{"rendered":"https:\/\/www.europesays.com\/fr\/373223\/"},"modified":"2025-09-07T15:21:10","modified_gmt":"2025-09-07T15:21:10","slug":"les-mini-robes-demma-watson-ensorcellent-venise","status":"publish","type":"post","link":"https:\/\/www.europesays.com\/fr\/373223\/","title":{"rendered":"Les mini-robes d\u2019Emma Watson ensorcellent Venise"},"content":{"rendered":"<p>Au grand dam de ses fans, <a href=\"https:\/\/www.parismatch.com\/bio\/emma-watson\" target=\"_blank\" rel=\"nofollow noopener\">Emma Watson<\/a> n\u2019a rien tourn\u00e9 depuis le 1er\u00a0janvier 2022, <a href=\"https:\/\/www.parismatch.com\/People\/L-emotion-des-acteurs-d-Harry-Potter-dans-l-episode-special-1777337\" target=\"_blank\" rel=\"nofollow noopener\">l\u2019\u00e9mission sp\u00e9ciale du 20e anniversaire d\u2019Harry Potter<\/a>. Abandonn\u00e9s, attrist\u00e9s, perdus\u2026 Ses fervents admirateurs n\u2019attendent qu\u2019un signe de sa part pour y croire \u00e0 nouveau. Ce samedi 6\u00a0septembre, la petite pr\u00e9f\u00e9r\u00e9e des Britanniques pourrait bien avoir donn\u00e9 ce clin d\u2019\u0153il tant esp\u00e9r\u00e9. Seule dans un vaporetto bois\u00e9, les cheveux au vent et les lunettes noires sur le nez, elle est apparue sur le ponton de l\u2019h\u00f4tel Excelsior.<\/p>\n<p>Anecdotique pour certains mais tr\u00e8s int\u00e9ressant pour ceux qui savent qu\u2019hier s\u2019est termin\u00e9e <a href=\"https:\/\/www.parismatch.com\/dossiers\/mostra-de-venise\" target=\"_blank\" rel=\"nofollow noopener\">la 82e \u00e9dition de la Mostra de Venise<\/a>, un c\u00e9l\u00e8bre festival international de cin\u00e9ma. Lanc\u00e9 le 27\u00a0ao\u00fbt dernier, de tr\u00e8s nombreuses c\u00e9l\u00e9brit\u00e9s sont venues participer \u00e0 l\u2019\u00e9v\u00e8nement, notamment <a href=\"https:\/\/www.parismatch.com\/People\/adele-exarchopoulos-en-mode-mireille-darc-louis-garrel-gilles-lellouche-la-mostra-de-venise-se-conclut-en-beaute-256680\" target=\"_blank\" rel=\"nofollow noopener\">Ad\u00e8le Exarchopoulos et ses airs de\u00a0Mireille Darc<\/a>, <a href=\"https:\/\/www.parismatch.com\/People\/lea-seydoux-pulpeuse-a-venise-sur-le-tapis-rouge-256648\" target=\"_blank\" rel=\"nofollow noopener\">L\u00e9a Seydoux et sa robe sculpturale<\/a> ainsi que\u00a0<a href=\"https:\/\/www.parismatch.com\/People\/a-venise-les-larmes-de-valeria-bruni-tedeschi-au-bras-de-sa-maman-marisa-256543\" target=\"_blank\" rel=\"nofollow noopener\">Val\u00e9ria Bruni-Tedeschi, en larmes au bras de sa maman<\/a>.<\/p>\n<p>    La suite apr\u00e8s cette publicit\u00e9<\/p>\n<p>La pr\u00e9sence d\u2019Emma Watson \u00e0 ce rendez-vous du 7e art a soulev\u00e9 les m\u00eames questions qu\u2019il y a cinq mois lorsqu\u2019elle \u00e9tait apparue sur la Croisette en plein Festival de Cannes. <a href=\"https:\/\/www.parismatch.com\/People\/Emma-Watson-suspend-sa-carriere-d-actrice-1726433\" target=\"_blank\" rel=\"nofollow noopener\">Serait-elle sur le point de revenir sur le grand \u00e9cran\u00a0?<\/a> Le secret demeure entier&#8230;<\/p>\n<p>    La suite apr\u00e8s cette publicit\u00e9<\/p>\n<p>    <img decoding=\"async\" src=\"https:\/\/www.europesays.com\/fr\/wp-content\/uploads\/2025\/09\/bestimage_00707820_000021.jpg\" alt=\"Emma Watson d\u00e9jeune en terrasse de La Bi\u00e8rerie By Brasserie Du Casino et va ensuite se promener sur la croisette lors du 78\u00e8me Festival International du Film de Cannes, France, le 21 mai 2025. L'actrice britannique de 35 ans est \u00e0 Cannes pour pr\u00e9senter le film \" the=\"\" bling=\"\" ring=\"\" dans=\"\" la=\"\" cat=\"\" certain=\"\" regard=\"\" loading=\"lazy\"\/><\/p>\n<p>\n      Emma Watson d\u00e9jeune en terrasse de La Bi\u00e8rerie By Brasserie Du Casino et va ensuite se promener sur la croisette lors du 78\u00e8me Festival International du Film de Cannes, France, le 21 mai 2025. L&rsquo;actrice britannique de 35 ans est \u00e0 Cannes pour pr\u00e9senter le film \u00ab\u00a0The Bling Ring\u00a0\u00bb dans la cat\u00e9gorie, \u00ab\u00a0Un certain regard\u00a0\u00bb.<\/p>\n<p>                Yehiel Chekroune \/ Bestimage<br \/>\n                      \/<br \/>\n                                \u00a9 Yehiel Chekroune \/ Bestimage<\/p>\n<p>Emma, comme un poisson dans l\u2019gin<\/p>\n<p>Si Emma Watson ne revient pas encore au cin\u00e9ma, une chose est certaine, son business de gin durable n\u2019a pas fini de l\u2019occuper. En janvier dernier, sa marque Renais (fond\u00e9e avec son petit fr\u00e8re Alex en avril\u00a02023) a lev\u00e9 plus de 6\u00a0millions de dollars pour un investissement. \u00c0 l\u2019image de ses cr\u00e9ateurs, tr\u00e8s attentifs \u00e0 la plan\u00e8te, la fabrication du gin est \u00e9cologique et responsable\u00a0: l\u2019alcool est obtenu \u00e0 partir de peaux de raisin recycl\u00e9es.<\/p>\n<p>\u00c0 c\u00f4t\u00e9 de ses activit\u00e9s entrepreneuriales (qui lui ont valu le prix Soho House de \u00ab\u00a0Breakthrough Entrepreneur\u00a0\u00bb en 2023), Emma Watson aurait \u00e9galement un sacr\u00e9 penchant pour les festivals de musique. C\u2019est en tout cas ce que semble montrer une vid\u00e9o devenue virale sur les r\u00e9seaux sociaux o\u00f9 l\u2019on peut voir une jeune femme ressemblant trait pour trait \u00e0 l\u2019actrice de 35\u00a0ans. Cette personne, pas encore identifi\u00e9e, est en train de danser sur le sable du Burning Man, <a href=\"https:\/\/www.parismatch.com\/actu\/international\/quest-ce-que-le-burning-man-ce-rassemblement-qui-vire-au-drame-dans-le-nevada-229012\" target=\"_blank\" rel=\"nofollow noopener\">un festival de musique organis\u00e9 chaque ann\u00e9e\u00a0au Nevada<\/a> pendant neuf jours.<\/p>\n","protected":false},"excerpt":{"rendered":"Au grand dam de ses fans, Emma Watson n\u2019a rien tourn\u00e9 depuis le 1er\u00a0janvier 2022, l\u2019\u00e9mission sp\u00e9ciale du&hellip;\n","protected":false},"author":2,"featured_media":373224,"comment_status":"","ping_status":"","sticky":false,"template":"","format":"standard","meta":{"footnotes":""},"categories":[8],"tags":[58,59,1011,27],"class_list":{"0":"post-373223","1":"post","2":"type-post","3":"status-publish","4":"format-standard","5":"has-post-thumbnail","7":"category-divertissement","8":"tag-divertissement","9":"tag-entertainment","10":"tag-fr","11":"tag-france"},"share_on_mastodon":{"url":"https:\/\/pubeurope.com\/@fr\/115163698557526374","error":""},"_links":{"self":[{"href":"https:\/\/www.europesays.com\/fr\/wp-json\/wp\/v2\/posts\/373223","targetHints":{"allow":["GET"]}}],"collection":[{"href":"https:\/\/www.europesays.com\/fr\/wp-json\/wp\/v2\/posts"}],"about":[{"href":"https:\/\/www.europesays.com\/fr\/wp-json\/wp\/v2\/types\/post"}],"author":[{"embeddable":true,"href":"https:\/\/www.europesays.com\/fr\/wp-json\/wp\/v2\/users\/2"}],"replies":[{"embeddable":true,"href":"https:\/\/www.europesays.com\/fr\/wp-json\/wp\/v2\/comments?post=373223"}],"version-history":[{"count":0,"href":"https:\/\/www.europesays.com\/fr\/wp-json\/wp\/v2\/posts\/373223\/revisions"}],"wp:featuredmedia":[{"embeddable":true,"href":"https:\/\/www.europesays.com\/fr\/wp-json\/wp\/v2\/media\/373224"}],"wp:attachment":[{"href":"https:\/\/www.europesays.com\/fr\/wp-json\/wp\/v2\/media?parent=373223"}],"wp:term":[{"taxonomy":"category","embeddable":true,"href":"https:\/\/www.europesays.com\/fr\/wp-json\/wp\/v2\/categories?post=373223"},{"taxonomy":"post_tag","embeddable":true,"href":"https:\/\/www.europesays.com\/fr\/wp-json\/wp\/v2\/tags?post=373223"}],"curies":[{"name":"wp","href":"https:\/\/api.w.org\/{rel}","templated":true}]}}