{"id":373225,"date":"2025-09-07T15:22:10","date_gmt":"2025-09-07T15:22:10","guid":{"rendered":"https:\/\/www.europesays.com\/fr\/373225\/"},"modified":"2025-09-07T15:22:10","modified_gmt":"2025-09-07T15:22:10","slug":"pourrez-vous-assister-a-leclipse-totale-prevue-ce-dimanche-en-debut-de-soiree","status":"publish","type":"post","link":"https:\/\/www.europesays.com\/fr\/373225\/","title":{"rendered":"pourrez-vous assister \u00e0 l&rsquo;\u00e9clipse totale pr\u00e9vue ce dimanche en d\u00e9but de soir\u00e9e?"},"content":{"rendered":"<p>Les passionn\u00e9s d&rsquo;astronomie auront une chance d&rsquo;apercevoir dimanche une Lune de sang, \u00e0 l&rsquo;occasion d&rsquo;une \u00e9clipse lunaire totale. Le ph\u00e9nom\u00e8ne sera observable surtout en Asie mais aussi \u00e0 la marge en Europe et en Afrique. En France, seul un grand tiers est du pays pourra observer l&rsquo;\u00e9clipse totale.<\/p>\n<p>Ce ph\u00e9nom\u00e8ne qui teinte de rouge le satellite de la Terre, se produit quand le Soleil, la Terre et la Lune sont parfaitement align\u00e9s dans cet ordre, et que la Lune est dans sa phase pleine.<\/p>\n<p>Tr\u00e8s visible dans l&rsquo;est du pays&#8230;\u00a0<\/p>\n<p>C&rsquo;est en particulier en Chine et Inde que les spectateurs seront les mieux plac\u00e9s pour y assister, tout comme les habitants de l&rsquo;Afrique de l&rsquo;est ou de l&rsquo;ouest australien.<\/p>\n<p>En Europe, le spectacle sera bri\u00e8vement visible au moment o\u00f9 la Lune se l\u00e8ve, en tout d\u00e9but de soir\u00e9e. En France m\u00e9tropolitaine, elle sera en partie visible \u00e0 son maximum \u00e0 20h11, selon l&rsquo;Institut de m\u00e9canique c\u00e9leste et de calcul des \u00e9ph\u00e9m\u00e9rides.<\/p>\n<p>Elle sera donc visible&#8230; uniquement l\u00e0 o\u00f9 la Lune est d\u00e9j\u00e0 lev\u00e9e, c&rsquo;est-\u00e0-dire\u00a0\u00e0 l&rsquo;est d&rsquo;une ligne Carcassonne-Maubeuge, comme le montre la carte ci-dessous\u00a0:<\/p>\n<p>  &#8230; sauf si les nuages s&rsquo;en m\u00ealent<\/p>\n<p>Reste l&rsquo;aspect&#8230; m\u00e9t\u00e9orologique\u00a0: m\u00eame dans le secteur o\u00f9 l&rsquo;\u00e9clipse sera en th\u00e9orie visible dans sa totalit\u00e9, seul un \u00e9troit flanc est devrait avoir un ciel bien d\u00e9gag\u00e9.<\/p>\n<p>La Lune devient rouge car l&rsquo;astre glisse dans l&rsquo;ombre de la Terre, qui fait alors \u00e9cran aux rayons solaires, et elle perd peu \u00e0 peu son \u00e9clat blanc. Les seuls rayons du soleil qui l&rsquo;atteignent sont \u00ab r\u00e9fl\u00e9chis et dispers\u00e9s \u00e0 travers l&rsquo;atmosph\u00e8re terrestre \u00bb, explique Ryan Milligan, astrophysicien \u00e0 l&rsquo;Universit\u00e9 de Belfast.<\/p>\n<p>Or les longueurs d&rsquo;onde bleues de la lumi\u00e8re sont plus courtes que celles du rouge, et elles sont donc plus ais\u00e9ment dispers\u00e9es lorsqu&rsquo;elle traversent l&rsquo;atmosph\u00e8re terrestre. \u00ab C&rsquo;est ce qui donne \u00e0 la Lune sa teinte rouge, cette couleur de sang \u00bb, pr\u00e9cise-t-il.<\/p>\n<p>Pas d&rsquo;\u00e9quipement sp\u00e9cial n\u00e9cessaire<\/p>\n<p>Alors que des lunettes sp\u00e9ciales sont n\u00e9cessaires pour observer les \u00e9clipses solaires, il suffit d&rsquo;une m\u00e9t\u00e9o favorable avec un ciel clair et d&rsquo;\u00eatre au bon endroit pour assister aux \u00e9clipses lunaires.<\/p>\n<p>Cette \u00e9clipse lunaire totale, la deuxi\u00e8me de l&rsquo;ann\u00e9e apr\u00e8s celle observ\u00e9e en mars, est le pr\u00e9lude \u00e0 la grande \u00e9clipse solaire attendue l&rsquo;ann\u00e9e prochaine le 12 ao\u00fbt 2026\u00a0: cette \u00e9clipse totale du Soleil, la premi\u00e8re en Europe depuis 2006, sera enti\u00e8rement visible en Espagne et en Islande, et partiellement dans d&rsquo;autres pays.<\/p>\n","protected":false},"excerpt":{"rendered":"Les passionn\u00e9s d&rsquo;astronomie auront une chance d&rsquo;apercevoir dimanche une Lune de sang, \u00e0 l&rsquo;occasion d&rsquo;une \u00e9clipse lunaire totale.&hellip;\n","protected":false},"author":2,"featured_media":373226,"comment_status":"","ping_status":"","sticky":false,"template":"","format":"standard","meta":{"footnotes":""},"categories":[7],"tags":[1011,27,329,43,40,767,41,39,104,42,44],"class_list":{"0":"post-373225","1":"post","2":"type-post","3":"status-publish","4":"format-standard","5":"has-post-thumbnail","7":"category-sciences-et-technologies","8":"tag-fr","9":"tag-france","10":"tag-france-monde","11":"tag-science","12":"tag-science-and-technology","13":"tag-science-et-technologie","14":"tag-sciences","15":"tag-sciences-et-technologies","16":"tag-societe","17":"tag-technologies","18":"tag-technology"},"share_on_mastodon":{"url":"https:\/\/pubeurope.com\/@fr\/115163702709327675","error":""},"_links":{"self":[{"href":"https:\/\/www.europesays.com\/fr\/wp-json\/wp\/v2\/posts\/373225","targetHints":{"allow":["GET"]}}],"collection":[{"href":"https:\/\/www.europesays.com\/fr\/wp-json\/wp\/v2\/posts"}],"about":[{"href":"https:\/\/www.europesays.com\/fr\/wp-json\/wp\/v2\/types\/post"}],"author":[{"embeddable":true,"href":"https:\/\/www.europesays.com\/fr\/wp-json\/wp\/v2\/users\/2"}],"replies":[{"embeddable":true,"href":"https:\/\/www.europesays.com\/fr\/wp-json\/wp\/v2\/comments?post=373225"}],"version-history":[{"count":0,"href":"https:\/\/www.europesays.com\/fr\/wp-json\/wp\/v2\/posts\/373225\/revisions"}],"wp:featuredmedia":[{"embeddable":true,"href":"https:\/\/www.europesays.com\/fr\/wp-json\/wp\/v2\/media\/373226"}],"wp:attachment":[{"href":"https:\/\/www.europesays.com\/fr\/wp-json\/wp\/v2\/media?parent=373225"}],"wp:term":[{"taxonomy":"category","embeddable":true,"href":"https:\/\/www.europesays.com\/fr\/wp-json\/wp\/v2\/categories?post=373225"},{"taxonomy":"post_tag","embeddable":true,"href":"https:\/\/www.europesays.com\/fr\/wp-json\/wp\/v2\/tags?post=373225"}],"curies":[{"name":"wp","href":"https:\/\/api.w.org\/{rel}","templated":true}]}}