{"id":373227,"date":"2025-09-07T15:23:20","date_gmt":"2025-09-07T15:23:20","guid":{"rendered":"https:\/\/www.europesays.com\/fr\/373227\/"},"modified":"2025-09-07T15:23:20","modified_gmt":"2025-09-07T15:23:20","slug":"volkswagen-dit-adieu-a-ses-erreurs-avec-cette-nouvelle-voiture-electrique-lancee-a-des-prix-tres-attractifs","status":"publish","type":"post","link":"https:\/\/www.europesays.com\/fr\/373227\/","title":{"rendered":"Volkswagen dit adieu \u00e0 ses erreurs avec cette nouvelle voiture \u00e9lectrique lanc\u00e9e \u00ab \u00e0 des prix tr\u00e8s attractifs \u00bb"},"content":{"rendered":"<p>Volkswagen l\u00e8ve le voile sur son ID. Cross Concept, un avant-go\u00fbt d\u2019un petit SUV concurrent des Renault 4 E-Tech et Peugeot E-2008. Cette voiture \u00e9lectrique promet beaucoup d\u2019espace et un v\u00e9ritable retour aux sources pour la marque, avec un style sobre\u2026 et des boutons dans l\u2019habitacle.<\/p>\n<p><a target=\"_blank\" href=\"https:\/\/images.frandroid.com\/wp-content\/uploads\/2025\/09\/03-34front-150dpi.jpg\" class=\"article-content__figure\" rel=\"noopener\"><img fetchpriority=\"high\" decoding=\"async\" loading=\"eager\" width=\"1200\" height=\"675\" src=\"https:\/\/www.europesays.com\/fr\/wp-content\/uploads\/2025\/09\/03-34front-150dpi.jpg\" alt=\"\" class=\"wp-image-2784651 wp-image wp-image\"  \/><\/a>Volkswagen ID. Cross Concept \/\/ Source : Volkswagen<\/p>\n<p>Apr\u00e8s des d\u00e9buts pour le moins chaotiques, les voitures \u00e9lectriques de <a href=\"https:\/\/www.frandroid.com\/produits\/volkswagen\" target=\"_blank\" rel=\"noopener\">Volkswagen<\/a> affichent des r\u00e9sultats commerciaux enfin satisfaisants \u2013 il est vrai partiellement obtenus \u00e0 coups <a href=\"https:\/\/www.frandroid.com\/marques\/volkswagen\/2502959_volkswagen-fait-degringoler-le-prix-de-son-suv-electrique-id-4-surement-lune-des-meilleures-affaires-du-moment\" target=\"_blank\" rel=\"noopener\">d\u2019all\u00e9chantes remises<\/a>.<\/p>\n<p>Mais Volkswagen apprend de ses erreurs, et annonce sa nouvelle strat\u00e9gie lors de l\u2019<a href=\"https:\/\/www.frandroid.com\/events\/iaa-munich\" target=\"_blank\" rel=\"noopener\">IAA de Munich<\/a>. Outre la version camoufl\u00e9e de son <a href=\"https:\/\/www.frandroid.com\/marques\/volkswagen\/2781003_gros-changement-et-gros-retour-en-arriere-pour-les-voitures-electriques-de-volkswagen\" target=\"_blank\" rel=\"noopener\">ID. Polo<\/a>, la marque pr\u00e9sente un concept-car, l\u2019ID. Cross Concept, annonciateur d\u2019un petit SUV \u00e9lectrique.<\/p>\n<p>Un style tr\u00e8s Volkswagen (et tr\u00e8s proche de la s\u00e9rie)<\/p>\n<p>Fini le style tr\u00e8s rond (mou ?) des Volkswagen \u00e9lectriques actuelles, cet ID. Cross Concept adopte un design bien plus rigoureux \u2013 la marque nomme ce style \u00ab Pure Positive \u00bb.<\/p>\n<p><a target=\"_blank\" href=\"https:\/\/images.frandroid.com\/wp-content\/uploads\/2025\/09\/02-id2-x-outdoor-4288-150dpi.jpg\" class=\"article-content__figure\" rel=\"noopener\"><img loading=\"lazy\" decoding=\"async\" width=\"1200\" height=\"801\" src=\"https:\/\/www.europesays.com\/fr\/wp-content\/uploads\/2025\/09\/02-id2-x-outdoor-4288-150dpi-1200x801.jpg\" alt=\"\" class=\"wp-image-2784647 wp-image\"  \/><\/a>Volkswagen ID. Cross Concept \/\/ Source : Volkswagen<\/p>\n<p>Le communiqu\u00e9 de presse insiste longuement sur ce retour aux sources, \u00e9voquant les Golf et le Combi d\u2019\u00e9poque. Volkswagen \u00e9voque le traitement tr\u00e8s sobres des surfaces et des d\u00e9tails typiques, comme le montant arri\u00e8re assez massif et en C \u2013 on y remarque d\u2019ailleurs les trois ou\u00efes d\u00e9j\u00e0 vues sur l\u2019<a href=\"https:\/\/www.frandroid.com\/produits\/voitures\/volkswagen\/1258635-volkswagen-id-buzz\" target=\"_blank\" rel=\"noopener\">ID. Buzz<\/a>.<\/p>\n<p>Et si certains marqueurs restent tr\u00e8s \u00ab\u00a0concept-car\u00a0\u00bb (comme les immenses jantes de 21 pouces ou le traitement des phares), on ne peut que remarquer un r\u00e9alisme g\u00e9n\u00e9ral assez troublant : les r\u00e9troviseurs, les poign\u00e9es de porte ou encore la d\u00e9coupe des portes, tr\u00e8s plausibles, laissent croire que la version de s\u00e9rie sera extr\u00eamement proche de ce qu\u2019on d\u00e9couvre aujourd\u2019hui.<\/p>\n<p><a target=\"_blank\" href=\"https:\/\/images.frandroid.com\/wp-content\/uploads\/2025\/09\/03-34rear-150dpi.jpg\" class=\"article-content__figure\" rel=\"noopener\"><img loading=\"lazy\" decoding=\"async\" width=\"1200\" height=\"675\" src=\"https:\/\/www.europesays.com\/fr\/wp-content\/uploads\/2025\/09\/03-34rear-150dpi-1200x675.jpg\" alt=\"\" class=\"wp-image-2784653 wp-image\"  \/><\/a>Volkswagen ID. Cross Concept \/\/ Source : Volkswagen<\/p>\n<p>C\u00f4t\u00e9 dimensions, Volkswagen annonce une longueur de 4,16 m (dont 2,60 m d\u2019empattement) pour 1,84 m de large et 1,59 m de haut. Des dimensions qui le mettent en concurrence avec les Renault 4 E-Tech et Ford Puma Gen-E.<\/p>\n<p>Un habitacle spacieux et pratique<\/p>\n<p>Ce r\u00e9alisme se poursuit dans l\u2019habitacle : cet ID. Cross Concept confirme les bonnes r\u00e9solutions de Volkswagen, notamment sur <a href=\"https:\/\/www.frandroid.com\/marques\/volkswagen\/2533959_nous-ne-ferons-plus-jamais-cette-erreur-volkswagen-prend-une-decision-qui-va-a-contre-courant-de-tesla\" target=\"_blank\" rel=\"noopener\">le retour des boutons physiques<\/a>.<\/p>\n<p class=\"shortcode-container see-more\">\n    Pour aller plus loin<br \/><a href=\"https:\/\/www.frandroid.com\/marques\/volkswagen\/2533959_nous-ne-ferons-plus-jamais-cette-erreur-volkswagen-prend-une-decision-qui-va-a-contre-courant-de-tesla\" target=\"_blank\" rel=\"noopener\">\u00ab Nous ne ferons plus jamais cette erreur \u00bb : Volkswagen prend une d\u00e9cision qui va \u00e0 contre-courant de Tesla<\/a>\n            <\/p>\n<p>On en retrouve ainsi sur le volant, mais aussi toute une rang\u00e9e sous l\u2019\u00e9cran central pour la climatisation, tandis que la contre-porte conducteur voit le retour \u2013 immens\u00e9ment attendu, y compris par votre serviteur \u2013 des boutons de l\u00e8ve-vitres arri\u00e8re.<\/p>\n<p><a target=\"_blank\" href=\"https:\/\/images.frandroid.com\/wp-content\/uploads\/2025\/09\/05-interier-150dpi.jpg\" class=\"article-content__figure\" rel=\"noopener\"><img loading=\"lazy\" decoding=\"async\" width=\"1200\" height=\"675\" src=\"https:\/\/www.europesays.com\/fr\/wp-content\/uploads\/2025\/09\/05-interier-150dpi-1200x675.jpg\" alt=\"\" class=\"wp-image-2784657 wp-image\"  \/><\/a>Volkswagen ID. Cross Concept \/\/ Source : Volkswagen<\/p>\n<p>Pour continuer sur cette planche de bord, elle se compose majoritairement de deux \u00e9crans : un combin\u00e9 d\u2019instrumentation pour le conducteur de 11 pouces et un \u00e9cran central de 13 pouces. Volkswagen annonce \u00ab\u00a0une nouvelle g\u00e9n\u00e9ration de logiciels\u00a0\u00bb, mais on ne devrait pas pour autant retrouver <a href=\"https:\/\/www.frandroid.com\/marques\/rivian\/2059798_volkswagen-investit-5-milliards-de-dollars-dans-un-tout-jeune-constructeur-de-voitures-electriques\" target=\"_blank\" rel=\"noopener\">le partenariat avec Rivian<\/a> pour la partie logicielle : c\u2019est <a href=\"https:\/\/www.frandroid.com\/marques\/volkswagen\/2533699_la-volkswagen-electrique-a-20-000-e-sera-la-premiere-a-revolutionner-lecran-central-grace-a-ce-nouveau-systeme\" target=\"_blank\" rel=\"noopener\">l\u2019ID.1 <\/a>(nom temporaire), la voiture \u00e9lectrique \u00e0 20 000 euros, qui devrait l\u2019inaugurer en 2027.<\/p>\n<p><a target=\"_blank\" href=\"https:\/\/images.frandroid.com\/wp-content\/uploads\/2025\/09\/08-interier-150dpi.jpg\" class=\"article-content__figure\" rel=\"noopener\"><img loading=\"lazy\" decoding=\"async\" width=\"1200\" height=\"675\" src=\"https:\/\/www.europesays.com\/fr\/wp-content\/uploads\/2025\/09\/08-interier-150dpi-1200x675.jpg\" alt=\"\" class=\"wp-image-2784665 wp-image\"  \/><\/a>Volkswagen ID. Cross Concept \/\/ Source : Volkswagen<\/p>\n<p>Autrement, cet ID. Cross Concept promet beaucoup d\u2019espace malgr\u00e9 sa taille assez compacte. Le coffre promet une impressionnante capacit\u00e9 de 450 litres, notamment via un immense espace sous le plancher, tandis qu\u2019un coffre avant (frunk) de 25 litres permettra d\u2019y caser ses c\u00e2bles. L\u2019assise de la banquette arri\u00e8re, enfin, se rel\u00e8ve pour lib\u00e9rer un espace secret.<\/p>\n<p>Une autonomie dans la moyenne, une arriv\u00e9e fin 2026<\/p>\n<p>Ce Volkswagen ID. Cross Concept repose, comme l\u2019ID. Polo, sur une \u00e9volution de la plateforme MEB. Baptis\u00e9e MEB+, elle dispose d\u2019un moteur avant et d\u2019\u00e9volutions pour la rendre plus \u00e9conomique \u2013 m\u00eame si Volkswagen annonce tout de m\u00eame la pr\u00e9sence de \u00ab\u00a0fonctions des segments de v\u00e9hicules sup\u00e9rieurs\u00a0\u00bb, comme la <a href=\"https:\/\/www.frandroid.com\/produits-android\/672104_vehicule-autonome-quelles-sont-les-differences-entre-les-niveaux-dautonomie\" target=\"_blank\" rel=\"noopener\">conduite semi-autonome de niveau 2<\/a>.<\/p>\n<p>\t\t\t\t\t\t<a href=\"https:\/\/images.frandroid.com\/wp-content\/uploads\/2025\/09\/01-front-150dpi.jpg\" itemprop=\"url\" target=\"_blank\" rel=\"noopener\"><\/p>\n<p>\t\t\t\t\t\t\t<img class=\"wp-image\" decoding=\"async\" src=\"https:\/\/www.europesays.com\/fr\/wp-content\/uploads\/2025\/09\/01-front-150dpi.jpg\"  width=\"460\" height=\"259\" loading=\"lazy\" data-original-width=\"460\" data-original-height=\"259\" itemprop=\"http:\/\/schema.org\/image\" title=\"01_FRONT_150dpi\" alt=\"Volkswagen ID. Cross Concept \/\/ Source : Volkswagen\" style=\"width: 460px; height: 259px;\"\/><br \/>\n\t\t\t\t\t\t<\/a><\/p>\n<p>\n\t\t\t\t\t\t\t\tVolkswagen ID. Cross Concept \/\/ Source : Volkswagen\t\t\t\t\t\t\t<\/p>\n<p>\t\t\t\t\t\t<a href=\"https:\/\/images.frandroid.com\/wp-content\/uploads\/2025\/09\/02-rear-150dpi.jpg\" itemprop=\"url\" target=\"_blank\" rel=\"noopener\"><\/p>\n<p>\t\t\t\t\t\t\t<img class=\"wp-image\" decoding=\"async\" src=\"https:\/\/www.europesays.com\/fr\/wp-content\/uploads\/2025\/09\/02-rear-150dpi.jpg\"  width=\"460\" height=\"259\" loading=\"lazy\" data-original-width=\"460\" data-original-height=\"259\" itemprop=\"http:\/\/schema.org\/image\" title=\"02_REAR_150dpi\" alt=\"Volkswagen ID. Cross Concept \/\/ Source : Volkswagen\" style=\"width: 460px; height: 259px;\"\/><br \/>\n\t\t\t\t\t\t<\/a><\/p>\n<p>\n\t\t\t\t\t\t\t\tVolkswagen ID. Cross Concept \/\/ Source : Volkswagen\t\t\t\t\t\t\t<\/p>\n<p>Malgr\u00e9 sa carrosserie de SUV, l\u2019ID. Cross n\u2019est pas un v\u00e9ritable 4\u00d74 avec un seul moteur avant, de 211 ch (155 kW) sur le concept. Si la taille de la batterie n\u2019est pas communiqu\u00e9e, Volkswagen vise une autonomie \u00ab\u00a0d\u2019environ 420 kilom\u00e8tres\u00a0\u00bb selon <a href=\"https:\/\/www.frandroid.com\/comment-faire\/652748_wltp-nedc-epa-comment-mesure-t-on-lautonomie-des-voitures-electriques\" target=\"_blank\" rel=\"noopener\">le cycle WLTP<\/a>. Un chiffre dans la moyenne de la cat\u00e9gorie.<\/p>\n<p>Et si ce concept vous donne envie, bonne nouvelle : l\u2019ID. Cross ne s\u00e9rie ne tardera pas \u00e0 pointer son museau. Volkswagen annonce une pr\u00e9sentation \u00ab\u00a0pendant l\u2019\u00e9t\u00e9 2026\u00a0\u00bb, avant une commercialisation en fin d\u2019ann\u00e9e.<\/p>\n<p><a target=\"_blank\" href=\"https:\/\/images.frandroid.com\/wp-content\/uploads\/2025\/09\/01-id2-x-outdoor-2217-150dpi.jpg\" class=\"article-content__figure\" rel=\"noopener\"><img loading=\"lazy\" decoding=\"async\" width=\"1200\" height=\"800\" src=\"https:\/\/www.europesays.com\/fr\/wp-content\/uploads\/2025\/09\/01-id2-x-outdoor-2217-150dpi-1200x800.jpg\" alt=\"\" class=\"wp-image-2784645 wp-image\"  \/><\/a>Volkswagen ID. Cross Concept \/\/ Source : Volkswagen<\/p>\n<p>Quant \u00e0 ses tarifs, aucune mention, mais un indice : promis, il sera affich\u00e9 \u00ab\u00a0\u00e0 des prix tr\u00e8s attractifs\u00a0\u00bb pour mieux se battre contre les <a href=\"https:\/\/www.frandroid.com\/produits\/voitures\/renault\/2366010-renault-4-e-tech\" target=\"_blank\" rel=\"noopener\">Renault 4 E-Tech<\/a>, <a href=\"https:\/\/www.frandroid.com\/produits\/voitures\/peugeot\/1715275-peugeot-e-2008-2023\" target=\"_blank\" rel=\"noopener\">Peugeot E-2008<\/a>, <a href=\"https:\/\/www.frandroid.com\/produits\/voitures\/byd\/2501575-byd-atto-2\" target=\"_blank\" rel=\"noopener\">BYD Atto 2<\/a> ou <a href=\"https:\/\/www.frandroid.com\/produits\/voitures\/fiat\/1739255-fiat-600e\" target=\"_blank\" rel=\"noopener\">Fiat 600e<\/a>.<\/p>\n","protected":false},"excerpt":{"rendered":"Volkswagen l\u00e8ve le voile sur son ID. Cross Concept, un avant-go\u00fbt d\u2019un petit SUV concurrent des Renault 4&hellip;\n","protected":false},"author":2,"featured_media":373228,"comment_status":"","ping_status":"","sticky":false,"template":"","format":"standard","meta":{"footnotes":""},"categories":[6],"tags":[35,33,34,1011,27,49839,50735],"class_list":{"0":"post-373227","1":"post","2":"type-post","3":"status-publish","4":"format-standard","5":"has-post-thumbnail","7":"category-economie","8":"tag-business","9":"tag-economie","10":"tag-economy","11":"tag-fr","12":"tag-france","13":"tag-iaa-munich","14":"tag-volkswagen-id-cross-concept"},"share_on_mastodon":{"url":"https:\/\/pubeurope.com\/@fr\/115163706714730096","error":""},"_links":{"self":[{"href":"https:\/\/www.europesays.com\/fr\/wp-json\/wp\/v2\/posts\/373227","targetHints":{"allow":["GET"]}}],"collection":[{"href":"https:\/\/www.europesays.com\/fr\/wp-json\/wp\/v2\/posts"}],"about":[{"href":"https:\/\/www.europesays.com\/fr\/wp-json\/wp\/v2\/types\/post"}],"author":[{"embeddable":true,"href":"https:\/\/www.europesays.com\/fr\/wp-json\/wp\/v2\/users\/2"}],"replies":[{"embeddable":true,"href":"https:\/\/www.europesays.com\/fr\/wp-json\/wp\/v2\/comments?post=373227"}],"version-history":[{"count":0,"href":"https:\/\/www.europesays.com\/fr\/wp-json\/wp\/v2\/posts\/373227\/revisions"}],"wp:featuredmedia":[{"embeddable":true,"href":"https:\/\/www.europesays.com\/fr\/wp-json\/wp\/v2\/media\/373228"}],"wp:attachment":[{"href":"https:\/\/www.europesays.com\/fr\/wp-json\/wp\/v2\/media?parent=373227"}],"wp:term":[{"taxonomy":"category","embeddable":true,"href":"https:\/\/www.europesays.com\/fr\/wp-json\/wp\/v2\/categories?post=373227"},{"taxonomy":"post_tag","embeddable":true,"href":"https:\/\/www.europesays.com\/fr\/wp-json\/wp\/v2\/tags?post=373227"}],"curies":[{"name":"wp","href":"https:\/\/api.w.org\/{rel}","templated":true}]}}