{"id":373233,"date":"2025-09-07T15:26:11","date_gmt":"2025-09-07T15:26:11","guid":{"rendered":"https:\/\/www.europesays.com\/fr\/373233\/"},"modified":"2025-09-07T15:26:11","modified_gmt":"2025-09-07T15:26:11","slug":"bouscule-par-un-taureau-un-homme-meurt-ecrase-par-la-voiture-des-organisateurs-lors-dune-abrivado-a-aramon","status":"publish","type":"post","link":"https:\/\/www.europesays.com\/fr\/373233\/","title":{"rendered":"Bouscul\u00e9 par un taureau, un homme meurt \u00e9cras\u00e9 par la voiture des organisateurs lors d&rsquo;une abrivado \u00e0 Aramon"},"content":{"rendered":"<p>La f\u00eate a tourn\u00e9 au drame, \u00e0 <a href=\"https:\/\/www.laprovence.com\/gard\/aramon-30012\" target=\"_blank\" rel=\"noopener\">Aramon<\/a>. Alors que les festivit\u00e9s de la traditionnelle f\u00eate votive ont commenc\u00e9 depuis le 4 septembre, un homme a tragiquement perdu la vie, ce dimanche 7 septembre, lors d&rsquo;une abrivado. Dans une des rues de la ville, au niveau de l&rsquo;avenue Jean-Moulin, proche des ar\u00e8nes, la victime de 51 ans, au guidon de son v\u00e9lo, aurait \u00e9t\u00e9 bouscul\u00e9e par un taureau, relatent les pompiers gardois, avant qu&rsquo;un v\u00e9hicule des organisateurs ne lui roule dessus. Selon nos informations, l&rsquo;homme d\u00e9c\u00e9d\u00e9 serait le fr\u00e8re d&rsquo;un des DJ qui assuraient l&rsquo;animation.<\/p>\n<p>Le drame est survenu en fin de matin\u00e9e, vers 11h30, juste apr\u00e8s le grand retour de la gase dans la L\u00f4ne, la travers\u00e9e \u00e0 la nage par les taureaux accompagn\u00e9s de gardians \u00e0 cheval.<\/p>\n<p>Sur place, les pompiers et une \u00e9quipe du Smur 84 n&rsquo;ont pas r\u00e9ussi \u00e0 r\u00e9animer le quinquag\u00e9naire, en arr\u00eat cardiorespiratoire. Il a \u00e9t\u00e9 d\u00e9clar\u00e9 d\u00e9c\u00e9d\u00e9 sur place. L&rsquo;h\u00e9licopt\u00e8re Dunant 30 a \u00e9t\u00e9 d\u00e9clench\u00e9 mais n&rsquo;a, au final, transport\u00e9 personne. La cellule d&rsquo;urgence m\u00e9dico-psychologique (CUMP) a imm\u00e9diatement \u00e9t\u00e9 mise en place afin que les secours puissent prendre en charge les t\u00e9moins qui le souhaiteraient.<\/p>\n<p>La f\u00eate annul\u00e9e<\/p>\n<p>Lors de cette abrivade, une autre personne a \u00e9t\u00e9 bless\u00e9e. Apr\u00e8s avoir vu l&rsquo;accident, elle aurait fait un malaise, serait tomb\u00e9e se blessant \u00e0 la t\u00eate. L&rsquo;homme, \u00e2g\u00e9 de 49 ans, a \u00e9t\u00e9 pris en charge par les secours et transport\u00e9 m\u00e9dicalement au <a href=\"https:\/\/www.laprovence.com\/article\/sante\/2194153525184514\/hopital-davignon-la-certification-par-la-haute-autorite-de-sante-est-en-suspens\" target=\"_blank\" rel=\"noopener\">centre hospitalier d&rsquo;Avignon<\/a>.<\/p>\n<p>Cons\u00e9quence directe\u00a0: le maire de la commune a d\u00e9cid\u00e9 l&rsquo;arr\u00eat imm\u00e9diat de l&rsquo;ensemble des festivit\u00e9s pr\u00e9vues ce dimanche et lundi. L&rsquo;\u00e9lue fait \u00e9galement savoir que le Plan communal de sauvegarde a \u00e9t\u00e9 activ\u00e9 et qu&rsquo;une enqu\u00eate est en cours pour faire toute la lumi\u00e8re sur ce drame. \u00ab\u00a0Aucune communication compl\u00e9mentaire ne sera faite pour l&rsquo;instant\u00a0\u00bb, pr\u00e9cise la mairie dans un communiqu\u00e9.<\/p>\n<p>Cet accident taurin en rappelle un autre, survenu le 10\u00a0ao\u00fbt dernier, \u00e0 <a href=\"https:\/\/www.laprovence.com\/article\/region\/2727677578560614\/abrivados-concerts-animations-la-fete-de-la-saint-laurent-un-rendez-vous-incontournable-a-eygalieres\" target=\"_blank\" rel=\"noopener\">Eygali\u00e8res<\/a>. Positionn\u00e9e \u00e0 l&rsquo;int\u00e9rieur du parcours, <a href=\"https:\/\/www.laprovence.com\/article\/region\/29431570759179\/joel-ceaglio-l-homme-percute-par-un-taureau-dans-une-abrivado-dimanche-a-eygalieres-est-decede\" target=\"_blank\" rel=\"noopener\">la victime avait \u00e9t\u00e9 violemment percut\u00e9e par un taureau<\/a>. H\u00e9liport\u00e9 \u00e0 l&rsquo;h\u00f4pital de la Timone \u00e0 Marseille, il n&rsquo;avait pas surv\u00e9cu \u00e0 ses blessures.<\/p>\n","protected":false},"excerpt":{"rendered":"La f\u00eate a tourn\u00e9 au drame, \u00e0 Aramon. Alors que les festivit\u00e9s de la traditionnelle f\u00eate votive ont&hellip;\n","protected":false},"author":2,"featured_media":373234,"comment_status":"","ping_status":"","sticky":false,"template":"","format":"standard","meta":{"footnotes":""},"categories":[2],"tags":[17,11,30827,19556,274,1011,27,4933,5479,12,5912,50736],"class_list":{"0":"post-373233","1":"post","2":"type-post","3":"status-publish","4":"format-standard","5":"has-post-thumbnail","7":"category-actualites","8":"tag-17","9":"tag-actualites","10":"tag-bouscule","11":"tag-ecrase","12":"tag-faits-divers-justice","13":"tag-fr","14":"tag-france","15":"tag-homme","16":"tag-meurt","17":"tag-news","18":"tag-par","19":"tag-taureau"},"share_on_mastodon":{"url":"https:\/\/pubeurope.com\/@fr\/115163718166361615","error":""},"_links":{"self":[{"href":"https:\/\/www.europesays.com\/fr\/wp-json\/wp\/v2\/posts\/373233","targetHints":{"allow":["GET"]}}],"collection":[{"href":"https:\/\/www.europesays.com\/fr\/wp-json\/wp\/v2\/posts"}],"about":[{"href":"https:\/\/www.europesays.com\/fr\/wp-json\/wp\/v2\/types\/post"}],"author":[{"embeddable":true,"href":"https:\/\/www.europesays.com\/fr\/wp-json\/wp\/v2\/users\/2"}],"replies":[{"embeddable":true,"href":"https:\/\/www.europesays.com\/fr\/wp-json\/wp\/v2\/comments?post=373233"}],"version-history":[{"count":0,"href":"https:\/\/www.europesays.com\/fr\/wp-json\/wp\/v2\/posts\/373233\/revisions"}],"wp:featuredmedia":[{"embeddable":true,"href":"https:\/\/www.europesays.com\/fr\/wp-json\/wp\/v2\/media\/373234"}],"wp:attachment":[{"href":"https:\/\/www.europesays.com\/fr\/wp-json\/wp\/v2\/media?parent=373233"}],"wp:term":[{"taxonomy":"category","embeddable":true,"href":"https:\/\/www.europesays.com\/fr\/wp-json\/wp\/v2\/categories?post=373233"},{"taxonomy":"post_tag","embeddable":true,"href":"https:\/\/www.europesays.com\/fr\/wp-json\/wp\/v2\/tags?post=373233"}],"curies":[{"name":"wp","href":"https:\/\/api.w.org\/{rel}","templated":true}]}}