{"id":373245,"date":"2025-09-07T15:35:10","date_gmt":"2025-09-07T15:35:10","guid":{"rendered":"https:\/\/www.europesays.com\/fr\/373245\/"},"modified":"2025-09-07T15:35:10","modified_gmt":"2025-09-07T15:35:10","slug":"beauvoisin-il-menace-de-commettre-un-attentat-au-zevent-de-montpellier","status":"publish","type":"post","link":"https:\/\/www.europesays.com\/fr\/373245\/","title":{"rendered":"BEAUVOISIN Il menace de commettre un attentat au Zevent de Montpellier"},"content":{"rendered":"<p>Cet habitant de Beauvoisin a pass\u00e9 la nuit derri\u00e8re les barreaux&#8230;<\/p>\n<p>Un jeune adulte de 19 ans a \u00e9t\u00e9 interpell\u00e9 hier samedi dans l&rsquo;apr\u00e8s-midi par les gendarmes de la compagnie de Vauvert apr\u00e8s un signalement par la plateforme Pharos,\u00a0plateforme\u00a0gouvernementale de signalement des\u00a0contenus et des comportements en ligne illicites.<\/p>\n<p>Cet habitant de Beauvoisin, derri\u00e8re son ordinateur, n&rsquo;a rien trouv\u00e9 de mieux que de menacer de commettre un attentat lors de l&rsquo;\u00e9v\u00e8nement Zevent de Montpellier.<\/p>\n<p>Imm\u00e9diatement, les militaires ont identifi\u00e9 l&rsquo;individu et ont d\u00e9barqu\u00e9 \u00e0 son domicile. Tout le mat\u00e9riel informatique a \u00e9t\u00e9 saisi et le jeune homme a \u00e9t\u00e9 plac\u00e9 en garde \u00e0 vue.<\/p>\n<p>Lors des auditions, il a indiqu\u00e9 qu&rsquo;il s&rsquo;agissait d&rsquo;une \u00ab\u00a0blague\u00a0\u00bb et qu&rsquo;il n&rsquo;avait pas l&rsquo;intention de passer \u00e0 l&rsquo;acte.<\/p>\n<p>Il a \u00e9t\u00e9 lib\u00e9r\u00e9 ce dimanche matin en attendant les prochaines investigations\u2026<\/p>\n","protected":false},"excerpt":{"rendered":"Cet habitant de Beauvoisin a pass\u00e9 la nuit derri\u00e8re les barreaux&#8230; Un jeune adulte de 19 ans a&hellip;\n","protected":false},"author":2,"featured_media":373246,"comment_status":"","ping_status":"","sticky":false,"template":"","format":"standard","meta":{"footnotes":""},"categories":[9599],"tags":[1111,11,1777,674,1011,27,2208,12,2680,25],"class_list":{"0":"post-373245","1":"post","2":"type-post","3":"status-publish","4":"format-standard","5":"has-post-thumbnail","7":"category-montpellier","8":"tag-actu","9":"tag-actualites","10":"tag-eu","11":"tag-europe","12":"tag-fr","13":"tag-france","14":"tag-montpellier","15":"tag-news","16":"tag-occitanie","17":"tag-republique-francaise"},"share_on_mastodon":{"url":"https:\/\/pubeurope.com\/@fr\/115163753741744106","error":""},"_links":{"self":[{"href":"https:\/\/www.europesays.com\/fr\/wp-json\/wp\/v2\/posts\/373245","targetHints":{"allow":["GET"]}}],"collection":[{"href":"https:\/\/www.europesays.com\/fr\/wp-json\/wp\/v2\/posts"}],"about":[{"href":"https:\/\/www.europesays.com\/fr\/wp-json\/wp\/v2\/types\/post"}],"author":[{"embeddable":true,"href":"https:\/\/www.europesays.com\/fr\/wp-json\/wp\/v2\/users\/2"}],"replies":[{"embeddable":true,"href":"https:\/\/www.europesays.com\/fr\/wp-json\/wp\/v2\/comments?post=373245"}],"version-history":[{"count":0,"href":"https:\/\/www.europesays.com\/fr\/wp-json\/wp\/v2\/posts\/373245\/revisions"}],"wp:featuredmedia":[{"embeddable":true,"href":"https:\/\/www.europesays.com\/fr\/wp-json\/wp\/v2\/media\/373246"}],"wp:attachment":[{"href":"https:\/\/www.europesays.com\/fr\/wp-json\/wp\/v2\/media?parent=373245"}],"wp:term":[{"taxonomy":"category","embeddable":true,"href":"https:\/\/www.europesays.com\/fr\/wp-json\/wp\/v2\/categories?post=373245"},{"taxonomy":"post_tag","embeddable":true,"href":"https:\/\/www.europesays.com\/fr\/wp-json\/wp\/v2\/tags?post=373245"}],"curies":[{"name":"wp","href":"https:\/\/api.w.org\/{rel}","templated":true}]}}