{"id":373247,"date":"2025-09-07T15:36:09","date_gmt":"2025-09-07T15:36:09","guid":{"rendered":"https:\/\/www.europesays.com\/fr\/373247\/"},"modified":"2025-09-07T15:36:09","modified_gmt":"2025-09-07T15:36:09","slug":"ce-quil-sest-passe-a-rouen-cette-semaine","status":"publish","type":"post","link":"https:\/\/www.europesays.com\/fr\/373247\/","title":{"rendered":"ce qu&rsquo;il s&rsquo;est pass\u00e9 \u00e0 Rouen cette semaine"},"content":{"rendered":"<p>            Par<br \/>\n        <strong><br \/>\n            <a href=\"https:\/\/actu.fr\/auteur\/thomas-rideau\" title=\"Consulter tous les articles de Thomas Rideau\" rel=\"nofollow noopener\" target=\"_blank\">Thomas Rideau<\/a><br \/>\n        <\/strong><\/p>\n<p>        Publi\u00e9 le<\/p>\n<p>            7 sept. 2025 \u00e0 17h28        <\/p>\n<p>Que s\u2019est-il pass\u00e9 \u00e0 <a href=\"https:\/\/actu.fr\/normandie\/rouen_76540\" rel=\"nofollow noopener\" target=\"_blank\">Rouen (Seine-Maritime)<\/a> entre le 1er et le 7 septembre 2025 ? Encore une fois, <strong>l\u2019actualit\u00e9<\/strong> a \u00e9t\u00e9 charg\u00e9e lors de cette semaine de rentr\u00e9e. Et vous n\u2019avez pas tout suivi ? Pas de panique,\u00a076actu\u00a0vous propose un petit r\u00e9cap\u2019 de l\u2019actu de ces derniers jours.\u00a0<\/p>\n<p>L\u2019actu de la semaine<\/p>\n<p class=\"expresso-item wall-content\"><a title=\"Lire l&#039;article\" href=\"https:\/\/actu.fr\/normandie\/rouen_76540\/nicolas-mayer-rossignol-sera-t-il-candidat-aux-municipales-a-rouen-le-doute-subsiste_63120693.html\" rel=\"nofollow noopener\" target=\"_blank\"><strong>Nicolas Mayer-Rossignol sera-t-il candidat aux municipales \u00e0 Rouen ? Le doute subsiste\u2026<\/strong><\/a><br \/>L\u2019actuel maire et pr\u00e9sident de la m\u00e9tropole de Rouen laisse encore planer le doute sur sa candidature ou non aux prochaines \u00e9lections municipales en 2026.<\/p>\n<p class=\"expresso-item wall-content\"><a title=\"Lire l&#039;article\" href=\"https:\/\/actu.fr\/normandie\/rouen_76540\/des-etudiants-prives-de-bourse-a-rouen-a-cause-d-un-probleme-informatique-c-est-le-grand-flou_63116942.html\" rel=\"nofollow noopener\" target=\"_blank\"><strong>\u00ab\u2009C\u2019est le grand flou\u2009\u00bb : des \u00e9tudiants sont priv\u00e9s de bourse \u00e0 Rouen, voici pourquoi<\/strong><\/a><br \/>\u00c0 Rouen, des \u00e9tudiants n\u2019ont pas re\u00e7u leur bourse au d\u00e9but de mois de septembre. Un ph\u00e9nom\u00e8ne qu\u2019on d\u00e9plore au niveau du Crous qui fait face \u00e0 des probl\u00e8mes informatiques.<\/p>\n<p class=\"expresso-item wall-content\"><a title=\"Lire l&#039;article\" href=\"https:\/\/actu.fr\/normandie\/rouen_76540\/le-combat-de-ce-rouennais-pour-perdre-plus-de-110-kilos-en-un-an-j-ai-compris-que-j-allais-mourir_63110733.html\" rel=\"nofollow noopener\" target=\"_blank\"><strong>Le combat de ce Rouennais pour perdre plus de 110 kilos en un an : \u00ab\u2009J\u2019ai compris que j\u2019allais mourir\u2009\u00bb<\/strong><\/a><br \/>Saiyan Turk, de son vrai nom Eren Sahin, un streamer originaire de Rouen, s\u2019est film\u00e9 pendant un an pour raconter son combat contre l\u2019ob\u00e9sit\u00e9. Aujourd\u2019hui, il revit.<\/p>\n<p class=\"expresso-item wall-content\"><a title=\"Lire l&#039;article\" href=\"https:\/\/actu.fr\/normandie\/rouen_76540\/tentative-de-suicide-d-un-etudiant-a-la-fac-de-rouen-l-enseignant-reste-a-l-ecart-du-campus_63109862.html\" rel=\"nofollow noopener\" target=\"_blank\"><strong>Tentative de suicide d\u2019un \u00e9tudiant \u00e0 la fac de Rouen : l\u2019enseignant reste \u00e0 l\u2019\u00e9cart du campus<\/strong><\/a><br \/>L\u2019enseignant mis en cause apr\u00e8s la tentative de suicide d\u2019un \u00e9tudiant rouennais en mars dernier n\u2019est pas suspendu. Toutefois, il se tient \u00e0 l\u2019\u00e9cart du campus.<\/p>\n<p class=\"expresso-item wall-content\"><a title=\"Lire l&#039;article\" href=\"https:\/\/actu.fr\/normandie\/rouen_76540\/rouen-un-an-apres-le-fiasco-d-un-festival-de-rap-les-organisateurs-reglent-leurs-comptes-avec-le-departement_63106469.html\" rel=\"nofollow noopener\" target=\"_blank\"><strong>Rouen. Un an apr\u00e8s le fiasco d\u2019un festival de rap, les organisateurs r\u00e8glent leurs comptes avec le D\u00e9partement<\/strong><\/a><br \/>Un an apr\u00e8s l\u2019annulation du festival qui devait se tenir au Z\u00e9nith de Rouen, les organisateurs de l\u2019OHA festival montent au cr\u00e9neau et pointent du doigt le D\u00e9partement.<\/p>\n<p>Les bons plans<\/p>\n<p class=\"expresso-item wall-content\"><a title=\"Lire l&#039;article\" href=\"https:\/\/actu.fr\/normandie\/rouen_76540\/ambiance-feutree-et-jeux-de-societe-un-nouveau-bar-debarque-a-rouen-c-est-notre-bar-ideal_63116300.html\" rel=\"nofollow noopener\" target=\"_blank\"><strong>Ambiance feutr\u00e9e et jeux de soci\u00e9t\u00e9, un nouveau bar d\u00e9barque \u00e0 Rouen : \u00ab\u2009C\u2019est notre bar id\u00e9al\u2009\u00bb<\/strong><\/a><br \/>Un nouveau bar \u00e0 jeux ouvre ses portes \u00e0 Rouen (Seine-Maritime). Il se nomme Karamel et va pendre sa cr\u00e9maill\u00e8re ce samedi 6 septembre 2025. Pr\u00e9sentation.<\/p>\n<p class=\"expresso-item wall-content\"><a title=\"Lire l&#039;article\" href=\"https:\/\/actu.fr\/normandie\/maromme_76410\/festival-du-velo-cleanwalk-forum-en-septembre-cette-commune-pres-de-rouen-se-met-au-vert_63117382.html\" rel=\"nofollow noopener\" target=\"_blank\"><strong>Festival du v\u00e9lo, cleanwalk, forum\u2026 En septembre, cette commune pr\u00e8s de Rouen se met au vert<\/strong><\/a><br \/>Qui dit septembre, dit Mois de l\u2019Environnement pour la ville de Maromme. Une p\u00e9riode riche en \u00e9v\u00e9nements. Les animations commencent d\u00e8s ce samedi 6 septembre 2025.<\/p>\n<p class=\"expresso-item wall-content\"><a title=\"Lire l&#039;article\" href=\"https:\/\/actu.fr\/normandie\/rouen_76540\/vous-avez-vote-le-bar-prefere-des-rouennais-en-2025-est_63119320.html\" rel=\"nofollow noopener\" target=\"_blank\"><strong>Vous avez vot\u00e9 : le bar pr\u00e9f\u00e9r\u00e9 des Rouennais en 2025 est\u2026<\/strong><\/a><br \/>Les votes sont d\u00e9sormais termin\u00e9s, vous avez \u00e9t\u00e9 plus de 2300 \u00e0 vous exprimer et on sait qui est le bar pr\u00e9f\u00e9r\u00e9 des Rouennais en 2025. Le grand gagnant est\u2026<\/p>\n<p class=\"expresso-item wall-content\"><a title=\"Lire l&#039;article\" href=\"https:\/\/actu.fr\/normandie\/rouen_76540\/c-est-officiel-les-filles-du-rouen-metropole-basket-montent-en-ligue-2_63122996.html\" rel=\"nofollow noopener\" target=\"_blank\"><strong>C\u2019est officiel : les filles du Rouen M\u00e9tropole Basket montent en Ligue 2 !<\/strong><\/a><br \/>L\u2019attente \u00e9tait insoutenable pour l\u2019\u00e9quipe f\u00e9minine du Rouen M\u00e9tropole Basket. Mais \u00e7a y est, ce vendredi 5 septembre 2025, le verdict est tomb\u00e9 : les joueuses montent en Ligue 2 !<\/p>\n<p>Suivez l\u2019actualit\u00e9 de Rouen <a href=\"https:\/\/www.whatsapp.com\/channel\/0029VaKfnf99hXF2ddApFB1D\" rel=\"nofollow noopener\" target=\"_blank\">sur notre cha\u00eene WhatsApp<\/a> et <a href=\"https:\/\/www.tiktok.com\/@76actu.fr?lang=fr\" rel=\"nofollow noopener\" target=\"_blank\">sur notre compte TikTok<\/a><\/p>\n<p class=\" wall-content\">Personnalisez votre actualit\u00e9 en ajoutant vos villes et m\u00e9dias en favori avec <a href=\"https:\/\/moncompte.actu.fr\" title=\"D\u00e9couvez Mon Actu\" rel=\"nofollow noopener\" data-trk=\"{&quot;cta&quot;:{&quot;action&quot;:&quot;https:\\\/\\\/moncompte.actu.fr&quot;,&quot;category&quot;:&quot;mon compte&quot;,&quot;from&quot;:&quot;article footer&quot;,&quot;name&quot;:&quot;Mon actu&quot;,&quot;type&quot;:&quot;cta&quot;}}\" target=\"_blank\">Mon Actu<\/a>.<\/p>\n<p>                    <script async src=\"\/\/www.tiktok.com\/embed.js\"><\/script><\/p>\n","protected":false},"excerpt":{"rendered":"Par Thomas Rideau Publi\u00e9 le 7 sept. 2025 \u00e0 17h28 Que s\u2019est-il pass\u00e9 \u00e0 Rouen (Seine-Maritime) entre le&hellip;\n","protected":false},"author":2,"featured_media":373248,"comment_status":"","ping_status":"","sticky":false,"template":"","format":"standard","meta":{"footnotes":""},"categories":[9587],"tags":[1111,11,9086,1777,674,1011,27,1652,12,13268,5161,25,9590],"class_list":{"0":"post-373247","1":"post","2":"type-post","3":"status-publish","4":"format-standard","5":"has-post-thumbnail","7":"category-rouen","8":"tag-actu","9":"tag-actualites","10":"tag-bon-plan-a-rouen","11":"tag-eu","12":"tag-europe","13":"tag-fr","14":"tag-france","15":"tag-loisirs-culture","16":"tag-news","17":"tag-nicolas-mayer-rossignol","18":"tag-normandie","19":"tag-republique-francaise","20":"tag-rouen"},"share_on_mastodon":{"url":"https:\/\/pubeurope.com\/@fr\/115163757551967294","error":""},"_links":{"self":[{"href":"https:\/\/www.europesays.com\/fr\/wp-json\/wp\/v2\/posts\/373247","targetHints":{"allow":["GET"]}}],"collection":[{"href":"https:\/\/www.europesays.com\/fr\/wp-json\/wp\/v2\/posts"}],"about":[{"href":"https:\/\/www.europesays.com\/fr\/wp-json\/wp\/v2\/types\/post"}],"author":[{"embeddable":true,"href":"https:\/\/www.europesays.com\/fr\/wp-json\/wp\/v2\/users\/2"}],"replies":[{"embeddable":true,"href":"https:\/\/www.europesays.com\/fr\/wp-json\/wp\/v2\/comments?post=373247"}],"version-history":[{"count":0,"href":"https:\/\/www.europesays.com\/fr\/wp-json\/wp\/v2\/posts\/373247\/revisions"}],"wp:featuredmedia":[{"embeddable":true,"href":"https:\/\/www.europesays.com\/fr\/wp-json\/wp\/v2\/media\/373248"}],"wp:attachment":[{"href":"https:\/\/www.europesays.com\/fr\/wp-json\/wp\/v2\/media?parent=373247"}],"wp:term":[{"taxonomy":"category","embeddable":true,"href":"https:\/\/www.europesays.com\/fr\/wp-json\/wp\/v2\/categories?post=373247"},{"taxonomy":"post_tag","embeddable":true,"href":"https:\/\/www.europesays.com\/fr\/wp-json\/wp\/v2\/tags?post=373247"}],"curies":[{"name":"wp","href":"https:\/\/api.w.org\/{rel}","templated":true}]}}