{"id":373249,"date":"2025-09-07T15:37:16","date_gmt":"2025-09-07T15:37:16","guid":{"rendered":"https:\/\/www.europesays.com\/fr\/373249\/"},"modified":"2025-09-07T15:37:16","modified_gmt":"2025-09-07T15:37:16","slug":"lete-va-t-il-se-maintenir-ces-prochains-jours-voici-la-meteo-de-la-semaine-en-seine-maritime","status":"publish","type":"post","link":"https:\/\/www.europesays.com\/fr\/373249\/","title":{"rendered":"L&rsquo;\u00e9t\u00e9 va-t-il se maintenir ces prochains jours ? Voici la m\u00e9t\u00e9o de la semaine en Seine-Maritime"},"content":{"rendered":"<p>            Par<br \/>\n        <strong><br \/>\n            <a href=\"https:\/\/actu.fr\/auteur\/thomas-rideau\" title=\"Consulter tous les articles de Thomas Rideau\" rel=\"nofollow noopener\" target=\"_blank\">Thomas Rideau<\/a><br \/>\n        <\/strong><\/p>\n<p>        Publi\u00e9 le<\/p>\n<p>            7 sept. 2025 \u00e0 16h50        <\/p>\n<p>Alors quel temps va-t-il faire en <a href=\"https:\/\/actu.fr\/76actu\/\" rel=\"nofollow noopener\" target=\"_blank\">Seine-Maritime<\/a> pour cette nouvelle semaine du 8 au 16\u00a0septembre 2025\u2009? On essaie d\u2019y voir <strong>un peu plus clair<\/strong> et comprendre \u00e0 quelle sauce on va \u00eatre mang\u00e9.<\/p>\n<p>Plus de 20\u00a0\u00b0C \u00e0 plusieurs reprises<\/p>\n<p class=\" wall-content\">Est-ce que l\u2019\u00e9t\u00e9 va se prolonger\u2009? C\u2019est un peu ce qu\u2019annoncent les pr\u00e9visionnistes de <a href=\"https:\/\/actu.fr\/meteo\/\" rel=\"nofollow noopener\" target=\"_blank\">M\u00e9t\u00e9o France<\/a> pour notre d\u00e9partement ces prochains jours. <strong>Un grand soleil<\/strong> va briller tous les jours de la semaine.<\/p>\n<p class=\" wall-content\"><strong>La pluie<\/strong> va faire son apparition par intermittence jeudi et vendredi. Dans le m\u00eame temps, les temp\u00e9ratures vont se maintenir autour de 20\u00a0\u00b0C. Et m\u00eame atteindre 22 et 23\u00b0C d\u00e8s ce lundi.<\/p>\n<p class=\" wall-content\">Il va falloir en profiter, car les mod\u00e8les indiquent un weekend tr\u00e8s maussade avec beaucoup de pluie et <strong>une petite chute<\/strong> au niveau des temp\u00e9ratures.<\/p>\n<p class=\" wall-content\">Personnalisez votre actualit\u00e9 en ajoutant vos villes et m\u00e9dias en favori avec <a href=\"https:\/\/moncompte.actu.fr\" title=\"D\u00e9couvez Mon Actu\" rel=\"nofollow noopener\" data-trk=\"{&quot;cta&quot;:{&quot;action&quot;:&quot;https:\\\/\\\/moncompte.actu.fr&quot;,&quot;category&quot;:&quot;mon compte&quot;,&quot;from&quot;:&quot;article footer&quot;,&quot;name&quot;:&quot;Mon actu&quot;,&quot;type&quot;:&quot;cta&quot;}}\" target=\"_blank\">Mon Actu<\/a>.<\/p>\n","protected":false},"excerpt":{"rendered":"Par Thomas Rideau Publi\u00e9 le 7 sept. 2025 \u00e0 16h50 Alors quel temps va-t-il faire en Seine-Maritime pour&hellip;\n","protected":false},"author":2,"featured_media":373250,"comment_status":"","ping_status":"","sticky":false,"template":"","format":"standard","meta":{"footnotes":""},"categories":[9587],"tags":[1111,11,1777,674,1011,27,1652,2357,12,5161,25,9590],"class_list":{"0":"post-373249","1":"post","2":"type-post","3":"status-publish","4":"format-standard","5":"has-post-thumbnail","7":"category-rouen","8":"tag-actu","9":"tag-actualites","10":"tag-eu","11":"tag-europe","12":"tag-fr","13":"tag-france","14":"tag-loisirs-culture","15":"tag-meteo-france","16":"tag-news","17":"tag-normandie","18":"tag-republique-francaise","19":"tag-rouen"},"share_on_mastodon":{"url":"https:\/\/pubeurope.com\/@fr\/115163761465292972","error":""},"_links":{"self":[{"href":"https:\/\/www.europesays.com\/fr\/wp-json\/wp\/v2\/posts\/373249","targetHints":{"allow":["GET"]}}],"collection":[{"href":"https:\/\/www.europesays.com\/fr\/wp-json\/wp\/v2\/posts"}],"about":[{"href":"https:\/\/www.europesays.com\/fr\/wp-json\/wp\/v2\/types\/post"}],"author":[{"embeddable":true,"href":"https:\/\/www.europesays.com\/fr\/wp-json\/wp\/v2\/users\/2"}],"replies":[{"embeddable":true,"href":"https:\/\/www.europesays.com\/fr\/wp-json\/wp\/v2\/comments?post=373249"}],"version-history":[{"count":0,"href":"https:\/\/www.europesays.com\/fr\/wp-json\/wp\/v2\/posts\/373249\/revisions"}],"wp:featuredmedia":[{"embeddable":true,"href":"https:\/\/www.europesays.com\/fr\/wp-json\/wp\/v2\/media\/373250"}],"wp:attachment":[{"href":"https:\/\/www.europesays.com\/fr\/wp-json\/wp\/v2\/media?parent=373249"}],"wp:term":[{"taxonomy":"category","embeddable":true,"href":"https:\/\/www.europesays.com\/fr\/wp-json\/wp\/v2\/categories?post=373249"},{"taxonomy":"post_tag","embeddable":true,"href":"https:\/\/www.europesays.com\/fr\/wp-json\/wp\/v2\/tags?post=373249"}],"curies":[{"name":"wp","href":"https:\/\/api.w.org\/{rel}","templated":true}]}}