{"id":373253,"date":"2025-09-07T15:40:42","date_gmt":"2025-09-07T15:40:42","guid":{"rendered":"https:\/\/www.europesays.com\/fr\/373253\/"},"modified":"2025-09-07T15:40:42","modified_gmt":"2025-09-07T15:40:42","slug":"pro-d2-la-rabine-attend-sa-premiere-fete-grenoble-et-colomiers-deja-en-embuscade","status":"publish","type":"post","link":"https:\/\/www.europesays.com\/fr\/373253\/","title":{"rendered":"PRO D2. La Rabine attend sa premi\u00e8re f\u00eate, Grenoble et Colomiers d\u00e9j\u00e0 en embuscade ?"},"content":{"rendered":"<p data-start=\"814\" data-end=\"1250\">La <a href=\"https:\/\/www.lerugbynistere.fr\/championnats\/pro-d2\" ui-sref=\"app.competition({competitionId: 2})\" alt=\"Pro D2\" data-route=\"app.competition\" data-param=\"competitionId\" data-id=\"2\" rel=\"nofollow noopener\" target=\"_blank\">Pro D2<\/a> a repris sur les chapeaux de roue et cette deuxi\u00e8me journ\u00e9e s\u2019annonce d\u00e9j\u00e0\u00a0importante pour certains clubs. Tous les regards seront tourn\u00e9s vendredi soir vers La Rabine, o\u00f9 le RC <a href=\"https:\/\/www.lerugbynistere.fr\/clubs\/rc-vannes.php\" ui-sref=\"app.team({teamId: 126})\" alt=\"Vannes\" data-route=\"app.team\" data-param=\"teamId\" data-id=\"126\" rel=\"nofollow noopener\" target=\"_blank\">Vannes<\/a> disputera son premier match \u00e0 domicile face au SA XV. <strong>Une affiche particuli\u00e8re pour deux formations qui se connaissent par c\u0153ur depuis leurs ann\u00e9es de F\u00e9d\u00e9rale 1<\/strong>, et qui arrivent avec des ambitions bien diff\u00e9rentes.<\/p>\n<p>Une entr\u00e9e en mati\u00e8re particuli\u00e8re<\/p>\n<blockquote class=\"twitter-tweet\"><p>&#13;<\/p>\n<p lang=\"fr\" dir=\"ltr\">Impossible de les d\u00e9partager \ud83d\ude2e<br \/>Le choc entre le <a href=\"https:\/\/twitter.com\/CABCLRUGBY?ref_src=twsrc%5Etfw\" rel=\"nofollow noopener\" target=\"_blank\">@CABCLRUGBY<\/a> et le <a href=\"https:\/\/twitter.com\/RugbyClubVannes?ref_src=twsrc%5Etfw\" rel=\"nofollow noopener\" target=\"_blank\">@RugbyClubVannes<\/a> a tenu toutes ses promesses mais n&rsquo;a pas pu d\u00e9terminer un vainqueur \u2696\ufe0f<a href=\"https:\/\/twitter.com\/hashtag\/PROD2?src=hash&amp;ref_src=twsrc%5Etfw\" rel=\"nofollow noopener\" target=\"_blank\">#PROD2<\/a> <a href=\"https:\/\/t.co\/JQ0uDpE7UU\" rel=\"nofollow\">pic.twitter.com\/JQ0uDpE7UU<\/a><\/p>\n<p>&#13;<br \/>\n\u2014 Rugby PRO D2 (@rugbyprod2) <a href=\"https:\/\/twitter.com\/rugbyprod2\/status\/1961895790089023585?ref_src=twsrc%5Etfw\" rel=\"nofollow noopener\" target=\"_blank\">August 30, 2025<\/a><\/p><\/blockquote>\n<p data-start=\"1252\" data-end=\"1704\">Vannes, rel\u00e9gu\u00e9 du <a href=\"https:\/\/www.lerugbynistere.fr\/championnats\/top-14\" ui-sref=\"app.competition({competitionId: 1})\" alt=\"Top 14\" data-route=\"app.competition\" data-param=\"competitionId\" data-id=\"1\" rel=\"nofollow noopener\" target=\"_blank\">Top 14<\/a>, n\u2019a pas manqu\u00e9 son retour en deuxi\u00e8me division. Sur la pelouse de <a href=\"https:\/\/www.lerugbynistere.fr\/clubs\/cabcl-brive.php\" ui-sref=\"app.team({teamId: 35})\" alt=\"Brive\" data-route=\"app.team\" data-param=\"teamId\" data-id=\"35\" rel=\"nofollow noopener\" target=\"_blank\">Brive<\/a>, l\u2019un des favoris, les Bretons ont montr\u00e9 du caract\u00e8re. R\u00e9duits \u00e0 14 d\u00e8s la 16e minute apr\u00e8s le carton rouge de Saili, men\u00e9s 17-0, ils sont revenus dans la partie jusqu\u2019\u00e0 mener 30-20 \u00e0 dix minutes du terme. <strong>Un sc\u00e9nario finalement g\u00e2ch\u00e9 par une erreur de Lafage, synonyme de nul 30-30.<\/strong> Frustrant sur le plan comptable, mais encourageant sur le contenu.<\/p>\n<p data-start=\"1706\" data-end=\"2244\">Ce vendredi, le stade de La Rabine sera\u00a0de nouveau \u00e0 guichets ferm\u00e9s, pour la 28e fois cons\u00e9cutive, afin d\u2019encourager ses prot\u00e9g\u00e9s. Jean-No\u00ebl Spitzer devra composer sans Saili, suspendu, ni Kalamafoni, touch\u00e9 contre Brive. Mais l\u2019entra\u00eeneur vannetais pourra compter sur des retours importants : <a href=\"https:\/\/www.lerugbynistere.fr\/fiches-joueurs\/michael-ruru.php\" ui-sref=\"app.player({playerId: 8510})\" alt=\"Michael Ruru\" data-route=\"app.player\" data-param=\"playerId\" data-id=\"8510\" rel=\"nofollow noopener\" target=\"_blank\">Michael Ruru<\/a> \u00e0 la m\u00eal\u00e9e, l\u2019international \u00e9cossais Cherry au talon, l\u2019ailier anglais Stevenson<strong> et surtout <a href=\"https:\/\/www.lerugbynistere.fr\/fiches-joueurs\/anthony-bouthier.php\" ui-sref=\"app.player({playerId: 6544})\" alt=\"Anthony Bouthier\" data-route=\"app.player\" data-param=\"playerId\" data-id=\"6544\" rel=\"nofollow noopener\" target=\"_blank\">Anthony Bouthier<\/a>, de retour au bercail apr\u00e8s six saisons \u00e0 <a href=\"https:\/\/www.lerugbynistere.fr\/clubs\/mhrc-montpellier.php\" ui-sref=\"app.team({teamId: 36})\" alt=\"Montpellier\" data-route=\"app.team\" data-param=\"teamId\" data-id=\"36\" rel=\"nofollow noopener\" target=\"_blank\">Montpellier<\/a>.<\/strong> Des renforts de poids pour affronter un SA XV revanchard.<\/p>\n<p data-start=\"1706\" data-end=\"2244\"><a class=\"inserer_lien_article\" href=\"https:\/\/www.lerugbynistere.fr\/news\/top-14-et-si-ladversaire-le-plus-dangereux-pour-le-stade-toulousain-netait-pas-celui-auquel-vous-pensez-0209251354.php\" data-id=\"45993\" data-route=\"app.article\" data-param=\"articleId\" ui-sref=\"app.article({articleId: 45993})\" alt=\"TOP 14. Et si l&#039;adversaire le plus dangereux pour le Stade Toulousain n&#039;\u00e9tait pas celui auquel vous pensez ?\" title=\"TOP 14. Et si l&#039;adversaire le plus dangereux pour le Stade Toulousain n&#039;\u00e9tait pas celui auquel vous pensez ?\" rel=\"nofollow noopener\" target=\"_blank\"><img decoding=\"async\" src=\"https:\/\/www.europesays.com\/fr\/wp-content\/uploads\/2025\/09\/top-14-et-si-ladversaire-le-plus-dangereux-pour-le-stade-toulousain-netait-pas-celui-auquel-vous-pen.jpeg\" alt=\"TOP 14. Et si l'adversaire le plus dangereux pour le Stade Toulousain n'\u00e9tait pas celui auquel vous pensez ?\"\/>TOP 14. Et si l&rsquo;adversaire le plus dangereux pour le Stade Toulousain n&rsquo;\u00e9tait pas celui auquel vous pensez ?<\/a><\/p>\n<p data-start=\"2246\" data-end=\"2715\">Car Soyaux-<a href=\"https:\/\/www.lerugbynistere.fr\/clubs\/sa-xv.php\" ui-sref=\"app.team({teamId: 123})\" alt=\"Angoul\u00eame\" data-route=\"app.team\" data-param=\"teamId\" data-id=\"123\" rel=\"nofollow noopener\" target=\"_blank\">Angoul\u00eame<\/a> a impressionn\u00e9 d\u00e8s son entr\u00e9e en lice. Vainqueurs de <a href=\"https:\/\/www.lerugbynistere.fr\/amateur\/provence\/\" ui-sref=\"app.committee\" alt=\"Provence\" data-route=\"app.committee\" data-param=\"committeeId\" data-id=\"33\" rel=\"nofollow noopener\" target=\"_blank\">Provence<\/a> Rugby (28-25), les Charentais ont rappel\u00e9 qu\u2019ils \u00e9taient capables de rivaliser physiquement avec n\u2019importe qui. Botica \u00e0 l\u2019ouverture a \u00e9t\u00e9 d\u00e9cisif, et les avants ont livr\u00e9 un sacr\u00e9 combat. Alexandre Ruiz, leur manager, a d\u2019ailleurs insist\u00e9 sur le caract\u00e8re retrouv\u00e9 de son \u00e9quipe. <strong>\u00c0 Vannes, les Angoumoisins n\u2019auront rien \u00e0 perdre et viendront chercher un coup d\u2019\u00e9clat.<\/strong><\/p>\n<blockquote class=\"twitter-tweet\"><p>&#13;<\/p>\n<p lang=\"fr\" dir=\"ltr\">Les m\u00eal\u00e9es du <a href=\"https:\/\/twitter.com\/SMR_Rugby?ref_src=twsrc%5Etfw\" rel=\"nofollow noopener\" target=\"_blank\">@SMR_Rugby<\/a> vont faire des d\u00e9g\u00e2ts cette saison \ud83d\udca5<a href=\"https:\/\/twitter.com\/hashtag\/PROD2?src=hash&amp;ref_src=twsrc%5Etfw\" rel=\"nofollow noopener\" target=\"_blank\">#PROD2<\/a> <a href=\"https:\/\/t.co\/6IVYuMrtzC\" rel=\"nofollow\">pic.twitter.com\/6IVYuMrtzC<\/a><\/p>\n<p>&#13;<br \/>\n\u2014 Rugby PRO D2 (@rugbyprod2) <a href=\"https:\/\/twitter.com\/rugbyprod2\/status\/1963541497153736876?ref_src=twsrc%5Etfw\" rel=\"nofollow noopener\" target=\"_blank\">September 4, 2025<\/a><\/p><\/blockquote>\n<p>Le reste du <a href=\"https:\/\/www.lerugbynistere.fr\/programme-tv\/\" ui-sref=\"app.calendar\" alt=\"Programme\" data-route=\"app.calendar\" data-param=\"\" data-id=\"\" rel=\"nofollow noopener\" target=\"_blank\">programme<\/a> du week-end<\/p>\n<p data-start=\"2717\" data-end=\"3194\">Derri\u00e8re cette affiche phare, la journ\u00e9e propose d\u2019autres enjeux majeurs.<strong> <a href=\"https:\/\/www.lerugbynistere.fr\/clubs\/fcg-grenoble.php\" ui-sref=\"app.team({teamId: 38})\" alt=\"Grenoble\" data-route=\"app.team\" data-param=\"teamId\" data-id=\"38\" rel=\"nofollow noopener\" target=\"_blank\">Grenoble<\/a>, finaliste malheureux la saison derni\u00e8re, a parfaitement lanc\u00e9 sa saison en allant gagner \u00e0 <a href=\"https:\/\/www.lerugbynistere.fr\/clubs\/us-oyonnax.php\" ui-sref=\"app.team({teamId: 37})\" alt=\"Oyonnax\" data-route=\"app.team\" data-param=\"teamId\" data-id=\"37\" rel=\"nofollow noopener\" target=\"_blank\">Oyonnax<\/a> (30-28).<\/strong> Recevoir <a href=\"https:\/\/www.lerugbynistere.fr\/clubs\/stade-aurillacois.php\" ui-sref=\"app.team({teamId: 57})\" alt=\"Aurillac\" data-route=\"app.team\" data-param=\"teamId\" data-id=\"57\" rel=\"nofollow noopener\" target=\"_blank\">Aurillac<\/a> leur donne l\u2019occasion de confirmer et de s\u2019installer dans le wagon de t\u00eate. <a href=\"https:\/\/www.lerugbynistere.fr\/clubs\/us-colomiers.php\" ui-sref=\"app.team({teamId: 48})\" alt=\"Colomiers\" data-route=\"app.team\" data-param=\"teamId\" data-id=\"48\" rel=\"nofollow noopener\" target=\"_blank\">Colomiers<\/a>, solide vainqueur \u00e0 <a href=\"https:\/\/www.lerugbynistere.fr\/clubs\/stade-montois-rugby.php\" ui-sref=\"app.team({teamId: 47})\" alt=\"Mont-de-Marsan\" data-route=\"app.team\" data-param=\"teamId\" data-id=\"47\" rel=\"nofollow noopener\" target=\"_blank\">Mont-de-Marsan<\/a> (24-20), accueille <a href=\"https:\/\/www.lerugbynistere.fr\/clubs\/bo-biarritz-olympique.php\" ui-sref=\"app.team({teamId: 56})\" alt=\"Biarritz\" data-route=\"app.team\" data-param=\"teamId\" data-id=\"56\" rel=\"nofollow noopener\" target=\"_blank\">Biarritz<\/a> en ouverture d\u00e8s jeudi soir. De quoi valider un d\u00e9part parfait face \u00e0 un BO p\u00e9nalis\u00e9 de trois points administratifs.<\/p>\n<p data-start=\"3196\" data-end=\"3411\"><strong>En bas de tableau, <a href=\"https:\/\/www.lerugbynistere.fr\/clubs\/su-agen.php\" ui-sref=\"app.team({teamId: 39})\" alt=\"Agen\" data-route=\"app.team\" data-param=\"teamId\" data-id=\"39\" rel=\"nofollow noopener\" target=\"_blank\">Agen<\/a> et <a href=\"https:\/\/www.lerugbynistere.fr\/clubs\/us-carcassonne.php\" ui-sref=\"app.team({teamId: 55})\" alt=\"Carcassonne\" data-route=\"app.team\" data-param=\"teamId\" data-id=\"55\" rel=\"nofollow noopener\" target=\"_blank\">Carcassonne<\/a> doivent r\u00e9agir.<\/strong> Les Agenais, encore marqu\u00e9s par leur saison gal\u00e8re, affrontent Mont-de-Marsan, pendant que le promu carcassonnais cherchera son premier succ\u00e8s contre Oyonnax.<\/p>\n<blockquote class=\"twitter-tweet\"><p>&#13;<\/p>\n<p lang=\"fr\" dir=\"ltr\">2\u1d49 round de la saison <a href=\"https:\/\/twitter.com\/hashtag\/PROD2?src=hash&amp;ref_src=twsrc%5Etfw\" rel=\"nofollow noopener\" target=\"_blank\">#PROD2<\/a> \ud83e\udd29<br \/>\u00c7a d\u00e9marre d\u00e8s ce soir avec le duel entre <a href=\"https:\/\/twitter.com\/ColomiersRugby?ref_src=twsrc%5Etfw\" rel=\"nofollow noopener\" target=\"_blank\">@ColomiersRugby<\/a> et <a href=\"https:\/\/twitter.com\/BOPBweb?ref_src=twsrc%5Etfw\" rel=\"nofollow noopener\" target=\"_blank\">@BOPBweb<\/a> \ud83d\udd25<\/p>\n<p>Le d\u00e9tail des matchs est disponible sur <a href=\"https:\/\/t.co\/AqjHYckZdX\" rel=\"nofollow\">https:\/\/t.co\/AqjHYckZdX<\/a> <a href=\"https:\/\/t.co\/hwuWouCuvF\" rel=\"nofollow\">pic.twitter.com\/hwuWouCuvF<\/a><\/p>\n<p>&#13;<br \/>\n\u2014 Rugby PRO D2 (@rugbyprod2) <a href=\"https:\/\/twitter.com\/rugbyprod2\/status\/1963512041777381433?ref_src=twsrc%5Etfw\" rel=\"nofollow noopener\" target=\"_blank\">September 4, 2025<\/a><\/p><\/blockquote>\n<p data-start=\"3413\" data-end=\"3611\">La Pro D2 ne laisse d\u00e9cid\u00e9ment aucun r\u00e9pit. Et \u00e0 La Rabine, ce vendredi, c\u2019est d\u00e9j\u00e0 une question d\u2019autorit\u00e9 : <strong>Vannes doit lancer sa saison pour ne pas laisser filer les locomotives du championnat.<\/strong><\/p>\n<p>                            <script async src=\"https:\/\/platform.twitter.com\/widgets.js\" charset=\"utf-8\"><\/script><\/p>\n","protected":false},"excerpt":{"rendered":"La Pro D2 a repris sur les chapeaux de roue et cette deuxi\u00e8me journ\u00e9e s\u2019annonce d\u00e9j\u00e0\u00a0importante pour certains&hellip;\n","protected":false},"author":2,"featured_media":373254,"comment_status":"","ping_status":"","sticky":false,"template":"","format":"standard","meta":{"footnotes":""},"categories":[9566],"tags":[1111,11,2430,1777,674,1011,27,2731,12,25],"class_list":{"0":"post-373253","1":"post","2":"type-post","3":"status-publish","4":"format-standard","5":"has-post-thumbnail","7":"category-grenoble","8":"tag-actu","9":"tag-actualites","10":"tag-auvergne-rhone-alpes","11":"tag-eu","12":"tag-europe","13":"tag-fr","14":"tag-france","15":"tag-grenoble","16":"tag-news","17":"tag-republique-francaise"},"share_on_mastodon":{"url":"https:\/\/pubeurope.com\/@fr\/115163773561180964","error":""},"_links":{"self":[{"href":"https:\/\/www.europesays.com\/fr\/wp-json\/wp\/v2\/posts\/373253","targetHints":{"allow":["GET"]}}],"collection":[{"href":"https:\/\/www.europesays.com\/fr\/wp-json\/wp\/v2\/posts"}],"about":[{"href":"https:\/\/www.europesays.com\/fr\/wp-json\/wp\/v2\/types\/post"}],"author":[{"embeddable":true,"href":"https:\/\/www.europesays.com\/fr\/wp-json\/wp\/v2\/users\/2"}],"replies":[{"embeddable":true,"href":"https:\/\/www.europesays.com\/fr\/wp-json\/wp\/v2\/comments?post=373253"}],"version-history":[{"count":0,"href":"https:\/\/www.europesays.com\/fr\/wp-json\/wp\/v2\/posts\/373253\/revisions"}],"wp:featuredmedia":[{"embeddable":true,"href":"https:\/\/www.europesays.com\/fr\/wp-json\/wp\/v2\/media\/373254"}],"wp:attachment":[{"href":"https:\/\/www.europesays.com\/fr\/wp-json\/wp\/v2\/media?parent=373253"}],"wp:term":[{"taxonomy":"category","embeddable":true,"href":"https:\/\/www.europesays.com\/fr\/wp-json\/wp\/v2\/categories?post=373253"},{"taxonomy":"post_tag","embeddable":true,"href":"https:\/\/www.europesays.com\/fr\/wp-json\/wp\/v2\/tags?post=373253"}],"curies":[{"name":"wp","href":"https:\/\/api.w.org\/{rel}","templated":true}]}}