{"id":373255,"date":"2025-09-07T15:41:13","date_gmt":"2025-09-07T15:41:13","guid":{"rendered":"https:\/\/www.europesays.com\/fr\/373255\/"},"modified":"2025-09-07T15:41:13","modified_gmt":"2025-09-07T15:41:13","slug":"pres-de-rennes-deux-hommes-interpelles-au-cours-dun-cambriolage","status":"publish","type":"post","link":"https:\/\/www.europesays.com\/fr\/373255\/","title":{"rendered":"Pr\u00e8s de Rennes deux hommes interpell\u00e9s au cours d\u2019un cambriolage"},"content":{"rendered":"<p>Vers 4 h, alors qu\u2019ils venaient de p\u00e9n\u00e9trer dans les lieux, l\u2019alarme install\u00e9e dans l\u2019habitation s\u2019est d\u00e9clench\u00e9e. Alert\u00e9s les policiers ont pu rapidement intervenir, prenant les voleurs la main dans le sac. Lors de leur interpellation ils avaient avec eux leur butin contenant des bijoux. Apr\u00e8s avoir \u00e9t\u00e9 arr\u00eat\u00e9s en flagrant d\u00e9lit, les deux individus \u00e2g\u00e9s de 36 ans et 37 ans, ont \u00e9t\u00e9 plac\u00e9s en garde \u00e0 vue. Une enqu\u00eate a \u00e9t\u00e9 ouverte sur ces faits.<\/p>\n","protected":false},"excerpt":{"rendered":"Vers 4 h, alors qu\u2019ils venaient de p\u00e9n\u00e9trer dans les lieux, l\u2019alarme install\u00e9e dans l\u2019habitation s\u2019est d\u00e9clench\u00e9e. Alert\u00e9s&hellip;\n","protected":false},"author":2,"featured_media":373256,"comment_status":"","ping_status":"","sticky":false,"template":"","format":"standard","meta":{"footnotes":""},"categories":[2821],"tags":[1111,11,829,4099,765,1777,674,118,1011,27,848,12,584,25],"class_list":{"0":"post-373255","1":"post","2":"type-post","3":"status-publish","4":"format-standard","5":"has-post-thumbnail","7":"category-rennes","8":"tag-actu","9":"tag-actualites","10":"tag-bretagne","11":"tag-cesson-sevigne","12":"tag-en-continu","13":"tag-eu","14":"tag-europe","15":"tag-faits-divers","16":"tag-fr","17":"tag-france","18":"tag-ille-et-vilaine","19":"tag-news","20":"tag-rennes","21":"tag-republique-francaise"},"share_on_mastodon":{"url":"","error":""},"_links":{"self":[{"href":"https:\/\/www.europesays.com\/fr\/wp-json\/wp\/v2\/posts\/373255","targetHints":{"allow":["GET"]}}],"collection":[{"href":"https:\/\/www.europesays.com\/fr\/wp-json\/wp\/v2\/posts"}],"about":[{"href":"https:\/\/www.europesays.com\/fr\/wp-json\/wp\/v2\/types\/post"}],"author":[{"embeddable":true,"href":"https:\/\/www.europesays.com\/fr\/wp-json\/wp\/v2\/users\/2"}],"replies":[{"embeddable":true,"href":"https:\/\/www.europesays.com\/fr\/wp-json\/wp\/v2\/comments?post=373255"}],"version-history":[{"count":0,"href":"https:\/\/www.europesays.com\/fr\/wp-json\/wp\/v2\/posts\/373255\/revisions"}],"wp:featuredmedia":[{"embeddable":true,"href":"https:\/\/www.europesays.com\/fr\/wp-json\/wp\/v2\/media\/373256"}],"wp:attachment":[{"href":"https:\/\/www.europesays.com\/fr\/wp-json\/wp\/v2\/media?parent=373255"}],"wp:term":[{"taxonomy":"category","embeddable":true,"href":"https:\/\/www.europesays.com\/fr\/wp-json\/wp\/v2\/categories?post=373255"},{"taxonomy":"post_tag","embeddable":true,"href":"https:\/\/www.europesays.com\/fr\/wp-json\/wp\/v2\/tags?post=373255"}],"curies":[{"name":"wp","href":"https:\/\/api.w.org\/{rel}","templated":true}]}}