{"id":373257,"date":"2025-09-07T15:45:13","date_gmt":"2025-09-07T15:45:13","guid":{"rendered":"https:\/\/www.europesays.com\/fr\/373257\/"},"modified":"2025-09-07T15:45:13","modified_gmt":"2025-09-07T15:45:13","slug":"muesser-et-wagner-remportent-le-premier-p1000-du-gpadel-strasbourg","status":"publish","type":"post","link":"https:\/\/www.europesays.com\/fr\/373257\/","title":{"rendered":"Muesser et Wagner remportent le premier P1000 du GPadel Strasbourg"},"content":{"rendered":"<p>La premi\u00e8re \u00e9dition du <strong>P1000 GPadel Strasbourg<\/strong> a souri aux locaux. <strong>Yanis Muesser et Simon Wagner<\/strong> ont renvers\u00e9 <strong>Julien Motz et Guillaume Ledrap<\/strong> en finale : <strong>1\/6 6\/4 6\/2<\/strong>.<\/p>\n<p>Un d\u00e9part rat\u00e9, puis la r\u00e9action<\/p>\n<p>La finale avait pourtant mal commenc\u00e9 pour Muesser et Wagner. Pris de vitesse par un <strong>Julien Motz hyper agressif au filet<\/strong>, les Strasbourgeois subissent et conc\u00e8dent le premier set 6\/1.<\/p>\n<p>Mais la r\u00e9action est imm\u00e9diate. D\u00e8s l\u2019entame du deuxi\u00e8me acte, Muesser et Wagner r\u00e9alisent le break et conservent leur avantage jusqu\u2019au bout (6\/4). Dans la manche d\u00e9cisive, ils maintiennent la pression, profitant de la baisse de r\u00e9gime de leurs adversaires pour s\u2019envoler et conclure 6\/2.<\/p>\n<p>Un retour gagnant pour le duo alsacien<\/p>\n<p>Ce succ\u00e8s marque le <strong>deuxi\u00e8me P1000 remport\u00e9 ensemble cette saison<\/strong> apr\u00e8s Besan\u00e7on en juin. S\u00e9par\u00e9s entre 2021 et 2023 pour des raisons de carri\u00e8re et de distance, Muesser et Wagner ont d\u00e9cid\u00e9 de reformer ponctuellement leur duo, et les r\u00e9sultats bon : invaincus en France cette ann\u00e9e et d\u00e9sormais titr\u00e9s \u00e0 domicile.<\/p>\n<p><img loading=\"lazy\" decoding=\"async\" data-del=\"avatar\" alt=\"Benjamin Dupouy\" src=\"https:\/\/www.europesays.com\/fr\/wp-content\/uploads\/2025\/04\/IMG_5219-150x150.jpg\" class=\"avatar pp-user-avatar avatar-100 photo \" height=\"100\" width=\"100\"\/><\/p>\n<p>J\u2019ai d\u00e9couvert le padel directement lors d\u2019un tournoi, et franchement, je n\u2019ai pas trop accroch\u00e9 au d\u00e9but. Mais la deuxi\u00e8me fois, \u00e7a a \u00e9t\u00e9 le coup de foudre, et depuis, je ne rate plus un seul match. Je suis m\u00eame pr\u00eat \u00e0 rester \u00e9veill\u00e9 jusqu\u2019\u00e0 3h du matin pour regarder une finale de Premier Padel !<\/p>\n<p class=\"related-title\">Sur le m\u00eame sujet<\/p>\n","protected":false},"excerpt":{"rendered":"La premi\u00e8re \u00e9dition du P1000 GPadel Strasbourg a souri aux locaux. Yanis Muesser et Simon Wagner ont renvers\u00e9&hellip;\n","protected":false},"author":2,"featured_media":373258,"comment_status":"","ping_status":"","sticky":false,"template":"","format":"standard","meta":{"footnotes":""},"categories":[2820],"tags":[1111,11,1777,674,1011,27,775,12,15168,25,640],"class_list":{"0":"post-373257","1":"post","2":"type-post","3":"status-publish","4":"format-standard","5":"has-post-thumbnail","7":"category-strasbourg","8":"tag-actu","9":"tag-actualites","10":"tag-eu","11":"tag-europe","12":"tag-fr","13":"tag-france","14":"tag-grand-est","15":"tag-news","16":"tag-p1000","17":"tag-republique-francaise","18":"tag-strasbourg"},"share_on_mastodon":{"url":"https:\/\/pubeurope.com\/@fr\/115163792991631217","error":""},"_links":{"self":[{"href":"https:\/\/www.europesays.com\/fr\/wp-json\/wp\/v2\/posts\/373257","targetHints":{"allow":["GET"]}}],"collection":[{"href":"https:\/\/www.europesays.com\/fr\/wp-json\/wp\/v2\/posts"}],"about":[{"href":"https:\/\/www.europesays.com\/fr\/wp-json\/wp\/v2\/types\/post"}],"author":[{"embeddable":true,"href":"https:\/\/www.europesays.com\/fr\/wp-json\/wp\/v2\/users\/2"}],"replies":[{"embeddable":true,"href":"https:\/\/www.europesays.com\/fr\/wp-json\/wp\/v2\/comments?post=373257"}],"version-history":[{"count":0,"href":"https:\/\/www.europesays.com\/fr\/wp-json\/wp\/v2\/posts\/373257\/revisions"}],"wp:featuredmedia":[{"embeddable":true,"href":"https:\/\/www.europesays.com\/fr\/wp-json\/wp\/v2\/media\/373258"}],"wp:attachment":[{"href":"https:\/\/www.europesays.com\/fr\/wp-json\/wp\/v2\/media?parent=373257"}],"wp:term":[{"taxonomy":"category","embeddable":true,"href":"https:\/\/www.europesays.com\/fr\/wp-json\/wp\/v2\/categories?post=373257"},{"taxonomy":"post_tag","embeddable":true,"href":"https:\/\/www.europesays.com\/fr\/wp-json\/wp\/v2\/tags?post=373257"}],"curies":[{"name":"wp","href":"https:\/\/api.w.org\/{rel}","templated":true}]}}