{"id":373259,"date":"2025-09-07T15:46:12","date_gmt":"2025-09-07T15:46:12","guid":{"rendered":"https:\/\/www.europesays.com\/fr\/373259\/"},"modified":"2025-09-07T15:46:12","modified_gmt":"2025-09-07T15:46:12","slug":"223-000-visiteurs-et-un-triomphe-pour-lexpo-matisse-mediterranees","status":"publish","type":"post","link":"https:\/\/www.europesays.com\/fr\/373259\/","title":{"rendered":"223.000 visiteurs et un triomphe pour l\u2019expo \u00ab\u00a0Matisse M\u00e9diterran\u00e9e(s)\u00a0\u00bb"},"content":{"rendered":"<p><strong>La sixi\u00e8me Biennale des Arts de Nice s\u2019impose comme un succ\u00e8s populaire. \u00c0\u00a0un mois de sa cl\u00f4ture, l\u2019\u00e9dition 2025 d\u00e9di\u00e9e \u00e0\u00a0l\u2019Oc\u00e9an a\u00a0d\u00e9j\u00e0 attir\u00e9 plus de 223.000 visiteurs dans les mus\u00e9es, un chiffre qui d\u00e9passe largement ceux de la pr\u00e9c\u00e9\u00addente \u00e9dition. Les oeuvres install\u00e9es dans l\u2019espace public (coul\u00e9e verte, Rauba Cape\u00f9) ont aussi soulev\u00e9 la curiosit\u00e9.<\/strong><\/p>\n<p><strong>En bref &#8211; <\/strong>Symbole de cette r\u00e9ussite, l\u2019exposition Matisse M\u00e9diterran\u00e9e(s) au mus\u00e9e \u00e9ponyme a\u00a0franchi la barre des 100.000 entr\u00e9es. Un engouement qui confirme, s\u2019il en \u00e9tait besoin, que le peintre f\u00e9tiche de Nice demeure l\u2019un des plus puissants ambas\u00adsa\u00addeurs culturels de la\u00a0ville.<\/p>\n<p><img loading=\"lazy\" decoding=\"async\" width=\"773\" height=\"630\" src=\"data:image\/svg+xml,%3Csvg%20xmlns=\" http:=\"\" alt=\"Henri Matisse La Villa bleue a Nice 1918 Huile sur toile 54\u00d7654cm Collection particuliere Republique tcheque\u00a9Yann Girault Courtesy Millon \u00a9 Succession H Matisse\" class=\"wp-image-249162\" title=\"Succ\u00e8s populaire pour la Biennale des Arts \u00e0 Nice : 223.000 visiteurs et un triomphe pour l\u2019expo &quot;Matisse M\u00e9diterran\u00e9e(s)&quot; 1\" data-lazy- data-lazy- data-lazy-src=\"https:\/\/www.europesays.com\/fr\/wp-content\/uploads\/2025\/09\/Henri-Matisse-La-Villa-bleue-a-Nice-1918-Huile-sur-toile-54\u00d7654cm-Collection-particuliere-Republique.jpeg\"\/>Henri Matisse, La Villa bleue \u00e0\u00a0Nice, 1918 Huile sur toile, 54 X\u00a065,4\u00a0cm Collection parti\u00adcu\u00adli\u00e8re \u00a9 Yann Girault, Cpourtesy Milon \u00a9Succession H. Matisse<\/p>\n<p>De la Villa Mass\u00e9na (Nice, du Rivage \u00e0\u00a0la mer, 29 000 visiteurs) au Mus\u00e9e de la Photographie Charles N\u00e8gre (Mers et Myst\u00e8res de Laurent Ballesta, 35 000 visiteurs), en passant par le Palais Lascaris (27 500 visiteurs), les insti\u00adtu\u00adtions munici\u00adpales tirent leur \u00e9pingle du\u00a0jeu.\u00a0<\/p>\n<p><img loading=\"lazy\" decoding=\"async\" width=\"945\" height=\"630\" src=\"data:image\/svg+xml,%3Csvg%20xmlns=\" http:=\"\" alt=\"525590368 1260411919214896 1602603083915604542 n\" class=\"wp-image-249159\" title=\"Succ\u00e8s populaire pour la Biennale des Arts \u00e0 Nice : 223.000 visiteurs et un triomphe pour l\u2019expo &quot;Matisse M\u00e9diterran\u00e9e(s)&quot; 2\" data-lazy- data-lazy- data-lazy-src=\"https:\/\/www.europesays.com\/fr\/wp-content\/uploads\/2025\/09\/525590368_1260411919214896_1602603083915604542_n-945x630.jpg\"\/>\u00ab\u00a0Laissez-\u200bvous porter par un voyage artis\u00adtique in\u00e9dit \u00e0\u00a0ciel ouvert, dans le cadre de la Biennale des Arts et de l\u2019Oc\u00e9an\u00a0\u00bb \u00a9\u00a0DR<\/p>\n<p>Cette fr\u00e9quen\u00adtation prouve que, lorsqu\u2019on fait le choix de miser sur le patri\u00admoine, la culture locale attire et rayonne, bien au-\u200bdel\u00e0 de nos fronti\u00e8res. Cette Biennale a\u00a0su trouver son identit\u00e9\u00a0: d\u00e9fendre une culture enracin\u00e9e, tourn\u00e9e vers la M\u00e9diterran\u00e9e, son histoire et son imagi\u00adnaire. Dans l\u2019espace public, plusieurs oeuvres ont attir\u00e9 de nombreux curieux. La fr\u00e9quen\u00adtation devrait encore progresser jusqu\u2019\u00e0 la cl\u00f4ture fin septembre. Le record de 2022 (223.751 visiteurs) est d\u00e9j\u00e0\u00a0\u00e9gal\u00e9.\u00a0<\/p>\n","protected":false},"excerpt":{"rendered":"La sixi\u00e8me Biennale des Arts de Nice s\u2019impose comme un succ\u00e8s populaire. \u00c0\u00a0un mois de sa cl\u00f4ture, l\u2019\u00e9dition&hellip;\n","protected":false},"author":2,"featured_media":373260,"comment_status":"","ping_status":"","sticky":false,"template":"","format":"standard","meta":{"footnotes":""},"categories":[2819],"tags":[1111,11,1777,674,1011,27,12,2401,882,25],"class_list":{"0":"post-373259","1":"post","2":"type-post","3":"status-publish","4":"format-standard","5":"has-post-thumbnail","7":"category-nice","8":"tag-actu","9":"tag-actualites","10":"tag-eu","11":"tag-europe","12":"tag-fr","13":"tag-france","14":"tag-news","15":"tag-nice","16":"tag-provence-alpes-cote-dazur","17":"tag-republique-francaise"},"share_on_mastodon":{"url":"https:\/\/pubeurope.com\/@fr\/115163796978488168","error":""},"_links":{"self":[{"href":"https:\/\/www.europesays.com\/fr\/wp-json\/wp\/v2\/posts\/373259","targetHints":{"allow":["GET"]}}],"collection":[{"href":"https:\/\/www.europesays.com\/fr\/wp-json\/wp\/v2\/posts"}],"about":[{"href":"https:\/\/www.europesays.com\/fr\/wp-json\/wp\/v2\/types\/post"}],"author":[{"embeddable":true,"href":"https:\/\/www.europesays.com\/fr\/wp-json\/wp\/v2\/users\/2"}],"replies":[{"embeddable":true,"href":"https:\/\/www.europesays.com\/fr\/wp-json\/wp\/v2\/comments?post=373259"}],"version-history":[{"count":0,"href":"https:\/\/www.europesays.com\/fr\/wp-json\/wp\/v2\/posts\/373259\/revisions"}],"wp:featuredmedia":[{"embeddable":true,"href":"https:\/\/www.europesays.com\/fr\/wp-json\/wp\/v2\/media\/373260"}],"wp:attachment":[{"href":"https:\/\/www.europesays.com\/fr\/wp-json\/wp\/v2\/media?parent=373259"}],"wp:term":[{"taxonomy":"category","embeddable":true,"href":"https:\/\/www.europesays.com\/fr\/wp-json\/wp\/v2\/categories?post=373259"},{"taxonomy":"post_tag","embeddable":true,"href":"https:\/\/www.europesays.com\/fr\/wp-json\/wp\/v2\/tags?post=373259"}],"curies":[{"name":"wp","href":"https:\/\/api.w.org\/{rel}","templated":true}]}}