{"id":373261,"date":"2025-09-07T15:47:12","date_gmt":"2025-09-07T15:47:12","guid":{"rendered":"https:\/\/www.europesays.com\/fr\/373261\/"},"modified":"2025-09-07T15:47:12","modified_gmt":"2025-09-07T15:47:12","slug":"eric-ciotti-promet-un-audit-financier-un-partenariat-xxl-avec-monaco-et-la-construction-dun-nouveau-palais-des-congres","status":"publish","type":"post","link":"https:\/\/www.europesays.com\/fr\/373261\/","title":{"rendered":"\u00c9ric Ciotti promet un audit financier, un partenariat XXL avec Monaco et la construction d&rsquo;un nouveau palais des congr\u00e8s"},"content":{"rendered":"<p><strong>Dans son troisi\u00e8me grand entretien \u00e0\u00a0Nice-\u200bPresse, \u00c9ric Ciotti a\u00a0d\u00e9voil\u00e9 sa vision pour l\u2019avenir de la M\u00e9tropole Nice C\u00f4te d\u2019Azur, dont il brigue la pr\u00e9si\u00addence en parall\u00e8le de la mairie de Nice. Le d\u00e9put\u00e9 UDR soutenu par le RN voit notamment le d\u00e9velop\u00adpement de la Plaine du Var passer par Monaco. Explications.<\/strong><\/p>\n<blockquote class=\"twitter-tweet\">\n<p lang=\"fr\" dir=\"ltr\">\ud83d\udd34 \u00ab\u00a0L\u2019\u00e9quation est simple\u00a0: Monaco a\u00a0beaucoup d\u2019argent mais pas de d\u2019espace. Nous, c\u2019est l\u2019inverse. Au lieu de bouger le piano, avan\u00e7ons le tabouret\u00a0! \u00bb<a href=\"https:\/\/twitter.com\/eciotti?ref_src=twsrc%5Etfw\" target=\"_blank\" rel=\"noopener nofollow\">@eciotti<\/a> veut cr\u00e9er une zone \u00e9cono\u00admique sans pr\u00e9c\u00e9dent entre <a href=\"https:\/\/twitter.com\/hashtag\/Nice06?src=hash&amp;ref_src=twsrc%5Etfw\" target=\"_blank\" rel=\"noopener nofollow\">#Nice06<\/a> et <a href=\"https:\/\/twitter.com\/hashtag\/Monaco?src=hash&amp;ref_src=twsrc%5Etfw\" target=\"_blank\" rel=\"noopener nofollow\">#Monaco<\/a><\/p>\n<p>\u27a1\ufe0f <a href=\"https:\/\/t.co\/IuKRFlqH2v\" rel=\"nofollow\">https:\/\/t.co\/IuKRFlqH2v<\/a> <a href=\"https:\/\/t.co\/kwJ5TYlzkZ\" rel=\"nofollow\">pic.twitter.com\/kwJ5TYlzkZ<\/a><\/p>\n<p>\u2014 Nice-\u200bPresse \u00b7 Top infos (@NicePresse) <a href=\"https:\/\/twitter.com\/NicePresse\/status\/1964261191431213329?ref_src=twsrc%5Etfw\" target=\"_blank\" rel=\"noopener nofollow\">September 6,\u00a02025<\/a><\/p><\/blockquote>\n<p><strong>SYNTH\u00c8SE &#8211;<\/strong> S\u2019il \u00e9tait \u00e9lu pr\u00e9sident de la M\u00e9tropole, Eric Ciotti promet de commander un <strong>audit complet<\/strong>, pour mettre fin \u00e0\u00a0ce qu\u2019il d\u00e9crit comme des d\u00e9penses de prestige inutiles. Axe cl\u00e9 de son programme, mettre un terme \u00e0\u00a0une centra\u00adli\u00adsation exerc\u00e9e depuis Nice et redonner du pouvoir aux \u00e9diles locaux.\u00a0<\/p>\n<p>Chaque maire, insiste-\u200bt-\u200bil, \u00ab\u00a0redeviendra le seul patron chez lui\u00a0\u00bb. Les comp\u00e9\u00adtences op\u00e9ra\u00adtion\u00adnelles seraient ainsi resti\u00adtu\u00e9es aux communes, et la charte imposant de rejeter \u00ab\u00a0l\u2019extr\u00eame droite\u00a0\u00bb serait supprim\u00e9e.\u00a0<\/p>\n<p>Sur le plan \u00e9cono\u00admique, \u00c9ric Ciotti fait une promesse forte\u00a0: trans\u00adformer la Plaine du Var en moteur de crois\u00adsance, non plus \u00ab\u00a0par la sp\u00e9cu\u00adlation immobi\u00adli\u00e8re\u00a0\u00bb, mais en cr\u00e9ant une zone franche avec Monaco.\u00a0<\/p>\n<p>L\u2019id\u00e9e, discut\u00e9e avec le Prince Albert II et les repr\u00e9\u00adsen\u00adtants du patronat mon\u00e9gasque, serait simple\u00a0: \u00ab\u00a0Monaco a\u00a0l\u2019argent mais pas l\u2019espace, Nice c\u2019est l\u2019inverse\u00a0\u00bb La zone permet\u00adtrait d\u2019attirer des inves\u00adtis\u00adse\u00adments mon\u00e9gasques, en appli\u00adquant le droit social et fiscal du Rocher.\u00a0<\/p>\n<p>Enfin, le d\u00e9put\u00e9 \u00e9pingle la d\u00e9molition du palais des congr\u00e8s Acropolis, qu\u2019il qualifie de \u00ab\u00a0faute strat\u00e9\u00adgique\u00a0\u00bb ayant \u00ab\u00a0tu\u00e9 le tourisme d\u2019affaires\u00a0\u00bb. Le complexe Oc\u00e9anice, install\u00e9 au Port, ne serait pas au niveau. Eric Ciotti promet donc la construction d\u2019un nouveau palais des congr\u00e8s, pour redonner \u00e0\u00a0la cit\u00e9 une attrac\u00adtivit\u00e9 inter\u00adna\u00adtionale (ce que <a href=\"https:\/\/nicepresse.com\/nouveau-calendrier-ambitions-nice-metropole-ouvre-le-debat-sur-le-futur-palais-des-congres-et-des-expos-de-la-plaine-du-var\/\" rel=\"nofollow noopener\" target=\"_blank\">Christian Estrosi a\u00a0\u00e9galement pr\u00e9vu<\/a>).<\/p>\n<p><a href=\"https:\/\/anneedelamer.nice.fr\/\" rel=\"nofollow noopener\" target=\"_blank\"><img loading=\"lazy\" decoding=\"async\" width=\"300\" height=\"300\" src=\"data:image\/svg+xml,%3Csvg%20xmlns=\" http:=\"\" alt=\"\" class=\"wp-image-235449\" data-lazy-src=\"https:\/\/www.europesays.com\/fr\/wp-content\/uploads\/2025\/04\/IMG_1416-2.png\"\/><\/a><\/p>\n<p>\t<script async src=\"https:\/\/platform.twitter.com\/widgets.js\" charset=\"utf-8\"><\/script><\/p>\n","protected":false},"excerpt":{"rendered":"Dans son troisi\u00e8me grand entretien \u00e0\u00a0Nice-\u200bPresse, \u00c9ric Ciotti a\u00a0d\u00e9voil\u00e9 sa vision pour l\u2019avenir de la M\u00e9tropole Nice C\u00f4te&hellip;\n","protected":false},"author":2,"featured_media":373262,"comment_status":"","ping_status":"","sticky":false,"template":"","format":"standard","meta":{"footnotes":""},"categories":[2819],"tags":[1111,11,1777,674,1011,27,12,2401,882,25],"class_list":{"0":"post-373261","1":"post","2":"type-post","3":"status-publish","4":"format-standard","5":"has-post-thumbnail","7":"category-nice","8":"tag-actu","9":"tag-actualites","10":"tag-eu","11":"tag-europe","12":"tag-fr","13":"tag-france","14":"tag-news","15":"tag-nice","16":"tag-provence-alpes-cote-dazur","17":"tag-republique-francaise"},"share_on_mastodon":{"url":"https:\/\/pubeurope.com\/@fr\/115163800675920794","error":""},"_links":{"self":[{"href":"https:\/\/www.europesays.com\/fr\/wp-json\/wp\/v2\/posts\/373261","targetHints":{"allow":["GET"]}}],"collection":[{"href":"https:\/\/www.europesays.com\/fr\/wp-json\/wp\/v2\/posts"}],"about":[{"href":"https:\/\/www.europesays.com\/fr\/wp-json\/wp\/v2\/types\/post"}],"author":[{"embeddable":true,"href":"https:\/\/www.europesays.com\/fr\/wp-json\/wp\/v2\/users\/2"}],"replies":[{"embeddable":true,"href":"https:\/\/www.europesays.com\/fr\/wp-json\/wp\/v2\/comments?post=373261"}],"version-history":[{"count":0,"href":"https:\/\/www.europesays.com\/fr\/wp-json\/wp\/v2\/posts\/373261\/revisions"}],"wp:featuredmedia":[{"embeddable":true,"href":"https:\/\/www.europesays.com\/fr\/wp-json\/wp\/v2\/media\/373262"}],"wp:attachment":[{"href":"https:\/\/www.europesays.com\/fr\/wp-json\/wp\/v2\/media?parent=373261"}],"wp:term":[{"taxonomy":"category","embeddable":true,"href":"https:\/\/www.europesays.com\/fr\/wp-json\/wp\/v2\/categories?post=373261"},{"taxonomy":"post_tag","embeddable":true,"href":"https:\/\/www.europesays.com\/fr\/wp-json\/wp\/v2\/tags?post=373261"}],"curies":[{"name":"wp","href":"https:\/\/api.w.org\/{rel}","templated":true}]}}