{"id":373271,"date":"2025-09-07T15:53:10","date_gmt":"2025-09-07T15:53:10","guid":{"rendered":"https:\/\/www.europesays.com\/fr\/373271\/"},"modified":"2025-09-07T15:53:10","modified_gmt":"2025-09-07T15:53:10","slug":"au-guidon-dune-trottinette-il-essaye-dechapper-aux-policiers","status":"publish","type":"post","link":"https:\/\/www.europesays.com\/fr\/373271\/","title":{"rendered":"Au guidon d\u2019une trottinette, il essaye d\u2019\u00e9chapper aux policiers"},"content":{"rendered":"<p>\n                                                                    l&rsquo;essentiel<br \/>\n                                                                Un homme en trottinette a essay\u00e9 d\u2019\u00e9chapper \u00e0 la police, t\u00f4t ce dimanche. Un refus d\u2019obtemp\u00e9rer originale, qui s\u2019est termin\u00e9 en cellule de d\u00e9grisement au commissariat central de Toulouse.\n                            <\/p>\n<p>Lanc\u00e9 au guidon d\u2019une trottinette \u00e9lectrique, \u00e0 fond, boulevard\u00a0Bonrepos avec un ami\u00a0\u00e0 l\u2019arri\u00e8re, un conducteur n\u2019avait sans doute pas imagin\u00e9 croiser une patrouille de police t\u00f4t ce dimanche matin 7\u00a0septembre. \u00c0 contresens sur la chauss\u00e9e, sur un axe o\u00f9 les voitures roulent souvent trop vite, ce conducteur prenait beaucoup de risques surtout \u00e0 5\u00a0h\u00a030.<\/p>\n<p>Les policiers ont donc voulu mettre fin \u00e0 cette aventure dangereuse. Seulement le \u00ab\u00a0pilote\u00a0\u00bb a pr\u00e9f\u00e9r\u00e9 oublier les ordres et a cherch\u00e9 \u00e0 s\u2019\u00e9chapper. Son passager, sentant le danger, est vite descendu, profitant de la confusion pour s\u2019enfuir, \u00e0 pied.<\/p>\n<p>Sous les effets de l\u2019alcool et de la drogue<\/p>\n<p>Derri\u00e8re la trottinette, les policiers ont suivi, voyant l\u2019homme jouer les acrobates, accroch\u00e9 \u00e0 son petit guidon. \u00c0 force de d\u00e9fier les r\u00e8gles de l\u2019\u00e9quilibre, il s\u2019est retrouv\u00e9 par terre dans un virage. Pas suffisant pour le calmer puisqu\u2019il a encore essay\u00e9 de s\u2019enfuir en courant.<\/p>\n<p class=\"std-elt__inline\">\n        <strong>\u00c0 lire aussi :<\/strong><br \/>\n        <a href=\"https:\/\/www.ladepeche.fr\/2024\/08\/04\/trottinette-les-dangers-dun-moyen-de-deplacement-facile-et-ludique-12123497.php\" rel=\"nofollow noopener\" target=\"_blank\">Trottinette, les dangers d\u2019un moyen de d\u00e9placement facile et ludique<\/a>\n    <\/p>\n<p>\u00c9chec de la tentative et explications tr\u00e8s confuses devant les hommes en uniforme. Sous les effets conjugu\u00e9s de l\u2019alcool et de produits stup\u00e9fiants, ce gar\u00e7on n\u2019a pas \u00e9t\u00e9 capable de fournir son identit\u00e9. Quant au contr\u00f4le de son alcool\u00e9mie, il a \u00e9t\u00e9 abandonn\u00e9, faute de capacit\u00e9 suffisante pour souffler\u2026<\/p>\n<p>Ce gar\u00e7on a commenc\u00e9 son dimanche par une longue s\u00e9ance de r\u00e9cup\u00e9ration en cellule de d\u00e9grisement. Les policiers attendaient qu\u2019il r\u00e9cup\u00e8re pour obtenir quelques explications sur ce refus d\u2019obtemp\u00e9rer en trottinette.<\/p>\n","protected":false},"excerpt":{"rendered":"l&rsquo;essentiel Un homme en trottinette a essay\u00e9 d\u2019\u00e9chapper \u00e0 la police, t\u00f4t ce dimanche. Un refus d\u2019obtemp\u00e9rer originale,&hellip;\n","protected":false},"author":2,"featured_media":373272,"comment_status":"","ping_status":"","sticky":false,"template":"","format":"standard","meta":{"footnotes":""},"categories":[2816],"tags":[1111,11,1777,674,1011,27,12,2680,25,2312],"class_list":{"0":"post-373271","1":"post","2":"type-post","3":"status-publish","4":"format-standard","5":"has-post-thumbnail","7":"category-toulouse","8":"tag-actu","9":"tag-actualites","10":"tag-eu","11":"tag-europe","12":"tag-fr","13":"tag-france","14":"tag-news","15":"tag-occitanie","16":"tag-republique-francaise","17":"tag-toulouse"},"share_on_mastodon":{"url":"https:\/\/pubeurope.com\/@fr\/115163824384808246","error":""},"_links":{"self":[{"href":"https:\/\/www.europesays.com\/fr\/wp-json\/wp\/v2\/posts\/373271","targetHints":{"allow":["GET"]}}],"collection":[{"href":"https:\/\/www.europesays.com\/fr\/wp-json\/wp\/v2\/posts"}],"about":[{"href":"https:\/\/www.europesays.com\/fr\/wp-json\/wp\/v2\/types\/post"}],"author":[{"embeddable":true,"href":"https:\/\/www.europesays.com\/fr\/wp-json\/wp\/v2\/users\/2"}],"replies":[{"embeddable":true,"href":"https:\/\/www.europesays.com\/fr\/wp-json\/wp\/v2\/comments?post=373271"}],"version-history":[{"count":0,"href":"https:\/\/www.europesays.com\/fr\/wp-json\/wp\/v2\/posts\/373271\/revisions"}],"wp:featuredmedia":[{"embeddable":true,"href":"https:\/\/www.europesays.com\/fr\/wp-json\/wp\/v2\/media\/373272"}],"wp:attachment":[{"href":"https:\/\/www.europesays.com\/fr\/wp-json\/wp\/v2\/media?parent=373271"}],"wp:term":[{"taxonomy":"category","embeddable":true,"href":"https:\/\/www.europesays.com\/fr\/wp-json\/wp\/v2\/categories?post=373271"},{"taxonomy":"post_tag","embeddable":true,"href":"https:\/\/www.europesays.com\/fr\/wp-json\/wp\/v2\/tags?post=373271"}],"curies":[{"name":"wp","href":"https:\/\/api.w.org\/{rel}","templated":true}]}}