{"id":373275,"date":"2025-09-07T15:55:10","date_gmt":"2025-09-07T15:55:10","guid":{"rendered":"https:\/\/www.europesays.com\/fr\/373275\/"},"modified":"2025-09-07T15:55:10","modified_gmt":"2025-09-07T15:55:10","slug":"braderie-de-lille-une-jeune-femme-grievement-blessee-par-une-chute-de-pierres-une-autre-se-defenestre","status":"publish","type":"post","link":"https:\/\/www.europesays.com\/fr\/373275\/","title":{"rendered":"Braderie de Lille\u00a0: une jeune femme gri\u00e8vement bless\u00e9e par une chute de pierres, une autre se d\u00e9fenestre"},"content":{"rendered":"<p class=\"paragraph text_align_left lp-f-body-02\">Voil\u00e0 qui assombrit le bilan de la braderie de Lille. Une jeune femme a \u00e9t\u00e9 gravement bless\u00e9e dans la nuit de samedi \u00e0 dimanche. Cette jeune personne a \u00e9t\u00e9 touch\u00e9e par une chute de pierres alors qu\u2019elle circulait rue des Canonniers, pr\u00e8s de la gare Lille Flandres.<\/p>\n<p class=\"paragraph text_align_left lp-f-body-02\">Selon une source polici\u00e8re rapport\u00e9e <a href=\"https:\/\/www.francebleu.fr\/infos\/faits-divers-justice\/lille-une-jeune-femme-grievement-blessee-apres-une-chute-de-pierres-9007280\" target=\"_blank\" rel=\"noreferrer nofollow noopener\">par les m\u00e9dias locaux<\/a>, les pierres se sont d\u00e9tach\u00e9es du cinqui\u00e8me \u00e9tage d\u2019un immeuble de la rue tr\u00e8s passante. La jeune femme de 22\u00a0ans a malheureusement \u00e9t\u00e9 touch\u00e9e \u00e0 la t\u00eate et rapidement transport\u00e9e en urgence \u00e0 l\u2019h\u00f4pital de Lille.<\/p>\n<p class=\"paragraph text_align_left lp-f-body-02\">Son pronostic vital \u00e9tait engag\u00e9 samedi soir. Sur place, les forces de l\u2019ordre ont mis en place un p\u00e9rim\u00e8tre de s\u00e9curit\u00e9.<\/p>\n<p class=\"paragraph text_align_left lp-f-body-02\">Les secours ont utilis\u00e9 un faisceau lumineux pour \u00e9clairer la fa\u00e7ade de l\u2019immeuble Art d\u00e9co, cherchant la zone d\u2019o\u00f9 la pierre a pu se d\u00e9crocher pour s\u2019assurer qu\u2019aucun autre d\u00e9bris ne puisse tomber sur la foule encore bien pr\u00e9sente.<\/p>\n<p class=\"lp-card-podcast-highlighting__title  lp-f-subtitle-05\">[2\/6] Jubillar\u00a0: de la disparition au proc\u00e8s, une affaire sans corps ni aveux<\/p>\n<p class=\"lp-card-podcast-highlighting__description lp-f-ui-05\">Crime story raconte chaque semaine les grandes affaires criminelles.<\/p>\n<p><a class=\"lp-card-podcast-highlighting__call-to-action\" data-page-type=\"HP\" data-block-name=\"podcast-highlight\">\u00c9couter<\/a>D\u00e9fenestration<\/p>\n<p class=\"paragraph text_align_left lp-f-body-02\">Un p\u00e9rim\u00e8tre de s\u00e9curit\u00e9 a \u00e9t\u00e9 \u00e9tabli par les sapeurs-pompiers pour \u00e9viter tout nouveau risque de blessure. Selon les forces de l\u2019ordre, l\u2019immeuble ne pr\u00e9sente aucun risque d\u2019effondrement.<\/p>\n<p class=\"paragraph text_align_left lp-f-body-02\">Par ailleurs, selon la Voix du Nord, <a href=\"https:\/\/www.lavoixdunord.fr\/1622296\/article\/2025-09-07\/de-retour-de-la-braderie-ses-amis-ne-veulent-pas-qu-elle-conduise-elle-se-jette\" target=\"_blank\" rel=\"noreferrer nofollow noopener\">une autre jeune femme s\u2019est d\u00e9fenestr\u00e9e<\/a> \u00e0 son retour de la grande braderie, au petit matin endeuillant cette \u00e9dition de la grande f\u00eate lilloise.<\/p>\n","protected":false},"excerpt":{"rendered":"Voil\u00e0 qui assombrit le bilan de la braderie de Lille. Une jeune femme a \u00e9t\u00e9 gravement bless\u00e9e dans&hellip;\n","protected":false},"author":2,"featured_media":373276,"comment_status":"","ping_status":"","sticky":false,"template":"","format":"standard","meta":{"footnotes":""},"categories":[2815],"tags":[1111,11,459,1777,674,118,1011,27,811,1307,12,25],"class_list":{"0":"post-373275","1":"post","2":"type-post","3":"status-publish","4":"format-standard","5":"has-post-thumbnail","7":"category-lille","8":"tag-actu","9":"tag-actualites","10":"tag-departements-horsidfo","11":"tag-eu","12":"tag-europe","13":"tag-faits-divers","14":"tag-fr","15":"tag-france","16":"tag-hauts-de-france","17":"tag-lille","18":"tag-news","19":"tag-republique-francaise"},"share_on_mastodon":{"url":"https:\/\/pubeurope.com\/@fr\/115163832294511199","error":""},"_links":{"self":[{"href":"https:\/\/www.europesays.com\/fr\/wp-json\/wp\/v2\/posts\/373275","targetHints":{"allow":["GET"]}}],"collection":[{"href":"https:\/\/www.europesays.com\/fr\/wp-json\/wp\/v2\/posts"}],"about":[{"href":"https:\/\/www.europesays.com\/fr\/wp-json\/wp\/v2\/types\/post"}],"author":[{"embeddable":true,"href":"https:\/\/www.europesays.com\/fr\/wp-json\/wp\/v2\/users\/2"}],"replies":[{"embeddable":true,"href":"https:\/\/www.europesays.com\/fr\/wp-json\/wp\/v2\/comments?post=373275"}],"version-history":[{"count":0,"href":"https:\/\/www.europesays.com\/fr\/wp-json\/wp\/v2\/posts\/373275\/revisions"}],"wp:featuredmedia":[{"embeddable":true,"href":"https:\/\/www.europesays.com\/fr\/wp-json\/wp\/v2\/media\/373276"}],"wp:attachment":[{"href":"https:\/\/www.europesays.com\/fr\/wp-json\/wp\/v2\/media?parent=373275"}],"wp:term":[{"taxonomy":"category","embeddable":true,"href":"https:\/\/www.europesays.com\/fr\/wp-json\/wp\/v2\/categories?post=373275"},{"taxonomy":"post_tag","embeddable":true,"href":"https:\/\/www.europesays.com\/fr\/wp-json\/wp\/v2\/tags?post=373275"}],"curies":[{"name":"wp","href":"https:\/\/api.w.org\/{rel}","templated":true}]}}