{"id":373277,"date":"2025-09-07T15:56:20","date_gmt":"2025-09-07T15:56:20","guid":{"rendered":"https:\/\/www.europesays.com\/fr\/373277\/"},"modified":"2025-09-07T15:56:20","modified_gmt":"2025-09-07T15:56:20","slug":"lartiste-mosart-graffe-vos-objets-du-quotidien","status":"publish","type":"post","link":"https:\/\/www.europesays.com\/fr\/373277\/","title":{"rendered":"l\u2019artiste Mos\u2019art \u00ab graffe \u00bb vos objets du quotidien"},"content":{"rendered":"<p>            Par<br \/>\n        <strong><br \/>\n            <a href=\"https:\/\/actu.fr\/auteur\/annesophie-2\" title=\"Consulter tous les articles de Anne-Sophie Hourdeaux\" target=\"_blank\" rel=\"noopener\">Anne-Sophie Hourdeaux<\/a><br \/>\n        <\/strong><\/p>\n<p>        Publi\u00e9 le<\/p>\n<p>            7 sept. 2025 \u00e0 16h50<br \/>\n        ; mis \u00e0 jour le 7 sept. 2025 \u00e0 17h46    <\/p>\n<p>Le <b>street-artist Mos\u2019art<\/b> avait d\u00e9j\u00e0 tenu un stand \u00e0 la braderie de <a href=\"https:\/\/actu.fr\/hauts-de-france\/lille_59350\" target=\"_blank\" rel=\"noopener\">Lille<\/a> (Nord), mais c\u2019est la premi\u00e8re fois qu\u2019il \u00ab\u2009customise\u2009\u00bb en direct les objets du quotidien des passants\u2009! Samedi 6 septembre 2025, ce sont<b> 67 objets<\/b> qu\u2019il a ainsi \u00ab\u2009graff\u00e9s\u2009\u00bb \u00e0 la bombe avec ses pochoirs ; et ce dimanche 7 septembre, <b>une centaine<\/b>. Et il y en a<b> <\/b>eu<b> beaucoup d\u2019insolites\u2009!<\/b> Il nous a racont\u00e9.<\/p>\n<p>    <img   decoding=\"async\" loading=\"lazy\" class=\"size-large\" src=\"https:\/\/www.europesays.com\/fr\/wp-content\/uploads\/2025\/09\/4d54d3755db862164d3755db8e464dv-960x640.jpeg\" alt=\"mos'art braderie lille\" width=\"960\" height=\"640\"\/><br \/>\n    Mos\u2019art tien un stand un peu sp\u00e9cial \u00e0 la braderie, o\u00f9 il met son art sur les objets des passants. Ici une guitare\u2009! \u00a9Anne-Sophie Hourdeaux\/Croix du NordLes \u0153uvres de Mos\u2019art \u00e0 la Braderie de Lille<\/p>\n<p class=\" wall-content\">On fait m\u00eame la queue au stand d\u2019un street-artiste \u00e0 la braderie encore en ce dimanche 7 septembre 2025. Les <b>r\u00e9seaux sociaux ont fait leur \u0153uvre<\/b>\u2009: les fans de Mos\u2019art se sont d\u00e9plac\u00e9s pour repartir avec un morceau d\u2019art chez eux.<\/p>\n<p class=\" wall-content\">Le concept est simple\u2009: apporter un objet auquel on tient, et le faire \u00ab\u2009bomber\u2009\u00bb avec un pochoir de l\u2019artiste. \u00ab\u2009C\u2019est la premi\u00e8re ann\u00e9e que je propose \u00e7a m\u00eame si j\u2019ai un stand r\u00e9guli\u00e8rement \u00e0 la braderie\u2009\u00bb, explique l\u2019artiste. Et le succ\u00e8s a \u00e9t\u00e9 au rendez-vous\u2009: pour la premi\u00e8re journ\u00e9e de braderie samedi 6 septembre, il a taggu\u00e9 67 objets.<\/p>\n<p>    <img   decoding=\"async\" loading=\"lazy\" class=\"size-large\" src=\"https:\/\/www.europesays.com\/fr\/wp-content\/uploads\/2025\/09\/392ae3755db863d2ae3755db8e03aev-960x640.jpeg\" alt=\"mos'art braderie lille\" width=\"960\" height=\"640\"\/><br \/>\n    M\u00eame une planche de surf, d\u00e9corative, a \u00e9t\u00e9 peinte\u2009! \u00a9Anne-Sophie Hourdeaux\/Croix du Nord<\/p>\n<p class=\" wall-content\">C\u2019est impressionnant de voir \u00e0 quelle <b>vitesse le dessin est fait \u00e0 la bombe<\/b>. Une fois pos\u00e9 et stabilis\u00e9 avec un scotch, quelques coups de spray, et c\u2019est d\u00e9j\u00e0 fini\u2009! En plus, \u00e7a <b>s\u00e8che tr\u00e8s vite<\/b>.<\/p>\n<p class=\" wall-content\">M\u00eame si c\u2019est rapide, c\u2019est <b>tr\u00e8s physique<\/b>\u2009: il faut toujours \u00eatre debout, pench\u00e9, voir accroupi pour les plus gros objets pos\u00e9s au sol. Mos\u2019art a vite enfil\u00e9 un masque sp\u00e9cial pour \u00e9viter d\u2019inhaler trop d\u2019a\u00e9rosol.<\/p>\n<p>    <img   decoding=\"async\" loading=\"lazy\" class=\"size-large\" src=\"https:\/\/www.europesays.com\/fr\/wp-content\/uploads\/2025\/09\/0e2404755db86623404755db846340v-960x640.jpeg\" alt=\"mos'art braderie lille\" width=\"960\" height=\"640\"\/><br \/>\n    Il y avait foule au stand Mos\u2019art. \u00a9Anne-Sophie Hourdeaux\/Croix du Nord<\/p>\n<p>Votre r\u00e9gion, votre actu !<\/p>\n<p>Recevez chaque jour les infos qui comptent pour vous.<\/p>\n<p>\t<a href=\"https:\/\/actu.fr\/newsletter\" class=\"ac-btn ac-btn--corner ac-btn--medium ac-btn--blue800\" target=\"_blank\" rel=\"noopener\">S&rsquo;incrire<\/a><br \/>\nPorte, planche de surf, guitare et\u2026 pisse-debout<\/p>\n<p class=\" wall-content\">Mais quels sont donc les objets que les bradeux ont apport\u00e9s\u2009? L\u2019\u00e9l\u00e9ment le plus impressionnant que Mos\u2019art a bomb\u00e9 est\u2026 une porte\u2009! C\u2019est S\u00e9bastien qui l\u2019a amen\u00e9e de <a href=\"https:\/\/actu.fr\/hauts-de-france\/mons-en-baroeul_59410\" target=\"_blank\" rel=\"noopener\">Mons-en-Bar\u0153ul<\/a>. \u00ab\u2009Ma femme m\u2019a d\u00e9pos\u00e9 boulevard Carnot, puis je suis venu \u00e0 pied en portant la porte, c\u2019\u00e9tait pas facile\u2009\u00bb sourit-il. Il en fallait de la motivation\u2009! \u00ab\u2009On est fan, on le suit sur les r\u00e9seaux sociaux, mes enfants adorent aussi. On avait cette <b>porte de cabane de jardin<\/b>, on s\u2019est dit que ce serait sympa de l\u2019habiller d\u2019une \u0153uvre d\u2019art\u2009!\u2009\u00bb<\/p>\n<p class=\" wall-content\">Il a choisi le dessin du gorille, \u00ab\u2009dans un jardin, je trouve \u00e7a sympa\u2009!\u2009\u00bb dit encore S\u00e9bastien, qui ne repartira pas tout de suite avec sa porte. \u00ab\u2009Je vous la laisse un peu pour prendre mon souffle et faire une balade dans la braderie\u2009\u00bb.<\/p>\n<p class=\" wall-content\">Le plus petit objet taggu\u00e9 est\u2026 un <b>pisse-debout f\u00e9minin en plastique<\/b>\u2009!<\/p>\n<p class=\" wall-content\">Ce que Mos\u2019art a pr\u00e9f\u00e9r\u00e9 peindre, c\u2019est \u00ab\u2009une <b>affiche des Avengers sur lequel j\u2019ai ajout\u00e9 un carnavaleux<\/b>\u2009\u00bb. Il y eut aussi cette <b>planche de surf d\u00e9corative tr\u00e8s styl\u00e9e<\/b>. Sans oublier une <b>malle de coffre de 2CV<\/b>, une carte g\u00e9ographique, un plan de la braderie, une ancienne cam\u00e9ra et une guitare.<\/p>\n<p class=\" wall-content\">Un monsieur arrive avec une veste style militaire\u2009: \u00ab\u2009Vous faites des t\u00eates de mort\u2009?\u2009\u00bb \u00ab\u2009Non, rien en rapport avec la mort, mais j\u2019ai un punk si vous voulez\u2009\u00bb dit l\u2019artiste. Affaire conclue.<\/p>\n<p class=\" wall-content\">On a vu aussi passer un 33 tours, \u00ab\u2009avec le motif chat, c\u2019est possible\u2009?\u2009\u00bb. Le motif enfant est d\u00e9clin\u00e9 de plusieurs mani\u00e8res, et a beaucoup de succ\u00e8s \u00e9galement, sur une ardoise d\u2019\u00e9colier par exemple.<\/p>\n<p class=\" wall-content\">Le tarif \u00e9tait plus qu\u2019abordable, entre 20 et 50\u00a0\u20ac la peinture.<\/p>\n<p class=\" wall-content\">Personnalisez votre actualit\u00e9 en ajoutant vos villes et m\u00e9dias en favori avec <a href=\"https:\/\/moncompte.actu.fr\" title=\"D\u00e9couvez Mon Actu\" rel=\"nofollow noopener\" data-trk=\"{&quot;cta&quot;:{&quot;action&quot;:&quot;https:\\\/\\\/moncompte.actu.fr&quot;,&quot;category&quot;:&quot;mon compte&quot;,&quot;from&quot;:&quot;article footer&quot;,&quot;name&quot;:&quot;Mon actu&quot;,&quot;type&quot;:&quot;cta&quot;}}\" target=\"_blank\">Mon Actu<\/a>.<\/p>\n","protected":false},"excerpt":{"rendered":"Par Anne-Sophie Hourdeaux Publi\u00e9 le 7 sept. 2025 \u00e0 16h50 ; mis \u00e0 jour le 7 sept. 2025&hellip;\n","protected":false},"author":2,"featured_media":373278,"comment_status":"","ping_status":"","sticky":false,"template":"","format":"standard","meta":{"footnotes":""},"categories":[2815],"tags":[1111,11,18703,1777,674,1011,27,811,1307,12,25,104,7189],"class_list":{"0":"post-373277","1":"post","2":"type-post","3":"status-publish","4":"format-standard","5":"has-post-thumbnail","7":"category-lille","8":"tag-actu","9":"tag-actualites","10":"tag-braderie-de-lille","11":"tag-eu","12":"tag-europe","13":"tag-fr","14":"tag-france","15":"tag-hauts-de-france","16":"tag-lille","17":"tag-news","18":"tag-republique-francaise","19":"tag-societe","20":"tag-street-art"},"share_on_mastodon":{"url":"https:\/\/pubeurope.com\/@fr\/115163836622471744","error":""},"_links":{"self":[{"href":"https:\/\/www.europesays.com\/fr\/wp-json\/wp\/v2\/posts\/373277","targetHints":{"allow":["GET"]}}],"collection":[{"href":"https:\/\/www.europesays.com\/fr\/wp-json\/wp\/v2\/posts"}],"about":[{"href":"https:\/\/www.europesays.com\/fr\/wp-json\/wp\/v2\/types\/post"}],"author":[{"embeddable":true,"href":"https:\/\/www.europesays.com\/fr\/wp-json\/wp\/v2\/users\/2"}],"replies":[{"embeddable":true,"href":"https:\/\/www.europesays.com\/fr\/wp-json\/wp\/v2\/comments?post=373277"}],"version-history":[{"count":0,"href":"https:\/\/www.europesays.com\/fr\/wp-json\/wp\/v2\/posts\/373277\/revisions"}],"wp:featuredmedia":[{"embeddable":true,"href":"https:\/\/www.europesays.com\/fr\/wp-json\/wp\/v2\/media\/373278"}],"wp:attachment":[{"href":"https:\/\/www.europesays.com\/fr\/wp-json\/wp\/v2\/media?parent=373277"}],"wp:term":[{"taxonomy":"category","embeddable":true,"href":"https:\/\/www.europesays.com\/fr\/wp-json\/wp\/v2\/categories?post=373277"},{"taxonomy":"post_tag","embeddable":true,"href":"https:\/\/www.europesays.com\/fr\/wp-json\/wp\/v2\/tags?post=373277"}],"curies":[{"name":"wp","href":"https:\/\/api.w.org\/{rel}","templated":true}]}}