{"id":373280,"date":"2025-09-07T15:58:11","date_gmt":"2025-09-07T15:58:11","guid":{"rendered":"https:\/\/www.europesays.com\/fr\/373280\/"},"modified":"2025-09-07T15:58:11","modified_gmt":"2025-09-07T15:58:11","slug":"travaux-sur-la-ligne-ferroviaire-entre-marseille-et-aix-la-circulation-des-trains-est-amenagee","status":"publish","type":"post","link":"https:\/\/www.europesays.com\/fr\/373280\/","title":{"rendered":"Travaux sur la ligne ferroviaire entre Marseille et Aix\u00a0: la circulation des trains est am\u00e9nag\u00e9e"},"content":{"rendered":"<p>C&rsquo;est parti pour plus de trois mois de travaux sur la ligne ferroviaire entre Marseille et Aix. SNCF R\u00e9seau commence lundi 8 septembre jusqu&rsquo;au 19 d\u00e9cembre 2025, un grand chantier d&rsquo;environ trois millions d&rsquo;euros. La circulation des trains sera largement perturb\u00e9e. ICI Provence vous explique.<\/p>\n<p>C&rsquo;est un chantier \u00e0 pr\u00e8s de trois millions d&rsquo;euros que lance SNCF R\u00e9seau sur\u00a0<a target=\"_blank\" rel=\"nofollow noopener noreferrer\" class=\"IciLink ici-link IciArticleLink g-ici-body-regular-1 underline brand svelte-lu7k6w\" href=\"https:\/\/www.ter.sncf.com\/sud-provence-alpes-cote-d-azur\/2025-travaux-marseille-st-antoine-aix-en-provence-lignes-12-13\">la ligne entre Marseille et Aix-en-Provence<\/a>. Un peu plus de <strong>trois mois de travaux<\/strong> entre ce lundi 8 septembre 2025 et le 19 d\u00e9cembre prochain.<\/p>\n<p>Pendant cette longue p\u00e9riode, la circulation des quelque <strong>76 trains quotidiens<\/strong> qui passent par cet axe, sera donc largement perturb\u00e9e ainsi que le quotidien de milliers de voyageurs proven\u00e7aux.<\/p>\n<p>Pourquoi ces travaux\u00a0?<\/p>\n<p>ICI Provence vous explique en quoi consiste ces travaux et comment ils vont se d\u00e9rouler.<\/p>\n<p>Concr\u00e8tement, il y a deux chantiers distincts.\u00a0D&rsquo;abord SNCF R\u00e9seau doit <strong>r\u00e9nover le viaduc de l&rsquo;Arc de Meyran<\/strong> au sud d&rsquo;Aix-en-Provence. Il s&rsquo;agit d&rsquo;un pont avec de grandes arches en pierres blanches. Il enjambe l&rsquo;autoroute A8.<\/p>\n<p>L&rsquo;ouvrage construit il y a plus de 150 ans, subit l&rsquo;usure du temps. SNCF R\u00e9seau doit mener des travaux d&rsquo;\u00e9tanch\u00e9it\u00e9 et de s\u00e9curit\u00e9 sur toute sa longueur d&rsquo;environ 600 m\u00e8tres.<\/p>\n<p>Le second chantier vise simplement \u00e0 cr\u00e9er entre Marseille et Aix, une nouvelle gare ou plus exactement <strong>une halte ferroviaire sur la zone commerciale de Plan-de-Campagne.<\/strong><\/p>\n<p>Quels impacts pour les voyageurs\u00a0?<\/p>\n<p>D\u00e8s ce lundi 8 septembre 2025, la circulation des trains sera interrompue entre Saint-Antoine, au nord de Marseille et Aix-en-Provence. Concr\u00e8tement les\u00a0gares de Sept\u00e8mes-les-Vallons, Simiane et Gardanne, ne sont pas desservies.<\/p>\n<p>Mais attention <strong>l&rsquo;interruption du trafic<\/strong> ferroviaire n&rsquo;est pr\u00e9vue qu&rsquo;en journ\u00e9e, <strong>de 9h30 \u00e0 15h30<\/strong>, du <strong>lundi au vendredi<\/strong>. En clair, pour minimiser l&rsquo;impact sur les voyageurs, les trains circulent normalement aux heures de pointe le matin et en fin de journ\u00e9e.<\/p>\n<p>Pendant la dur\u00e9e des travaux, des <strong>cars de substitution<\/strong> sont mis en place. Par ailleurs, les trains circulent tout \u00e0 fait normalement au d\u00e9part de Marseille Saint-Charles jusqu&rsquo;\u00e0 la gare de Saint-Antoine avec les arr\u00eats habituels \u00e0 Picon Busserine, Sainte-Marthe et Saint-Joseph. Et les deux sens sont desservis.<\/p>\n<p>A l&rsquo;issue de cette premi\u00e8re phase de travaux pr\u00e9vue jusqu&rsquo;au 19 d\u00e9cembre prochain, une seconde phase est programm\u00e9e cette fois la nuit, entre janvier et juillet 2026.<\/p>\n<p>Cet <a class=\"IciLink ici-link IciArticleLink g-ici-body-regular-1 underline brand svelte-lu7k6w\" href=\"https:\/\/www.francebleu.fr\/infos\/transports\/plus-de-ter-entre-marseille-et-aix-en-provence-interruption-du-trafic-en-semaine-de-8h55-a-14h45-pendant-deux-mois-8809199\" rel=\"nofollow noopener\" target=\"_blank\">axe ferroviaire<\/a>\u00a0strat\u00e9gique et tr\u00e8s emprunt\u00e9 o\u00f9 circule aussi <strong>la ligne Marseille &#8211; Brian\u00e7on<\/strong>, a d\u00e9j\u00e0 subi d&rsquo;importants travaux sur la m\u00eame p\u00e9riode en 2024.<\/p>\n","protected":false},"excerpt":{"rendered":"C&rsquo;est parti pour plus de trois mois de travaux sur la ligne ferroviaire entre Marseille et Aix. SNCF&hellip;\n","protected":false},"author":2,"featured_media":373281,"comment_status":"","ping_status":"","sticky":false,"template":"","format":"standard","meta":{"footnotes":""},"categories":[2814],"tags":[1111,11,1777,674,1011,27,884,12,882,25],"class_list":{"0":"post-373280","1":"post","2":"type-post","3":"status-publish","4":"format-standard","5":"has-post-thumbnail","7":"category-marseille","8":"tag-actu","9":"tag-actualites","10":"tag-eu","11":"tag-europe","12":"tag-fr","13":"tag-france","14":"tag-marseille","15":"tag-news","16":"tag-provence-alpes-cote-dazur","17":"tag-republique-francaise"},"share_on_mastodon":{"url":"https:\/\/pubeurope.com\/@fr\/115163844093481212","error":""},"_links":{"self":[{"href":"https:\/\/www.europesays.com\/fr\/wp-json\/wp\/v2\/posts\/373280","targetHints":{"allow":["GET"]}}],"collection":[{"href":"https:\/\/www.europesays.com\/fr\/wp-json\/wp\/v2\/posts"}],"about":[{"href":"https:\/\/www.europesays.com\/fr\/wp-json\/wp\/v2\/types\/post"}],"author":[{"embeddable":true,"href":"https:\/\/www.europesays.com\/fr\/wp-json\/wp\/v2\/users\/2"}],"replies":[{"embeddable":true,"href":"https:\/\/www.europesays.com\/fr\/wp-json\/wp\/v2\/comments?post=373280"}],"version-history":[{"count":0,"href":"https:\/\/www.europesays.com\/fr\/wp-json\/wp\/v2\/posts\/373280\/revisions"}],"wp:featuredmedia":[{"embeddable":true,"href":"https:\/\/www.europesays.com\/fr\/wp-json\/wp\/v2\/media\/373281"}],"wp:attachment":[{"href":"https:\/\/www.europesays.com\/fr\/wp-json\/wp\/v2\/media?parent=373280"}],"wp:term":[{"taxonomy":"category","embeddable":true,"href":"https:\/\/www.europesays.com\/fr\/wp-json\/wp\/v2\/categories?post=373280"},{"taxonomy":"post_tag","embeddable":true,"href":"https:\/\/www.europesays.com\/fr\/wp-json\/wp\/v2\/tags?post=373280"}],"curies":[{"name":"wp","href":"https:\/\/api.w.org\/{rel}","templated":true}]}}