{"id":373282,"date":"2025-09-07T15:59:10","date_gmt":"2025-09-07T15:59:10","guid":{"rendered":"https:\/\/www.europesays.com\/fr\/373282\/"},"modified":"2025-09-07T15:59:10","modified_gmt":"2025-09-07T15:59:10","slug":"ils-cambriolent-par-hasard-la-maison-de-lex-joueuse-de-lol-eugenie-le-sommer","status":"publish","type":"post","link":"https:\/\/www.europesays.com\/fr\/373282\/","title":{"rendered":"Ils cambriolent \u00ab\u00a0par hasard\u00a0\u00bb la maison de l\u2019ex joueuse de l\u2019OL Eug\u00e9nie Le Sommer"},"content":{"rendered":"<p>                            <img loading=\"lazy\" width=\"1200\" height=\"750\" class=\"attachment-article size-article wp-post-image lazyload\" alt=\"\" decoding=\"async\" src=\"https:\/\/www.europesays.com\/fr\/wp-content\/uploads\/2025\/09\/AFP__20241020__DPPI_40024077_023__v1__HighRes__FootballWomenSFrenchChampParisFcVLyon-e1736749940376..jpeg\" data-eio-rwidth=\"1200\" data-eio-rheight=\"750\"\/><\/p>\n<p>Eugenie Le Sommer, attaquante de l\u2019Olympique Lyonnais. (Photo by Melanie Laurent \/ A2M Sport Consulting \/ DPPI via AFP)<\/p>\n<p class=\"content\" style=\"font-size:1.2em;font-weight:700\">Le domicile de l\u2019ancienne joueuse de l\u2019Olympique Lyonnais, Eug\u00e9nie Le Sommer, a \u00e9t\u00e9 cambriol\u00e9 le 16 ao\u00fbt dernier. L\u2019un des suspects a assur\u00e9 qu\u2019il ne savait pas \u00e0 qui appartenait la maison.<\/p>\n<p>Alors que l\u2019ancienne attaquante de l\u2019Olympique Lyonnais se trouvait au Mexique avec son mari, son domicile, situ\u00e9 \u00e0 Meyzieu, a \u00e9t\u00e9 cambriol\u00e9 par deux individus le 16 ao\u00fbt dernier. Comme le rapportent nos confr\u00e8res du <a href=\"https:\/\/c.leprogres.fr\/faits-divers-justice\/2025\/09\/06\/les-cambrioleurs-devalisent-par-hasard-l-ex-joueuse-de-l-ol\" target=\"_blank\" rel=\"noreferrer noopener nofollow\">Progr\u00e8s<\/a>, les faits se sont d\u00e9roul\u00e9s aux alentours de 22 heures tandis que deux hommes ont escalad\u00e9 le portail puis forc\u00e9 une fen\u00eatre pour entrer. Ils ont r\u00e9ussi \u00e0 d\u00e9rober plusieurs bijoux et accessoires pour un montant d\u2019environ 10 000 euros. Mais alors que l\u2019alarme de la maison retentit, les deux malfrats partent en courant et laissent derri\u00e8re eux un tournevis et une partie du butin.<\/p>\n<p>Il est condamn\u00e9 \u00e0 deux ans et demi de prison<\/p>\n<p>La police identifie rapidement l\u2019un des suspects, un homme de 38 ans originaire de la commune et d\u00e9j\u00e0 condamn\u00e9 15 fois. Devant le tribunal, il reconna\u00eet les faits, mais assure qu\u2019il ne savait pas \u00e0 qui appartenait la maison. \u00c0 noter que le suspect \u00e9tait alors sous bracelet \u00e9lectronique au moment des faits. Il avait obtenu des horaires \u00e9largis pour pouvoir travailler. Le tribunal correctionnel de Lyon l\u2019a condamn\u00e9 \u00e0 deux ans et demi de prison.<\/p>\n<p>Son petit fr\u00e8re a \u00e9galement \u00e9t\u00e9 jug\u00e9 pour recel. Il a \u00e9t\u00e9 condamn\u00e9, quant \u00e0 lui, \u00e0 105 heures de travaux d\u2019int\u00e9r\u00eat g\u00e9n\u00e9ral.<\/p>\n","protected":false},"excerpt":{"rendered":"Eugenie Le Sommer, attaquante de l\u2019Olympique Lyonnais. (Photo by Melanie Laurent \/ A2M Sport Consulting \/ DPPI via&hellip;\n","protected":false},"author":2,"featured_media":373283,"comment_status":"","ping_status":"","sticky":false,"template":"","format":"standard","meta":{"footnotes":""},"categories":[1889],"tags":[1111,11,2430,1777,674,1011,27,2428,12,25],"class_list":{"0":"post-373282","1":"post","2":"type-post","3":"status-publish","4":"format-standard","5":"has-post-thumbnail","7":"category-lyon","8":"tag-actu","9":"tag-actualites","10":"tag-auvergne-rhone-alpes","11":"tag-eu","12":"tag-europe","13":"tag-fr","14":"tag-france","15":"tag-lyon","16":"tag-news","17":"tag-republique-francaise"},"share_on_mastodon":{"url":"https:\/\/pubeurope.com\/@fr\/115163848050196510","error":""},"_links":{"self":[{"href":"https:\/\/www.europesays.com\/fr\/wp-json\/wp\/v2\/posts\/373282","targetHints":{"allow":["GET"]}}],"collection":[{"href":"https:\/\/www.europesays.com\/fr\/wp-json\/wp\/v2\/posts"}],"about":[{"href":"https:\/\/www.europesays.com\/fr\/wp-json\/wp\/v2\/types\/post"}],"author":[{"embeddable":true,"href":"https:\/\/www.europesays.com\/fr\/wp-json\/wp\/v2\/users\/2"}],"replies":[{"embeddable":true,"href":"https:\/\/www.europesays.com\/fr\/wp-json\/wp\/v2\/comments?post=373282"}],"version-history":[{"count":0,"href":"https:\/\/www.europesays.com\/fr\/wp-json\/wp\/v2\/posts\/373282\/revisions"}],"wp:featuredmedia":[{"embeddable":true,"href":"https:\/\/www.europesays.com\/fr\/wp-json\/wp\/v2\/media\/373283"}],"wp:attachment":[{"href":"https:\/\/www.europesays.com\/fr\/wp-json\/wp\/v2\/media?parent=373282"}],"wp:term":[{"taxonomy":"category","embeddable":true,"href":"https:\/\/www.europesays.com\/fr\/wp-json\/wp\/v2\/categories?post=373282"},{"taxonomy":"post_tag","embeddable":true,"href":"https:\/\/www.europesays.com\/fr\/wp-json\/wp\/v2\/tags?post=373282"}],"curies":[{"name":"wp","href":"https:\/\/api.w.org\/{rel}","templated":true}]}}