{"id":373284,"date":"2025-09-07T16:00:15","date_gmt":"2025-09-07T16:00:15","guid":{"rendered":"https:\/\/www.europesays.com\/fr\/373284\/"},"modified":"2025-09-07T16:00:15","modified_gmt":"2025-09-07T16:00:15","slug":"journee-noire-dans-les-transports-en-commun-a-lyon-quelles-perturbations-sur-le-reseau-ce-lundi","status":"publish","type":"post","link":"https:\/\/www.europesays.com\/fr\/373284\/","title":{"rendered":"journ\u00e9e noire dans les transports en commun \u00e0 Lyon, quelles perturbations sur le r\u00e9seau ce lundi ?"},"content":{"rendered":"<p class=\"article__intro\">Le r\u00e9seau TCL, assurant les transports en commun de la m\u00e9tropole de Lyon sera fortement perturb\u00e9 ce lundi 8 septembre en raison d\u2019un mouvement social. Les usagers doivent s\u2019attendre \u00e0 une journ\u00e9e compliqu\u00e9e. Les syndicats annoncent \u00ab\u00a0une mobilisation historique\u00a0\u00bb qui pourrait durer si les salari\u00e9s n&rsquo;obtiennent pas satisfaction.<\/p>\n<p>\n      L\u2019actu des r\u00e9gions\n    <\/p>\n<p>\n      Chaque jour, un tour d\u2019horizon des principales infos de toutes les r\u00e9gions.\n    <\/p>\n<p>    France T\u00e9l\u00e9visions utilise votre adresse e-mail afin de vous envoyer la newsletter \u00ab\u00a0L\u2019actu des r\u00e9gions\u00a0\u00bb. Vous pouvez vous d\u00e9sinscrire \u00e0 tout moment via le lien en bas de cette newsletter. <a target=\"_blank\" href=\"https:\/\/www.francetelevisions.fr\/groupe\/confidentialite\/politique-de-confidentialite\/politique-de-confidentialite-de-france-televisions-6503\" rel=\"nofollow noopener\">Notre politique de confidentialit\u00e9<\/a><\/p>\n<p data-start=\"419\" data-end=\"767\">Le message tourne en boucle dans les stations de tram et de m\u00e9tro depuis quelques jours : le r\u00e9seau TCL sera fortement perturb\u00e9 demain lundi 8 septembre \u00e0 cause d\u2019un mouvement social. Les syndicats d\u00e9noncent une absence de revalorisation salariale \u00e0 la hauteur de l\u2019inflation et promettent un mouvement appel\u00e9 \u00e0 durer si leurs revendications ne sont pas entendues.<\/p>\n<p>\u00ab\u00a0On a des services o\u00f9 100 % sont d\u00e9clar\u00e9s gr\u00e9vistes, ce qui est la premi\u00e8re fois depuis plus de 15 ans, et ce qui d\u00e9note un fort m\u00e9contentement\u00a0\u00bb, souligne Ludovic Rioux, secr\u00e9taire \u00e0 la vie syndicale UD CGT.\u00a0 \u00ab\u00a0\u00c7a fait tr\u00e8s longtemps qu&rsquo;on n&rsquo;a pas vu \u00e7a aux TCL, la derni\u00e8re grande mobilisation date de 2009 quand Keolis a d\u00e9nonc\u00e9 l&rsquo;ensemble de nos accords\u00a0\u00bb, confirme Christian Schwetzoff secr\u00e9taire adjoint de l\u2019UGICT-CGT des TCL. \u00a0<\/p>\n<p data-start=\"802\" data-end=\"1210\">Avec pr\u00e8s de 700 agents d\u00e9clar\u00e9s gr\u00e9vistes, les usagers doivent donc se pr\u00e9parer \u00e0 un trafic tr\u00e8s limit\u00e9. Seuls les funiculaires et deux lignes de m\u00e9tro circuleront normalement (A et C). Le m\u00e9tro B et le m\u00e9tro D ne fonctionneront que partiellement et uniquement en journ\u00e9e.\u00a0<\/p>\n<p>\u00ab\u00a0Au PC m\u00e9tro, par exemple, il y a 80 gr\u00e9vistes, les agents d&rsquo;exploitation sur les lignes automatiques, c&rsquo;est pratiquement du 100%, \u00e7a ne va pas beaucoup rouler&#8230; \u00ab\u00a0, explique Christian Schwetzoff. Des services provisoires ont \u00e9t\u00e9 mis en place par l&rsquo;op\u00e9ration, \u00ab\u00a0ce qui permet d&rsquo;exploiter le m\u00e9tro, c&rsquo;est la restriction du droit de gr\u00e8ve, c&rsquo;est parce que la loi de 2007 permet de maintenir le service minimum. Sans cela, on aurait une tr\u00e8s grande majorit\u00e9 des agents en gr\u00e8ve\u00a0\u00bb ajoute\u00a0 Ludovic Rioux.\u00a0<\/p>\n<p>Du c\u00f4t\u00e9 des tramways, seule la ligne T2 et une partie de la ligne T3 seront assur\u00e9es. Toutes les autres lignes, de T1 \u00e0 T7, resteront \u00e0 l\u2019arr\u00eat.\u00a0C\u00f4t\u00e9 bus, seuls un tiers du r\u00e9seau fonctionnera normalement. Certains services ne rouleront que sur une partie de leur trajet ou avec une fr\u00e9quence fortement r\u00e9duite. Les usagers de lignes tr\u00e8s fr\u00e9quent\u00e9es, comme le C1 ou le C5, n\u2019auront tout simplement aucune solution demain.\u00a0<\/p>\n<p>Les lignes scolaires Junior Direct en revanche, ainsi que les lignes de bus des zones 3, 4 et 5 et les services Navig\u00f4ne et Rh\u00f4nexpress circuleront normalement.<\/p>\n<p>Totalement d\u00e9corr\u00e9l\u00e9, \u00e0 l&rsquo;origine, du mouvement social pr\u00e9vu le mercredi de la m\u00eame semaine, le 10 septembre, puisque pr\u00e9vu de longue date, la gr\u00e8ve des TCL pourrait n\u00e9anmoins n&rsquo;\u00eatre qu&rsquo;un d\u00e9but. \u00ab\u00a0C\u2019est un point de d\u00e9part, les salari\u00e9s dans leur ensemble savent tr\u00e8s bien qu&rsquo;une seule journ\u00e9e ne suffira pas\u00a0\u00bb, affirme Christian Schwetzoff. \u00ab\u00a0Si on n\u2019obtient pas nos revendications, c\u2019est un mouvement qui va se durcir et continue\u00a0\u00bb, pr\u00e9vient-il.<\/p>\n<p data-start=\"2868\" data-end=\"3033\">En attendant, la direction du r\u00e9seau invite les usagers \u00e0 anticiper leurs d\u00e9placements et \u00e0 consulter l\u2019application TCL pour suivre l\u2019\u00e9tat du trafic en temps r\u00e9el.<\/p>\n","protected":false},"excerpt":{"rendered":"Le r\u00e9seau TCL, assurant les transports en commun de la m\u00e9tropole de Lyon sera fortement perturb\u00e9 ce lundi&hellip;\n","protected":false},"author":2,"featured_media":373285,"comment_status":"","ping_status":"","sticky":false,"template":"","format":"standard","meta":{"footnotes":""},"categories":[1889],"tags":[1111,11,2430,1777,674,1011,27,2428,12,25],"class_list":{"0":"post-373284","1":"post","2":"type-post","3":"status-publish","4":"format-standard","5":"has-post-thumbnail","7":"category-lyon","8":"tag-actu","9":"tag-actualites","10":"tag-auvergne-rhone-alpes","11":"tag-eu","12":"tag-europe","13":"tag-fr","14":"tag-france","15":"tag-lyon","16":"tag-news","17":"tag-republique-francaise"},"share_on_mastodon":{"url":"https:\/\/pubeurope.com\/@fr\/115163851845337595","error":""},"_links":{"self":[{"href":"https:\/\/www.europesays.com\/fr\/wp-json\/wp\/v2\/posts\/373284","targetHints":{"allow":["GET"]}}],"collection":[{"href":"https:\/\/www.europesays.com\/fr\/wp-json\/wp\/v2\/posts"}],"about":[{"href":"https:\/\/www.europesays.com\/fr\/wp-json\/wp\/v2\/types\/post"}],"author":[{"embeddable":true,"href":"https:\/\/www.europesays.com\/fr\/wp-json\/wp\/v2\/users\/2"}],"replies":[{"embeddable":true,"href":"https:\/\/www.europesays.com\/fr\/wp-json\/wp\/v2\/comments?post=373284"}],"version-history":[{"count":0,"href":"https:\/\/www.europesays.com\/fr\/wp-json\/wp\/v2\/posts\/373284\/revisions"}],"wp:featuredmedia":[{"embeddable":true,"href":"https:\/\/www.europesays.com\/fr\/wp-json\/wp\/v2\/media\/373285"}],"wp:attachment":[{"href":"https:\/\/www.europesays.com\/fr\/wp-json\/wp\/v2\/media?parent=373284"}],"wp:term":[{"taxonomy":"category","embeddable":true,"href":"https:\/\/www.europesays.com\/fr\/wp-json\/wp\/v2\/categories?post=373284"},{"taxonomy":"post_tag","embeddable":true,"href":"https:\/\/www.europesays.com\/fr\/wp-json\/wp\/v2\/tags?post=373284"}],"curies":[{"name":"wp","href":"https:\/\/api.w.org\/{rel}","templated":true}]}}