{"id":373286,"date":"2025-09-07T16:02:10","date_gmt":"2025-09-07T16:02:10","guid":{"rendered":"https:\/\/www.europesays.com\/fr\/373286\/"},"modified":"2025-09-07T16:02:10","modified_gmt":"2025-09-07T16:02:10","slug":"ratp-et-sncf-les-perturbations-prevues-dans-les-transports-a-paris-et-en-ile-de-france-cette-semaine-agitee","status":"publish","type":"post","link":"https:\/\/www.europesays.com\/fr\/373286\/","title":{"rendered":"RATP et SNCF. Les perturbations pr\u00e9vues dans les transports \u00e0 Paris et en \u00cele-de-France cette semaine agit\u00e9e"},"content":{"rendered":"<p>            Par<br \/>\n        <strong><br \/>\n            <a href=\"https:\/\/actu.fr\/auteur\/redaction-paris\" title=\"Consulter tous les articles de R\u00e9daction Paris\" target=\"_blank\" rel=\"noopener\">R\u00e9daction Paris<\/a><br \/>\n        <\/strong><\/p>\n<p>        Publi\u00e9 le<\/p>\n<p>            7 sept. 2025 \u00e0 17h14        <\/p>\n<p>Si comme chaque semaine, des travaux vont entra\u00eener des perturbations sur les r\u00e9seaux de la <a href=\"https:\/\/actu.fr\/tag\/ratp\" target=\"_blank\" rel=\"noopener\">RATP<\/a> et de la <a href=\"https:\/\/actu.fr\/tag\/sncf\" target=\"_blank\" rel=\"noopener\">SNCF<\/a> \u00e0 Paris et en \u00cele-de-France, la situation devrait \u00e9galement se d\u00e9grader mercredi 10 septembre \u00e0 l\u2019appel du mouvement <a href=\"https:\/\/actu.fr\/ile-de-france\/paris_75056\/bloquons-tout-a-quoi-faut-il-s-attendre-mercredi-10-septembre-a-paris-et-en-ile-de-france_63126463.html\" target=\"_blank\" rel=\"noopener\">\u00ab\u00a0Bloquons tout\u00a0\u00bb<\/a>. Si l\u2019on ignore pour l\u2019instant les d\u00e9tails, les transports en commun ne devraient pas \u00eatre \u00e9pargn\u00e9s. Reste \u00e0 savoir \u00e0 quel niveau\u2026<\/p>\n<p>Les perturbations dans le m\u00e9tro<\/p>\n<ul class=\" wall-content\">\n<li><strong>Ligne 6 :<\/strong>\u00a0jusqu\u2019au 28 septembre, l\u2019arr\u00eat n\u2019est pas desservi \u00e0 Cambronne en raison de travaux de modernisation.\u00a0<\/li>\n<li><strong>Ligne 10 : <\/strong>du dimanche au jeudi inclus, d\u00e8s 22h30 jusqu\u2019au lendemain matin, le trafic est interrompu sur l\u2019ensemble de la ligne. Et ce jusqu\u2019au jeudi 2 octobre.\u00a0<\/li>\n<\/ul>\n<p>Les perturbations dans le RER<\/p>\n<ul class=\" wall-content\">\n<li><strong>RER A :<\/strong> jusqu\u2019au vendredi 10 octobre, d\u00e8s 22h45, Le trafic est interrompu entre Paris Gare du Nord et A\u00e9roport Charles De Gaulle 2-TGV\/Mitry-Claye. Un service de bus de remplacement est mis en place, avec desserte des gares interm\u00e9diaires.<\/li>\n<li><strong><strong>RER B : <\/strong><\/strong>le week-end du 13 et 14 septembre 2025, le trafic sera interrompu entre Paris Nord et A\u00e9roport CDG2-TGV. Un service de bus de remplacement sera mis en place, avec desserte des gares interm\u00e9diaires.<\/li>\n<li><strong>RER D :<\/strong> jusqu\u2019au 31 octobre, du lundi au vendredi \u00e0 partir de 23h20, le trafic est interrompu entre Gare du Nord et Creil en raison de travaux. Bus en place.\u00a0<\/li>\n<\/ul>\n<p>Les perturbations dans le Transilien<\/p>\n<ul class=\" wall-content\">\n<li><strong><strong>Ligne J : l<\/strong><\/strong>es week-ends du 13-14 et 20-21 septembre, le trafic est interrompu entre Paris Saint-Lazare et Val de Reuil.<\/li>\n<li><strong>Ligne K :<\/strong> jusqu\u2019au vendredi 19 d\u00e9cembre en soir\u00e9e, le trafic est interrompu entre Paris Gare du Nord et Cr\u00e9py-en-Valois.<\/li>\n<li><strong><strong>Ligne L : l<\/strong><\/strong>es week-ends des 13-14, 20-21, 27-28 septembre et 04-05 octobre, le trafic est interrompu entre Suresnes Mont Val\u00e9rien et Versailles Rive Droite \/ Saint-Nom-la-Bret\u00e8che. De plus, moins de trains circulent entre La D\u00e9fense et Suresnes Mont Val\u00e9rien.<\/li>\n<li><strong>Ligne N :<\/strong> jusqu\u2019au vendredi 12 d\u00e9cembre, le trafic est interrompu entre Paris Est et Coulommiers en semaine \u00e0 partir de 21h30.\u00a0<\/li>\n<li><strong>Ligne R :<\/strong> jusqu\u2019au vendredi 19 septembre, le trafic est interrompu entre Melun et Montereau via H\u00e9ricy. Un service de bus de remplacement est mis en place, avec desserte des gares interm\u00e9diaires.<\/li>\n<li><strong>Ligne U :<\/strong> jusqu\u2019au vendredi 12 septembre, le trafic est interrompu entre La D\u00e9fense et La Verri\u00e8re. Dernier train de La D\u00e9fense pour La Verri\u00e8re : VERI de 22h15. Dernier train de La Verri\u00e8re pour La D\u00e9fense: DEFI de 21h20. Un service de bus de remplacement est mis en place, avec desserte des gares interm\u00e9diaires.<\/li>\n<\/ul>\n<p>Les perturbations sur les lignes de tramway<\/p>\n<ul class=\" wall-content\">\n<li><strong>T1 :<\/strong> le trafic est interrompu entre Asni\u00e8res \u2013 Quatre Routes et Gare de Saint-Denis et perturb\u00e9 sur le reste de la ligne en raison d\u2019une d\u00e9gradation par un tiers \u00e0 L\u2019\u00cele-Saint-Denis. Pas de reprise pr\u00e9vue jusqu\u2019\u00e0 nouvel ordre.<\/li>\n<li><strong>T2\u2009:<\/strong> jusqu\u2019au 2 novembre 2025, le trafic est interrompu entre Porte de Versailles et Suzanne Lenglen en raison d\u2019importants travaux de modernisation. Pour rejoindre la Porte de Versailles, depuis Suzanne Lenglen, rejoindre \u00e0 pied la station Balard du T3a.<\/li>\n<li><strong>T4 :<\/strong> jusqu\u2019au samedi 4 octobre au matin, le trafic est interrompu entre les stations Gargan et Aulnay-sous-Bois dans les deux sens \u00e0 partir de 22h55. Dernier tram au d\u00e9part d\u2019Aulnay-sous-Bois et Bondy \u00e0 22h47. Les tramways circulent entre Bondy et H\u00f4pital de Montfermeil jusqu\u2019\u00e0 la fin de service. Ils desservent les stations entre Bondy et Gargan.Le premier tram de Bondy vers Aulnay-sous-Bois est \u00e0 5h06 du mardi au vendredi et \u00e0 5h15 le samedi. Premier tram d\u2019Aulnay-sous-Bois vers Bondy est \u00e0 5h04 du mardi au vendredi et \u00e0 5h18 le samedi. Un service de bus de remplacement est mis en place avec desserte des stations interm\u00e9diaires.<\/li>\n<\/ul>\n<p class=\" wall-content\">Personnalisez votre actualit\u00e9 en ajoutant vos villes et m\u00e9dias en favori avec <a href=\"https:\/\/moncompte.actu.fr\" title=\"D\u00e9couvez Mon Actu\" rel=\"nofollow noopener\" data-trk=\"{&quot;cta&quot;:{&quot;action&quot;:&quot;https:\\\/\\\/moncompte.actu.fr&quot;,&quot;category&quot;:&quot;mon compte&quot;,&quot;from&quot;:&quot;article footer&quot;,&quot;name&quot;:&quot;Mon actu&quot;,&quot;type&quot;:&quot;cta&quot;}}\" target=\"_blank\">Mon Actu<\/a>.<\/p>\n","protected":false},"excerpt":{"rendered":"Par R\u00e9daction Paris Publi\u00e9 le 7 sept. 2025 \u00e0 17h14 Si comme chaque semaine, des travaux vont entra\u00eener&hellip;\n","protected":false},"author":2,"featured_media":293317,"comment_status":"","ping_status":"","sticky":false,"template":"","format":"standard","meta":{"footnotes":""},"categories":[1592],"tags":[1111,11,1777,674,1011,27,662,12,626,625,25,2215,104],"class_list":{"0":"post-373286","1":"post","2":"type-post","3":"status-publish","4":"format-standard","5":"has-post-thumbnail","7":"category-ile-de-france","8":"tag-actu","9":"tag-actualites","10":"tag-eu","11":"tag-europe","12":"tag-fr","13":"tag-france","14":"tag-ile-de-france","15":"tag-news","16":"tag-paris","17":"tag-ratp","18":"tag-republique-francaise","19":"tag-sncf","20":"tag-societe"},"share_on_mastodon":{"url":"https:\/\/pubeurope.com\/@fr\/115163859812756754","error":""},"_links":{"self":[{"href":"https:\/\/www.europesays.com\/fr\/wp-json\/wp\/v2\/posts\/373286","targetHints":{"allow":["GET"]}}],"collection":[{"href":"https:\/\/www.europesays.com\/fr\/wp-json\/wp\/v2\/posts"}],"about":[{"href":"https:\/\/www.europesays.com\/fr\/wp-json\/wp\/v2\/types\/post"}],"author":[{"embeddable":true,"href":"https:\/\/www.europesays.com\/fr\/wp-json\/wp\/v2\/users\/2"}],"replies":[{"embeddable":true,"href":"https:\/\/www.europesays.com\/fr\/wp-json\/wp\/v2\/comments?post=373286"}],"version-history":[{"count":0,"href":"https:\/\/www.europesays.com\/fr\/wp-json\/wp\/v2\/posts\/373286\/revisions"}],"wp:featuredmedia":[{"embeddable":true,"href":"https:\/\/www.europesays.com\/fr\/wp-json\/wp\/v2\/media\/293317"}],"wp:attachment":[{"href":"https:\/\/www.europesays.com\/fr\/wp-json\/wp\/v2\/media?parent=373286"}],"wp:term":[{"taxonomy":"category","embeddable":true,"href":"https:\/\/www.europesays.com\/fr\/wp-json\/wp\/v2\/categories?post=373286"},{"taxonomy":"post_tag","embeddable":true,"href":"https:\/\/www.europesays.com\/fr\/wp-json\/wp\/v2\/tags?post=373286"}],"curies":[{"name":"wp","href":"https:\/\/api.w.org\/{rel}","templated":true}]}}