{"id":373295,"date":"2025-09-07T16:07:12","date_gmt":"2025-09-07T16:07:12","guid":{"rendered":"https:\/\/www.europesays.com\/fr\/373295\/"},"modified":"2025-09-07T16:07:12","modified_gmt":"2025-09-07T16:07:12","slug":"une-attaque-russe-sans-precedent-et-macron-denonce-une-logique-de-terreur","status":"publish","type":"post","link":"https:\/\/www.europesays.com\/fr\/373295\/","title":{"rendered":"Une attaque russe sans pr\u00e9c\u00e9dent et Macron d\u00e9nonce une \u00ab\u00a0logique de terreur\u00a0\u00bb"},"content":{"rendered":"<p>Vous avez rat\u00e9 les derniers \u00e9v\u00e9nements sur la <a href=\"https:\/\/www.20minutes.fr\/monde\/ukraine\/\" class=\"c-link c-link--is-underlined\" target=\"_blank\" rel=\"noopener\">guerre en Ukraine<\/a>\u00a0? 20 Minutes fait le point pour vous tous les soirs. Voici l\u2019essentiel de ce dimanche 7\u00a0septembre, 1.292e jour du conflit.<\/p>\n<p>Le fait du jour<\/p>\n<p>Une attaque a\u00e9rienne d\u2019une ampleur in\u00e9dite subie par l\u2019Ukraine. Selon son arm\u00e9e de l\u2019air, la <a href=\"https:\/\/www.20minutes.fr\/monde\/russie\/\" class=\"c-link c-link--is-underlined\" target=\"_blank\" rel=\"noopener\">Russie <\/a>a tir\u00e9 810 drones et 13 missiles sur l\u2019Ukraine entre samedi soir et dimanche matin. C\u2019est la plus grande attaque a\u00e9rienne depuis le d\u00e9but du conflit en f\u00e9vrier\u00a02022.<\/p>\n<p>A <a href=\"https:\/\/www.20minutes.fr\/dossier\/kiev\" class=\"c-link c-link--is-underlined\" target=\"_blank\" rel=\"noopener\">Kiev<\/a>, plusieurs immeubles r\u00e9sidentiels ont \u00e9galement \u00e9t\u00e9 endommag\u00e9s mais \u00e9galement le si\u00e8ge du gouvernement Un journaliste de l\u2019AFP a vu le toit de l\u2019imposant b\u00e2timent abritant le Conseil des ministres en feu et des volutes de fum\u00e9e grise s\u2019en \u00e9chappant. Des h\u00e9licopt\u00e8res l\u00e2chaient de l\u2019eau sur l\u2019\u00e9difice, situ\u00e9 en plein c\u0153ur de Kiev, proche de la pr\u00e9sidence et du Parlement.<\/p>\n<\/p>\n<p>Plusieurs autres r\u00e9gions ont \u00e9t\u00e9 touch\u00e9es au-del\u00e0 de la capitale. Au total, cinq personnes ont \u00e9t\u00e9 tu\u00e9es, dont deux \u00e0 Kiev \u2013 une jeune femme et son fils \u00e2g\u00e9 de deux mois, a pr\u00e9cis\u00e9 le maire Vitali Klitschko \u2013, et plus d\u2019une vingtaine de personnes ont \u00e9t\u00e9 bless\u00e9es. Au moins deux autres personnes ont trouv\u00e9 la mort dans des attaques locales s\u00e9par\u00e9es, selon les autorit\u00e9s ukrainiennes.<\/p>\n<p>Le chiffre du jour<\/p>\n<p>747. C\u2019est le nombre de drones intercept\u00e9s &#8211; sur 810- par l\u2019arm\u00e9e de l\u2019Air ukrainienne. Cette derni\u00e8re affirme avoir \u00e9galement intercept\u00e9 4 des 13 missiles tir\u00e9s par les Russes.<\/p>\n<p>La d\u00e9claration du jour<\/p>\n<blockquote class=\"mx-m@xs mx-xxl@md color-ultramarine c-citation\">\n<p class=\"font-weight-regular@xs text-italic font-source-serif-pro text-l@xs c-citation__content\">\u00ab\u00a0La Russie s\u2019enferme toujours un peu plus dans la logique de la guerre et de la terreur.\u00a0\u00bb<\/p>\n<\/blockquote>\n<p><a href=\"https:\/\/www.20minutes.fr\/politique\/emmanuel-macron\/\" class=\"c-link c-link--is-underlined\" target=\"_blank\" rel=\"noopener\">Emmanuel Macron<\/a> a d\u00e9nonc\u00e9 l\u2019attaque a\u00e9rienne XXL de la Russie contre l\u2019Ukraine, ce dimanche. Des frappes \u00ab\u00a0de mani\u00e8re indiscrimin\u00e9e, y compris [sur] des zones r\u00e9sidentielles et le si\u00e8ge du gouvernement\u00a0\u00bb, assurant que la France continuerait \u00ab\u00a0\u00e0 tout faire pour qu\u2019une paix juste et durable l\u2019emporte\u00a0\u00bb.<\/p>\n<p>La tendance<\/p>\n<p>Apr\u00e8s cette attaque a\u00e9rienne sans pr\u00e9c\u00e9dent, les r\u00e9actions n\u2019ont pas manqu\u00e9. En Ukraine, on attend la prise de sanctions contre la Russie. Ioulia Svyrydenko, la Premi\u00e8re ministre ukrainienne, a estim\u00e9\u00a0: \u00ab\u00a0Le monde doit r\u00e9pondre \u00e0 cette destruction non seulement par des mots, mais par des actions. Nous devons renforcer la pression des sanctions, principalement contre le p\u00e9trole et le gaz russes.\u00a0\u00bb Elle a \u00e9galement r\u00e9clam\u00e9 des \u00ab\u00a0armes\u00a0\u00bb pour son arm\u00e9e.<\/p>\n<p>Outre la r\u00e9action d\u2019Emmanuel Macron, la pr\u00e9sidente de la Commission europ\u00e9enne Ursula von der Leyen a regrett\u00e9 que \u00ab\u00a0le Kremlin bafoue la diplomatie, foule aux pieds le droit international et tue sans discernement\u00a0\u00bb.<\/p>\n<p>Du c\u00f4t\u00e9 de Londres, le Premier ministre britannique Keir Starmer a qualifi\u00e9 ces frappes de \u00ab\u00a0l\u00e2ches\u00a0\u00bb. \u00ab\u00a0Pour la premi\u00e8re fois, le c\u0153ur du gouvernement civil ukrainien a \u00e9t\u00e9 touch\u00e9. Ces frappes l\u00e2ches montrent que Poutine se croit impuni. Il ne prend pas la paix au s\u00e9rieux. Aujourd\u2019hui plus que jamais, nous devons maintenir fermement notre soutien \u00e0 l\u2019Ukraine et \u00e0 sa souverainet\u00e9.\u00a0\u00bb<\/p>\n<p>Une coalition de 26 pays, principalement europ\u00e9ens, se dit <a href=\"https:\/\/www.20minutes.fr\/monde\/ukraine\/4171337-20250905-direct-guerre-ukraine-trump-doit-parler-poutine-kremlin-accuse-europeens-entraver-paix\" target=\"_blank\" class=\"c-link c-link--is-underlined\" rel=\"noopener\">pr\u00eate \u00e0 d\u00e9ployer des moyens<\/a> pour fournir des garanties de s\u00e9curit\u00e9 \u00e0 l\u2019Ukraine<\/p>\n","protected":false},"excerpt":{"rendered":"Vous avez rat\u00e9 les derniers \u00e9v\u00e9nements sur la guerre en Ukraine\u00a0? 20 Minutes fait le point pour vous&hellip;\n","protected":false},"author":2,"featured_media":373296,"comment_status":"","ping_status":"","sticky":false,"template":"","format":"standard","meta":{"footnotes":""},"categories":[1591],"tags":[47,11,1813,4755,564,1073,1887,131,3343,74,12,1885,1886,132,135,134],"class_list":{"0":"post-373295","1":"post","2":"type-post","3":"status-publish","4":"format-standard","5":"has-post-thumbnail","7":"category-russie","8":"tag-actualite","9":"tag-actualites","10":"tag-armee","11":"tag-bombardement","12":"tag-drone","13":"tag-emmanuel-macron","14":"tag-federation-de-russie","15":"tag-guerre-en-ukraine","16":"tag-missile","17":"tag-monde","18":"tag-news","19":"tag-russia","20":"tag-russian-federation","21":"tag-russie","22":"tag-vladimir-poutine","23":"tag-volodymyr-zelensky"},"share_on_mastodon":{"url":"https:\/\/pubeurope.com\/@fr\/115163879476167743","error":""},"_links":{"self":[{"href":"https:\/\/www.europesays.com\/fr\/wp-json\/wp\/v2\/posts\/373295","targetHints":{"allow":["GET"]}}],"collection":[{"href":"https:\/\/www.europesays.com\/fr\/wp-json\/wp\/v2\/posts"}],"about":[{"href":"https:\/\/www.europesays.com\/fr\/wp-json\/wp\/v2\/types\/post"}],"author":[{"embeddable":true,"href":"https:\/\/www.europesays.com\/fr\/wp-json\/wp\/v2\/users\/2"}],"replies":[{"embeddable":true,"href":"https:\/\/www.europesays.com\/fr\/wp-json\/wp\/v2\/comments?post=373295"}],"version-history":[{"count":0,"href":"https:\/\/www.europesays.com\/fr\/wp-json\/wp\/v2\/posts\/373295\/revisions"}],"wp:featuredmedia":[{"embeddable":true,"href":"https:\/\/www.europesays.com\/fr\/wp-json\/wp\/v2\/media\/373296"}],"wp:attachment":[{"href":"https:\/\/www.europesays.com\/fr\/wp-json\/wp\/v2\/media?parent=373295"}],"wp:term":[{"taxonomy":"category","embeddable":true,"href":"https:\/\/www.europesays.com\/fr\/wp-json\/wp\/v2\/categories?post=373295"},{"taxonomy":"post_tag","embeddable":true,"href":"https:\/\/www.europesays.com\/fr\/wp-json\/wp\/v2\/tags?post=373295"}],"curies":[{"name":"wp","href":"https:\/\/api.w.org\/{rel}","templated":true}]}}