{"id":373297,"date":"2025-09-07T16:08:13","date_gmt":"2025-09-07T16:08:13","guid":{"rendered":"https:\/\/www.europesays.com\/fr\/373297\/"},"modified":"2025-09-07T16:08:13","modified_gmt":"2025-09-07T16:08:13","slug":"qui-est-derriere-skyshield-linitiative-militaire-qui-propose-de-proteger-le-ciel-ukrainien-liberation","status":"publish","type":"post","link":"https:\/\/www.europesays.com\/fr\/373297\/","title":{"rendered":"Qui est derri\u00e8re \u00abSkyShield\u00bb, l\u2019initiative militaire qui propose de prot\u00e9ger le ciel ukrainien\u00a0? \u2013 Lib\u00e9ration"},"content":{"rendered":"<p class=\"sc-cPiKLX AiZTS text-element\">\u00abSauvons les civils des drones russes, prot\u00e9geons le ciel de l\u2019Ukraine.\u00bb C\u2019est le mot d\u2019ordre de <a href=\"https:\/\/www.change.org\/p\/skyshield-sauvons-les-civils-des-drones-russes-prot%C3%A9geons-le-ciel-de-l-ukraine\" target=\"_blank\" rel=\"nofollow noopener\" title=\"https:\/\/www.change.org\/p\/skyshield-sauvons-les-civils-des-drones-russes-prot%C3%A9geons-le-ciel-de-l-ukraine\">cette p\u00e9tition<\/a>, lanc\u00e9e le 31 ao\u00fbt, qui d\u00e9passe d\u00e9sormais les 41 000 signatures, et a ralli\u00e9 des politiques et militaires. Le texte, initiative du \u00abcollectif SkyShield France\u00bb, demande la mobilisation de \u00abmoyens a\u00e9riens et logistiques pour prot\u00e9ger l\u2019espace a\u00e9rien ukrainien\u00bb. Un appel qui r\u00e9sonne avec l\u2019actualit\u00e9, alors que <a href=\"https:\/\/www.liberation.fr\/international\/europe\/le-toit-et-les-etages-superieurs-endommages-le-siege-du-gouvernement-touche-a-kyiv-au-moins-deux-morts-apres-des-bombardements-russes-20250907_RVZLTS326BDXLPLXBYEZSBX2CU\/\" target=\"_blank\" rel=\"nofollow noopener\" title=\"https:\/\/www.liberation.fr\/international\/europe\/le-toit-et-les-etages-superieurs-endommages-le-siege-du-gouvernement-touche-a-kyiv-au-moins-deux-morts-apres-des-bombardements-russes-20250907_RVZLTS326BDXLPLXBYEZSBX2CU\/\">la plus grande attaque a\u00e9rienne<\/a> depuis le d\u00e9but du conflit a eu lieu dans la nuit de samedi 6 \u00e0 dimanche 7 septembre, avec plus de 800 drones tir\u00e9s par la Russie d\u2019apr\u00e8s l\u2019arm\u00e9e ukrainienne. <\/p>\n<p class=\"sc-cPiKLX AiZTS text-element\">\u00ab93 % des missiles visent d\u00e9lib\u00e9r\u00e9ment des infrastructures civiles\u00bb, pointent les auteurs de la p\u00e9tition, qui liste des in <\/p>\n","protected":false},"excerpt":{"rendered":"\u00abSauvons les civils des drones russes, prot\u00e9geons le ciel de l\u2019Ukraine.\u00bb C\u2019est le mot d\u2019ordre de cette p\u00e9tition,&hellip;\n","protected":false},"author":2,"featured_media":373298,"comment_status":"","ping_status":"","sticky":false,"template":"","format":"standard","meta":{"footnotes":""},"categories":[1590],"tags":[11,1777,674,12,220,297],"class_list":{"0":"post-373297","1":"post","2":"type-post","3":"status-publish","4":"format-standard","5":"has-post-thumbnail","7":"category-ukraine","8":"tag-actualites","9":"tag-eu","10":"tag-europe","11":"tag-news","12":"tag-ukraine","13":"tag-ukraine-la-crise"},"share_on_mastodon":{"url":"https:\/\/pubeurope.com\/@fr\/115163883331095330","error":""},"_links":{"self":[{"href":"https:\/\/www.europesays.com\/fr\/wp-json\/wp\/v2\/posts\/373297","targetHints":{"allow":["GET"]}}],"collection":[{"href":"https:\/\/www.europesays.com\/fr\/wp-json\/wp\/v2\/posts"}],"about":[{"href":"https:\/\/www.europesays.com\/fr\/wp-json\/wp\/v2\/types\/post"}],"author":[{"embeddable":true,"href":"https:\/\/www.europesays.com\/fr\/wp-json\/wp\/v2\/users\/2"}],"replies":[{"embeddable":true,"href":"https:\/\/www.europesays.com\/fr\/wp-json\/wp\/v2\/comments?post=373297"}],"version-history":[{"count":0,"href":"https:\/\/www.europesays.com\/fr\/wp-json\/wp\/v2\/posts\/373297\/revisions"}],"wp:featuredmedia":[{"embeddable":true,"href":"https:\/\/www.europesays.com\/fr\/wp-json\/wp\/v2\/media\/373298"}],"wp:attachment":[{"href":"https:\/\/www.europesays.com\/fr\/wp-json\/wp\/v2\/media?parent=373297"}],"wp:term":[{"taxonomy":"category","embeddable":true,"href":"https:\/\/www.europesays.com\/fr\/wp-json\/wp\/v2\/categories?post=373297"},{"taxonomy":"post_tag","embeddable":true,"href":"https:\/\/www.europesays.com\/fr\/wp-json\/wp\/v2\/tags?post=373297"}],"curies":[{"name":"wp","href":"https:\/\/api.w.org\/{rel}","templated":true}]}}