{"id":373309,"date":"2025-09-07T16:14:10","date_gmt":"2025-09-07T16:14:10","guid":{"rendered":"https:\/\/www.europesays.com\/fr\/373309\/"},"modified":"2025-09-07T16:14:10","modified_gmt":"2025-09-07T16:14:10","slug":"en-direct-france-afrique-du-sud-emilie-boulard-inscrit-le-premier-essai-suivez-le-match-de-la-coupe-du-monde-feminine-de-rugby","status":"publish","type":"post","link":"https:\/\/www.europesays.com\/fr\/373309\/","title":{"rendered":"EN DIRECT | France &#8211; Afrique du Sud\u00a0: Emilie Boulard inscrit le premier essai, suivez le match de la Coupe du monde f\u00e9minine de rugby"},"content":{"rendered":"\n<p class=\"article__paragraph  \">Bienvenue dans ce direct consacr\u00e9 \u00e0 la troisi\u00e8me et derni\u00e8re journ\u00e9e de la poule\u00a0D de la Coupe du monde f\u00e9minine de rugby, entre la France et l\u2019Afrique du Sud.<\/p>\n<p class=\"article__paragraph  \"><strong>De quoi s\u2019agit-il\u00a0? <\/strong>Du dernier match des Fran\u00e7aises avant les quarts de finale, dans ce Mondial organis\u00e9 en Angleterre, du\u00a022\u00a0ao\u00fbt\u00a0au\u00a027\u00a0septembre\u00a02025. Et si les Bleues sont d\u00e9j\u00e0 qualifi\u00e9es pour le tour suivant, ce duel face aux Sud-Africaines n\u2019est pas \u00e0 prendre \u00e0 la l\u00e9g\u00e8re, puisque l\u2019\u00e9quipe vainqueure terminera premi\u00e8re du groupe. Elle \u00e9vitera ainsi de croiser directement le fer avec la Nouvelle-Z\u00e9lande, ce qui n\u2019est jamais une mauvaise chose.<\/p>\n<p class=\"article__paragraph  \"><strong>O\u00f9\u00a0? <\/strong>Au Franklin\u2019s Gardens de Northampton, en Angleterre.<\/p>\n<p class=\"article__paragraph  \"><strong>A quelle heure\u00a0?<\/strong> Coup d\u2019envoi \u00e0 17\u00a0h\u00a045.<\/p>\n<p class=\"article__paragraph  \"><strong>Sur quelle cha\u00eene\u00a0? <\/strong>Sur France 2.<\/p>\n<p class=\"article__paragraph  \"><strong>Qui live\u00a0? <\/strong>S\u2019ils n\u2019ont pas rev\u00eatu les casques, Valentin Moinard et Oscar Korbosli ont mis les prot\u00e8ge-dents pour tenir 80\u00a0minutes d\u2019intensit\u00e9 depuis le kop d\u2019Austerlitz. Pas s\u00fbr en revanche que ce soit id\u00e9al pour la communication.<\/p>\n<p class=\"article__paragraph  \"><strong>Les compositions des \u00e9quipes\u00a0:<\/strong><\/p>\n<p class=\"article__paragraph  \">Boulard \u2013 Grisez, Konde, Vernier, M.\u00a0M\u00e9nager (cap.) \u2013 (o) Queyroi, (m) Bourdon Sansus \u2013 Champon, Escudero, Berthoumieu \u2013 Fall Raclot, M.\u00a0Feleu (cap.) \u2013 Bernadou, G\u00e9rin, Brosseau.<\/p>\n<p class=\"article__paragraph  \">Rempla\u00e7antes\u00a0: Riffonneau, Deshaye, Khalfaoui, Ikahehegi, Maka, Okemba, Chambon, Bourgeois<\/p>\n<p class=\"article__paragraph  \">S\u00e9lectionneurs\u00a0: Ga\u00eblle Mignot et David Ortiz<\/p>\n<p class=\"article__paragraph  \">Dolf \u2013 Cilliers, Webb, Qawe, Samboya \u2013 (o) Zulu, (m) Roos \u2013 Jacobs, Hele, Makua \u2013 Qolo, Ubisi \u2013 Latsha (cap.), Gunter, Ngxingolo<\/p>\n<p class=\"article__paragraph  \">Rempla\u00e7antes\u00a0: Hanekom, Khuzwayo, Mdliki, Mokwai, Tshauje, Mcatshulwa, Kinsler, Ngwevu<\/p>\n<p class=\"article__paragraph  \">S\u00e9lectionneur\u00a0: Swys de Bruin<\/p>\n<p class=\"article__paragraph  \"><strong>Qui arbitre\u00a0?<\/strong> L\u2019Italienne Clara Munarini.<\/p>\n<p class=\"article__paragraph  \"><strong>De quoi ne parlera-t-on pas\u00a0? <\/strong><a href=\"https:\/\/www.lemonde.fr\/pixels\/article\/2025\/09\/01\/game-over-pour-les-nintendo-3ds-du-musee-du-louvre_6637992_4408996.html\" rel=\"nofollow noopener\" target=\"_blank\">Du \u00ab\u00a0Game over\u00a0\u00bb pour les Nintendo 3DS du Mus\u00e9e du Louvre<\/a><\/p>\n<p class=\"article__paragraph  \"><strong>Demandez le programme\u2026 <\/strong><a href=\"https:\/\/www.lemonde.fr\/football\/article\/2023\/01\/12\/les-prochains-lives-sport-du-monde_6157620_1616938.html\" rel=\"nofollow noopener\" target=\"_blank\">Les prochains directs sport du \u00ab\u00a0Monde\u00a0\u00bb<\/a><\/p>\n","protected":false},"excerpt":{"rendered":"Bienvenue dans ce direct consacr\u00e9 \u00e0 la troisi\u00e8me et derni\u00e8re journ\u00e9e de la poule\u00a0D de la Coupe du&hellip;\n","protected":false},"author":2,"featured_media":373310,"comment_status":"","ping_status":"","sticky":false,"template":"","format":"standard","meta":{"footnotes":""},"categories":[2],"tags":[11,1011,27,12,25],"class_list":{"0":"post-373309","1":"post","2":"type-post","3":"status-publish","4":"format-standard","5":"has-post-thumbnail","7":"category-actualites","8":"tag-actualites","9":"tag-fr","10":"tag-france","11":"tag-news","12":"tag-republique-francaise"},"share_on_mastodon":{"url":"https:\/\/pubeurope.com\/@fr\/115163906998407979","error":""},"_links":{"self":[{"href":"https:\/\/www.europesays.com\/fr\/wp-json\/wp\/v2\/posts\/373309","targetHints":{"allow":["GET"]}}],"collection":[{"href":"https:\/\/www.europesays.com\/fr\/wp-json\/wp\/v2\/posts"}],"about":[{"href":"https:\/\/www.europesays.com\/fr\/wp-json\/wp\/v2\/types\/post"}],"author":[{"embeddable":true,"href":"https:\/\/www.europesays.com\/fr\/wp-json\/wp\/v2\/users\/2"}],"replies":[{"embeddable":true,"href":"https:\/\/www.europesays.com\/fr\/wp-json\/wp\/v2\/comments?post=373309"}],"version-history":[{"count":0,"href":"https:\/\/www.europesays.com\/fr\/wp-json\/wp\/v2\/posts\/373309\/revisions"}],"wp:featuredmedia":[{"embeddable":true,"href":"https:\/\/www.europesays.com\/fr\/wp-json\/wp\/v2\/media\/373310"}],"wp:attachment":[{"href":"https:\/\/www.europesays.com\/fr\/wp-json\/wp\/v2\/media?parent=373309"}],"wp:term":[{"taxonomy":"category","embeddable":true,"href":"https:\/\/www.europesays.com\/fr\/wp-json\/wp\/v2\/categories?post=373309"},{"taxonomy":"post_tag","embeddable":true,"href":"https:\/\/www.europesays.com\/fr\/wp-json\/wp\/v2\/tags?post=373309"}],"curies":[{"name":"wp","href":"https:\/\/api.w.org\/{rel}","templated":true}]}}