{"id":373323,"date":"2025-09-07T16:22:11","date_gmt":"2025-09-07T16:22:11","guid":{"rendered":"https:\/\/www.europesays.com\/fr\/373323\/"},"modified":"2025-09-07T16:22:11","modified_gmt":"2025-09-07T16:22:11","slug":"alex-marquez-retarde-lecheance-en-simposant-en-catalogne","status":"publish","type":"post","link":"https:\/\/www.europesays.com\/fr\/373323\/","title":{"rendered":"Alex Marquez retarde l\u2019\u00e9ch\u00e9ance en s\u2019imposant en Catalogne"},"content":{"rendered":"<p>Marc Marquez devra attendre. Le sextuple champion du monde, sur le point de d\u00e9crocher une septi\u00e8me couronne qui lui permettrait d\u2019\u00e9galer son ancien grand rival italien Valentino Rossi, ne pourra pas \u00eatre sacr\u00e9 le week-end prochain \u00e0 Misano (Italie) suite au succ\u00e8s d\u2019Alex Marquez sur le Grand Prix de Catalogne, ce dimanche 7\u00a0septembre 2025. Il lui faudra patienter au moins jusqu\u2019au Japon \u00e0 la fin du mois pour remporter le titre.<\/p>\n<p>En Espagne, Marc Marquez a aussi vu son incroyable s\u00e9rie de victoires s\u2019arr\u00eater\u00a0: invincible depuis 15 courses et plus de trois mois, il a cette fois d\u00fb s\u2019incliner face \u00e0 la domination de son fr\u00e8re cadet, tr\u00e8s \u00e0 l\u2019aise sur ses terres depuis le d\u00e9but du week-end et qui <a target=\"_self\" href=\"https:\/\/www.lanouvellerepublique.fr\/sports\/motogp-marc-marquez-chanceux-remporte-le-sprint-en-catalogne-devant-fabio-quartararo-1757180165\" rel=\"noopener\">lui avait offert le succ\u00e8s sur un plateau samedi en chutant \u00e0 quatre tours de l\u2019arriv\u00e9e du sprint<\/a>.<\/p>\n<p>Deuxi\u00e8me succ\u00e8s en MotoGP pour Alex Marquez<\/p>\n<p>Dimanche, Alex Marquez, parti en pole position, s\u2019est fait d\u00e9passer par Marc au premier virage et on pouvait penser que l\u2019a\u00een\u00e9 allait s\u2019\u00e9chapper et filer vers un nouveau triomphe. Mais le cadet s\u2019est rebell\u00e9 et a red\u00e9pass\u00e9 son fr\u00e8re rapidement pour prendre les commandes et ne plus les l\u00e2cher. \u00ab\u00a0C\u2019est si bon\u00a0! J\u2019\u00e9tais tr\u00e8s d\u00e9\u00e7u apr\u00e8s ma chute lors du sprint et je me suis dit \u201c\u00a0aujourd\u2019hui (dimanche), c\u2019est pour moi\u00a0\u201d. J\u2019ai tout donn\u00e9 durant la course, je suis tr\u00e8s content pour moi et aussi pour l\u2019\u00e9quipe\u00a0\u00bb, a-t-il exult\u00e9.<\/p>\n<p>Alex Marquez a ainsi d\u00e9croch\u00e9 son deuxi\u00e8me succ\u00e8s en MotoGP apr\u00e8s <a target=\"_self\" href=\"https:\/\/www.lanouvellerepublique.fr\/sports\/motogp-en-espagne-un-marquez-peut-en-cacher-un-autre-quartararo-sur-le-podium-1745769179\" rel=\"noopener\">sa victoire \u00e0 Jerez en avril<\/a>. Mais cette fois, il n\u2019a pas profit\u00e9 d\u2019une chute de son fr\u00e8re a\u00een\u00e9 et a \u00e9t\u00e9 chercher la victoire avec brio, affichant un rythme de course incroyable que Marc Marquez n\u2019a pas \u00e9t\u00e9 en mesure de suivre.<\/p>\n<p>\u00ab\u00a0J\u2019ai vraiment donn\u00e9 mon maximum. En d\u00e9but de course, j\u2019ai g\u00e9r\u00e9 mon pneu en restant derri\u00e8re lui, mais apr\u00e8s, il \u00e9tait trop rapide pour moi. J\u2019ai fait quelques erreurs en fin de course donc je suis content d\u2019avoir fini deuxi\u00e8me sur un circuit qui ne m\u2019est pas trop favorable. Et je suis aussi content pour Alex\u00a0\u00bb, a d\u00e9clar\u00e9 Marc Marquez.<\/p>\n<p>Week-end positif pour Quartararo, Zarco chute<\/p>\n<p>L\u2019Italien Enea Bastianini a offert un podium inattendu \u00e0 l\u2019\u00e9quipe fran\u00e7aise KTM-Tech3, sous les yeux de son futur patron italo-am\u00e9ricain G\u00fcnther Steiner. L\u2019ancien directeur de l\u2019\u00e9quipe Haas en F1, devenu une des stars de la s\u00e9rie Drive to Survive\u00a0sur Netflix, a en effet annonc\u00e9 vendredi avoir boucl\u00e9 le rachat de l\u2019\u00e9quipe fond\u00e9e par le Fran\u00e7ais Herv\u00e9 Poncharal et dont il prendra la t\u00eate en janvier prochain.<\/p>\n<p>Le Fran\u00e7ais Fabio Quartararo (Yamaha) peut, lui, avoir le sourire apr\u00e8s avoir termin\u00e9 cinqui\u00e8me du Grand Prix dimanche, au lendemain de sa surprenante deuxi\u00e8me place en sprint et lors des qualifications. \u00ab\u00a0Je suis assez satisfait de ma course. On savait que \u00e7a allait \u00eatre difficile en d\u00e9but de Grand Prix. Je ne m\u2019attendais pas \u00e0 une deuxi\u00e8me place hier (samedi) ni une 5e\u00a0aujourd\u2019hui (dimanche) donc je suis content. \u00c7a a \u00e9t\u00e9 un week-end positif, on continue \u00e0 faire des petits pas en avant\u00a0\u00bb, a soulign\u00e9 le Ni\u00e7ois.<\/p>\n<p>La remont\u00e9e du jour est \u00e0 mettre \u00e0 l\u2019actif de Francesco Bagnaia (Ducati). Le double champion du monde italien, parti de la 21e\u00a0position apr\u00e8s des qualifications catastrophiques, est parvenu \u00e0 finir au septi\u00e8me rang.<\/p>\n<p>L\u2019autre Fran\u00e7ais de la grille, Johann Zarco (Honda-LCR) a chut\u00e9 au 11e\u00a0tour alors qu\u2019il avait r\u00e9alis\u00e9 une superbe premi\u00e8re moiti\u00e9 de course. Le v\u00e9t\u00e9ran (35\u00a0ans) de la grille de MotoGP aurait m\u00eame pu pr\u00e9tendre se m\u00ealer \u00e0 la lutte pour le podium car il roulait au m\u00eame rythme que les hommes de t\u00eate quand il est tomb\u00e9.<\/p>\n<p><strong>Grand Prix\u00a0:<\/strong> 1. A.\u00a0Marquez (Ducati Gresini) en 40\u201914\u201d 093, 2. M.\u00a0Marquez (Ducati) \u00e0 0\u00a0\u00bb833, 3. E.\u00a0Bastiannini (KTM-Tech3) \u00e0 0\u00a0\u00bb655, 4. P.\u00a0Acosta (KTM) \u00e0 13\u00a0\u00bb373, 5.\u00a0Quartararo (Yamaha) \u00e0\u00a014\u00a0\u00bb409, 6. A.\u00a0Ogura (Trackhouse) \u00e0 15\u00a0\u00bb055, 7. F.\u00a0Bagnaia (Ducati) \u00e0 16\u00a0\u00bb048, 8. L.\u00a0Marini (Honda) \u00e0 16\u00a0\u00bb372, 9.\u00a0Miguel Oliveira (Yamaha Pramac) \u00e0 16\u00a0\u00bb937, 10.\u00a0Jorge Martin (Aprilia) \u00e0 18\u00a0\u00bb492\u2026 Ab\u00a0: Zarco (Honda-LCR)\u2026<\/p>\n<p><strong>Championnat du monde\u00a0:<\/strong> 1. M.\u00a0Marquez (Ducati) 487 points, 2. A.\u00a0Marquez (Ducati Gresini) 305 pt, 3. Bagnaia (Ducati) 237 pt, 4. Bezzecchi (Aprilia) 197 pt, 5. Acosta (KTM) 183 pt, 6. Morbidelli (VR46) 161 pt, 7. Di Giannantonio (VR46) 161 pt, 8. Quartararo (Yamaha) 129 pt, 9. Aldeguer (Gresini) 126 pt, 10. Zarco (Honda-LCR) 117 pt\u2026<\/p>\n","protected":false},"excerpt":{"rendered":"Marc Marquez devra attendre. Le sextuple champion du monde, sur le point de d\u00e9crocher une septi\u00e8me couronne qui&hellip;\n","protected":false},"author":2,"featured_media":373324,"comment_status":"","ping_status":"","sticky":false,"template":"","format":"standard","meta":{"footnotes":""},"categories":[1413],"tags":[1011,27,74,1457,1456,60],"class_list":{"0":"post-373323","1":"post","2":"type-post","3":"status-publish","4":"format-standard","5":"has-post-thumbnail","7":"category-moto","8":"tag-fr","9":"tag-france","10":"tag-monde","11":"tag-moto","12":"tag-motocycle","13":"tag-sports"},"share_on_mastodon":{"url":"https:\/\/pubeurope.com\/@fr\/115163938512056027","error":""},"_links":{"self":[{"href":"https:\/\/www.europesays.com\/fr\/wp-json\/wp\/v2\/posts\/373323","targetHints":{"allow":["GET"]}}],"collection":[{"href":"https:\/\/www.europesays.com\/fr\/wp-json\/wp\/v2\/posts"}],"about":[{"href":"https:\/\/www.europesays.com\/fr\/wp-json\/wp\/v2\/types\/post"}],"author":[{"embeddable":true,"href":"https:\/\/www.europesays.com\/fr\/wp-json\/wp\/v2\/users\/2"}],"replies":[{"embeddable":true,"href":"https:\/\/www.europesays.com\/fr\/wp-json\/wp\/v2\/comments?post=373323"}],"version-history":[{"count":0,"href":"https:\/\/www.europesays.com\/fr\/wp-json\/wp\/v2\/posts\/373323\/revisions"}],"wp:featuredmedia":[{"embeddable":true,"href":"https:\/\/www.europesays.com\/fr\/wp-json\/wp\/v2\/media\/373324"}],"wp:attachment":[{"href":"https:\/\/www.europesays.com\/fr\/wp-json\/wp\/v2\/media?parent=373323"}],"wp:term":[{"taxonomy":"category","embeddable":true,"href":"https:\/\/www.europesays.com\/fr\/wp-json\/wp\/v2\/categories?post=373323"},{"taxonomy":"post_tag","embeddable":true,"href":"https:\/\/www.europesays.com\/fr\/wp-json\/wp\/v2\/tags?post=373323"}],"curies":[{"name":"wp","href":"https:\/\/api.w.org\/{rel}","templated":true}]}}