{"id":373325,"date":"2025-09-07T16:23:11","date_gmt":"2025-09-07T16:23:11","guid":{"rendered":"https:\/\/www.europesays.com\/fr\/373325\/"},"modified":"2025-09-07T16:23:11","modified_gmt":"2025-09-07T16:23:11","slug":"isack-hadjar-impressionne-en-posant-aux-cotes-de-licone-aya-nakamura","status":"publish","type":"post","link":"https:\/\/www.europesays.com\/fr\/373325\/","title":{"rendered":"Isack Hadjar impressionn\u00e9 en posant aux c\u00f4t\u00e9s de l\u2019ic\u00f4ne Aya Nakamura"},"content":{"rendered":"<p><strong>Le pilote fran\u00e7ais de Formule 1 Isack Hadjar a v\u00e9cu un moment fort en \u00e9motion ce week-end. Invit\u00e9 \u00e0 un \u00e9v\u00e9nement mondain, il a crois\u00e9 la star internationale <strong><a href=\"https:\/\/hiphopcorner.fr\/aya-nakamura-revele-pourquoi-elle-a-refuse-secret-story\/\" rel=\"nofollow noopener\" target=\"_blank\">Aya Nakamura<\/a><\/strong>. La sc\u00e8ne a fait le buzz, tant le jeune champion est apparu nerveux face \u00e0 l\u2019ic\u00f4ne de la pop urbaine.<\/strong><\/p>\n<p>Une rencontre inattendue entre sport et musique<\/p>\n<p>Ce n\u2019est pas tous les jours que l\u2019on voit un pilote de <strong>Formule 1<\/strong> poser avec une <strong>star de la chanson fran\u00e7aise<\/strong>. Pourtant, c\u2019est bien ce qu\u2019il s\u2019est pass\u00e9.<br \/>Isack Hadjar, nouvelle p\u00e9pite du sport automobile tricolore, a eu l\u2019opportunit\u00e9 d\u2019\u00e9changer avec <strong>Aya Nakamura<\/strong>, chanteuse au succ\u00e8s plan\u00e9taire gr\u00e2ce \u00e0 ses tubes qui cumulent des centaines de millions de vues.<\/p>\n<p>L\u2019instant, captur\u00e9 par plusieurs photographes, a rapidement circul\u00e9 sur les r\u00e9seaux sociaux. On y voit Hadjar, visiblement impressionn\u00e9, esquissant un sourire timide aux c\u00f4t\u00e9s de l\u2019artiste.<\/p>\n<p>La nervosit\u00e9 d\u2019Isack Hadjar fait r\u00e9agir<\/p>\n<p>Sur Twitter et Instagram, les r\u00e9actions ne se sont pas fait attendre. Les internautes ont relev\u00e9 le contraste entre le <strong>sang-froid du pilote sur les circuits<\/strong> et sa nervosit\u00e9 face \u00e0 Aya Nakamura.<br \/>Certains fans ont ironis\u00e9 :<\/p>\n<blockquote class=\"wp-block-quote is-layout-flow wp-block-quote-is-layout-flow\" wp_automatic_readability=\"6\">\n<p>\u00ab Il g\u00e8re les virages \u00e0 300 km\/h, mais pas une photo avec Aya ! \u00bb<\/p>\n<\/blockquote>\n<p>D\u2019autres ont salu\u00e9 la sinc\u00e9rit\u00e9 du moment, rappelant que m\u00eame les sportifs de haut niveau restent des fans lorsqu\u2019ils croisent leurs idoles.<\/p>\n<p><video controls=\"\" src=\"https:\/\/hiphopcorner.fr\/wp-content\/uploads\/2025\/09\/Isack-Hadjar-et-Aya-Nakamura.mp4\"\/>Aya Nakamura, une influence qui d\u00e9passe la musique<\/p>\n<p>Cette rencontre illustre aussi l\u2019impact culturel d\u2019<strong>Aya Nakamura<\/strong>. V\u00e9ritable ph\u00e9nom\u00e8ne international, l\u2019artiste s\u2019impose comme une figure incontournable de la sc\u00e8ne musicale et m\u00e9diatique.<br \/>Sa pr\u00e9sence suscite l\u2019admiration de nombreuses c\u00e9l\u00e9brit\u00e9s, au-del\u00e0 m\u00eame du monde de la musique.<\/p>\n<p>Le fait qu\u2019un pilote de Formule 1, habitu\u00e9 aux projecteurs et aux podiums, se retrouve impressionn\u00e9 en dit long sur le <strong>statut iconique<\/strong> de la chanteuse.<\/p>\n<p>Un moment qui rapproche deux univers<\/p>\n<p>Cette photo inattendue entre <strong>Isack Hadjar<\/strong> et <strong>Aya Nakamura<\/strong> r\u00e9unit deux univers que l\u2019on n\u2019associe pas souvent : la <strong>Formule 1<\/strong> et la <strong>musique urbaine<\/strong>.<br \/>Pour les fans, c\u2019est une preuve que les fronti\u00e8res entre les disciplines s\u2019effacent de plus en plus dans la culture populaire.<\/p>\n<p>Certains imaginent d\u00e9j\u00e0 une collaboration future, ne serait-ce que pour un clip ou une campagne publicitaire. Apr\u00e8s tout, les marques aiment miser sur des personnalit\u00e9s issues de mondes diff\u00e9rents pour s\u00e9duire un large public.<\/p>\n<p>Et apr\u00e8s ?<\/p>\n<p>Pour Isack Hadjar, cette rencontre restera sans doute comme un souvenir marquant de sa jeune carri\u00e8re.<br \/>Pour Aya Nakamura, c\u2019est une preuve suppl\u00e9mentaire de son aura, capable de faire vaciller m\u00eame les plus t\u00e9m\u00e9raires.<\/p>\n<p>\u00c0 l\u2019heure o\u00f9 les interactions entre <strong>sport, musique et culture m\u00e9diatique<\/strong> s\u2019intensifient, ce genre de moments pourrait bien devenir de plus en plus courant. Et il n\u2019est pas impossible que cette photo devienne, avec le temps, l\u2019un des symboles de la mont\u00e9e en puissance du jeune pilote fran\u00e7ais dans l\u2019univers m\u00e9diatique.<\/p>\n<p><strong>A LIRE AUSSI : <a href=\"https:\/\/hiphopcorner.fr\/aya-nakamura-record-historique-4-titres-feminins-francophones-ecoutes-france\/\" rel=\"nofollow noopener\" target=\"_blank\">Aya Nakamura : record historique avec 4 titres f\u00e9minins francophones les plus \u00e9cout\u00e9s en France sur 10 ans<\/a><\/strong><\/p>\n","protected":false},"excerpt":{"rendered":"Le pilote fran\u00e7ais de Formule 1 Isack Hadjar a v\u00e9cu un moment fort en \u00e9motion ce week-end. Invit\u00e9&hellip;\n","protected":false},"author":2,"featured_media":373326,"comment_status":"","ping_status":"","sticky":false,"template":"","format":"standard","meta":{"footnotes":""},"categories":[1412],"tags":[11774,1451,1452,1453,1454,1455,1011,27,2244,60],"class_list":{"0":"post-373325","1":"post","2":"type-post","3":"status-publish","4":"format-standard","5":"has-post-thumbnail","7":"category-f1","8":"tag-aya-nakamura","9":"tag-f1","10":"tag-formula-1","11":"tag-formula1","12":"tag-formule-1","13":"tag-formule1","14":"tag-fr","15":"tag-france","16":"tag-isack-hadjar","17":"tag-sports"},"share_on_mastodon":{"url":"https:\/\/pubeurope.com\/@fr\/115163942343183175","error":""},"_links":{"self":[{"href":"https:\/\/www.europesays.com\/fr\/wp-json\/wp\/v2\/posts\/373325","targetHints":{"allow":["GET"]}}],"collection":[{"href":"https:\/\/www.europesays.com\/fr\/wp-json\/wp\/v2\/posts"}],"about":[{"href":"https:\/\/www.europesays.com\/fr\/wp-json\/wp\/v2\/types\/post"}],"author":[{"embeddable":true,"href":"https:\/\/www.europesays.com\/fr\/wp-json\/wp\/v2\/users\/2"}],"replies":[{"embeddable":true,"href":"https:\/\/www.europesays.com\/fr\/wp-json\/wp\/v2\/comments?post=373325"}],"version-history":[{"count":0,"href":"https:\/\/www.europesays.com\/fr\/wp-json\/wp\/v2\/posts\/373325\/revisions"}],"wp:featuredmedia":[{"embeddable":true,"href":"https:\/\/www.europesays.com\/fr\/wp-json\/wp\/v2\/media\/373326"}],"wp:attachment":[{"href":"https:\/\/www.europesays.com\/fr\/wp-json\/wp\/v2\/media?parent=373325"}],"wp:term":[{"taxonomy":"category","embeddable":true,"href":"https:\/\/www.europesays.com\/fr\/wp-json\/wp\/v2\/categories?post=373325"},{"taxonomy":"post_tag","embeddable":true,"href":"https:\/\/www.europesays.com\/fr\/wp-json\/wp\/v2\/tags?post=373325"}],"curies":[{"name":"wp","href":"https:\/\/api.w.org\/{rel}","templated":true}]}}