{"id":373339,"date":"2025-09-07T16:31:38","date_gmt":"2025-09-07T16:31:38","guid":{"rendered":"https:\/\/www.europesays.com\/fr\/373339\/"},"modified":"2025-09-07T16:31:38","modified_gmt":"2025-09-07T16:31:38","slug":"anatomie-dun-youtubeur-a-succes-qui-sinvite-au-cine","status":"publish","type":"post","link":"https:\/\/www.europesays.com\/fr\/373339\/","title":{"rendered":"anatomie d\u2019un youtubeur \u00e0 succ\u00e8s qui s\u2019invite au cin\u00e9"},"content":{"rendered":"<p>      Ce vendredi au soir, le sixi\u00e8me youtubeur de France projetait sa superproduction \u201cTerminal\u201d, sorte de chasse \u00e0 l\u2019homme entre streamers, dans 500 salles fran\u00e7aises. L\u2019occasion de d\u00e9cortiquer la matrice Michou, bien huil\u00e9e malgr\u00e9 quelques capotages.              <a href=\"https:\/\/www.europesays.com\/fr\/wp-content\/uploads\/2025\/09\/8878f7a_upload-1-cnfbfavw2vye-terminal02.jpg\" data-pswp-width=\"\" data-pswp-height=\"\" class=\"media__hd\" target=\"_blank\">      <img decoding=\"async\" fetchpriority=\"high\" src=\"https:\/\/www.europesays.com\/fr\/wp-content\/uploads\/2025\/09\/8878f7a_upload-1-cnfbfavw2vye-terminal02.jpg\" class=\"media__picture js-media-zoom-main \" alt=\"Michou, dans son propre r\u00f4le dans \u201cTerminal\u201d, s\u2019est s\u2019est d\u2019abord fait conna\u00eetre avec des contenus autour des jeux vid\u00e9os.\" title=\"Michou Corp\/VISION\/DigitalNak\"\/>      <\/p>\n<p class=\"media__legend\"> Michou, dans son propre r\u00f4le dans \u201cTerminal\u201d, s\u2019est s\u2019est d\u2019abord fait conna\u00eetre avec des contenus autour des jeux vid\u00e9os.  Michou Corp\/VISION\/DigitalNak  <\/p>\n<p>     <\/a>                    <\/p>\n<p class=\"author author--simple\">Par  <a class=\"author author--link\" href=\"https:\/\/www.telerama.fr\/recherche\/articles?q=Flora+Gendrault\" rel=\"nofollow noopener\" target=\"_blank\"> Flora Gendrault <\/a>    <\/p>\n<p class=\"publication__date\">Publi\u00e9 le 06 septembre 2025 \u00e0 13h53<\/p>\n<p>   Partager   <\/p>\n<ul class=\"sharing-popin--results\">\n<li class=\"sharing-popin--item sharing-popin--item-container\"> Partage  <\/li>\n<li data-share=\"linkedin\" class=\"sharing-popin--item\">  LinkedIn <\/li>\n<li data-share=\"facebook\" class=\"sharing-popin--item\">  Facebook <\/li>\n<li data-share=\"mail\" data-social=\"mail\" class=\"sharing-popin--item\">  Envoyer par email <\/li>\n<li data-share=\"copy\" class=\"sharing-popin--item\">  Copier le lien <\/li>\n<\/ul>\n<p>        Favoris       <\/p>\n<p>                <a class=\"openapp__link\" data-event=\"click-open-app\" data-deep-link=\"tlrm:\/\/element?id=\/cinema\/terminal-de-michou-anatomie-d-un-youtubeur-a-succes-qui-s-invite-au-cine-7027241.php&amp;source=deeplink_site\">  Lire dans l&rsquo;application<br \/>\n  <\/a>                               <\/p>\n<p class=\"paragraph\">\u00c0 l\u2019\u00e9cart de la foule, \u00c9lodie, 40\u00a0ans, observe sa fille Victoria, 8\u00a0ans, faire la queue \u00e0 la TV Line dans l\u2019espoir d\u2019obtenir un autographe, ou mieux, un selfie de Michou. Ce vendredi soir 5\u00a0septembre, elle a emmen\u00e9 une large troupe \u2014 \u00ab\u00a0mes deux filles, leurs copines et mon neveu\u00a0\u00bb \u2014, d\u00e9couvrir sur grand \u00e9cran le nouveau projet d\u2019une star de YouTube de 23\u00a0ans aux 10\u00a0millions d\u2019abonn\u00e9s qu\u2019elle conna\u00eet \u00e0 peine. \u00c9lodie l\u2019admet\u00a0: dans le MK2 Biblioth\u00e8que satur\u00e9, elle se sent \u00ab\u00a0\u00e0 c\u00f4t\u00e9 de la plaque\u00a0\u00bb, mais aussi galvanis\u00e9e par la joie des enfants, qui se r\u00e9jouissent d\u2019apercevoir des vedettes issues des r\u00e9seaux sociaux et du petit \u00e9cran. Parmi eux, le vid\u00e9aste culinaire Fast Good Cuisine, mais aussi Pascal Soetens, le \u00ab\u00a0grand fr\u00e8re\u00a0\u00bb de TF1, tous deux venus soutenir Michou.<\/p>\n<p class=\"paragraph\">Pour la deuxi\u00e8me \u00e9dition de leur YouTube Cin\u00e9-Club, inaugur\u00e9 en grande pompe en septembre\u00a02024 avec <a target=\"_blank\" href=\"https:\/\/www.telerama.fr\/plateformes\/le-youtubeur-inoxtag-fait-un-carton-au-cinema-et-sur-youtube-avec-un-documentaire-a-sa-gloire-sur-l-everest-5948-7022124.php\" rel=\"nofollow noopener\">la projection de Kaizen<\/a>, dans lequel Inoxtag d\u00e9taille son ascension de l\u2019Everest, les \u00e9quipes de MK2 ont soign\u00e9 la mise en sc\u00e8ne dans leur multiplexe du 13e arrondissement de Paris. Pour assister \u00e0 la s\u00e9ance, il faut emprunter un tapis rouge, puis passer le Gate B420 et son faux d\u00e9tecteur de m\u00e9taux, avant de scanner son ticket pour embarquement imm\u00e9diat dans la plus grande salle du b\u00e2timent (comble, pr\u00e9cise la direction du cin\u00e9ma, comme sa voisine, elle aussi r\u00e9quisitionn\u00e9e). Les novices font le lien\u00a0: la vid\u00e9o diffus\u00e9e ce soir, premier opus d\u2019une s\u00e9rie en quatre \u00e9pisodes, se d\u00e9roule dans un terminal d\u2019a\u00e9roport, lui-m\u00eame studio de tournage de cinq hectares situ\u00e9s en Espagne. Constitu\u00e9s en duo, les streamers les plus\u00a0bankable\u00a0de YouTube et de la plateforme de streaming en direct Twitch s\u2019y sont oppos\u00e9s durant 48\u00a0heures \u00e0 travers une chasse \u00e0 l\u2019homme (seulement 3 femmes convi\u00e9es \u00e0 l\u2019aventure) grandeur nature. Une production pharaonique \u00e0 plus d\u2019un million d\u2019euros, r\u00e9v\u00e9lait cette semaine Michou sur le plateau de la nouvelle cha\u00eene Novo 19.\u00a0T\u00e9l\u00e9rama\u00a0revient sur son envol num\u00e9rique en trois escales.<\/p>\n<p>                      <strong>Le sens du timing<\/strong>                      <\/p>\n<p class=\"paragraph\">\u00ab\u00a010\u00a0ans de Michou, 20\u00a0ans de YouTube\u00a0\u00bb, affiche l\u2019\u00e9cran g\u00e9ant apr\u00e8s une vid\u00e9o de remerciement tourn\u00e9e en studio. Si Michou, Miguel Mattioli pour l\u2019\u00e9tat civil, confectionne des vid\u00e9os sur son t\u00e9l\u00e9phone d\u00e8s\u00a02013, il ouvre sa cha\u00eene deux ans plus tard sous l\u2019impulsion de l\u2019un de ses fr\u00e8res. Dans cette grande fratrie de dix enfants bas\u00e9e \u00e0 Amiens, il faut trouver son truc \u00e0 soi, et Michou, ce qui l\u2019anime, comme plein d\u2019ados de son \u00e2ge, ce sont les jeux vid\u00e9o.\u00a0Clash Royale, Fortnite\u00a0: \u00e0 14\u00a0ans, voix fluette, cr\u00eate blonde bord\u00e9e de gel, il th\u00e9\u00e2tralise ses parties, \u00e9chou\u00e9es ou r\u00e9ussies, captures d\u2019\u00e9cran \u00e0 l\u2019appui. \u00c0 cette p\u00e9riode, le format rafra\u00eechit une plateforme o\u00f9 rayonnent surtout les contenus beaut\u00e9, popularis\u00e9s par la youtubeuse EnjoyPh\u0153nix, et les sketchs humoristiques, incarn\u00e9s par <a target=\"_blank\" href=\"https:\/\/www.telerama.fr\/ecrans\/sur-youtube-le-court-metrage-immersif-et-intelligent-de-cyprien-6993838.php\" rel=\"nofollow noopener\">Cyprien<\/a>, Mister V ou <a target=\"_blank\" href=\"https:\/\/www.telerama.fr\/ecrans\/le-youtubeur-norman-thavaud-en-garde-a-vue-pour-viol-et-corruption-de-mineurs-7013313.php\" rel=\"nofollow noopener\">Norman Thavaud<\/a>.\u00a0Gamer\u00a0mais pas que, Michou devient un pote accessible qui fait des clips, tourne des d\u00e9fis, montre son quotidien \u00e0 ses \u00ab\u00a0amis\u00a0\u00bb, terme qu\u2019il utilise toujours pour apostropher sa communaut\u00e9. La machine est lanc\u00e9e\u00a0: en\u00a02018, trois ans apr\u00e8s ses d\u00e9buts, il atteint le million d\u2019abonn\u00e9s.<\/p>\n<p>                      <strong>Un touche-\u00e0-tout m\u00e9diatique<\/strong>                      <\/p>\n<p class=\"paragraph\">\u00c0 mesure que sa notori\u00e9t\u00e9 (et son chiffre d\u2019affaires) gonfle, Michou se professionnalise. En\u00a02020, il rentre officiellement dans la cour des grands en signant chez Webedia, groupe sp\u00e9cialis\u00e9 dans les contenus en ligne, qui lui fournit un studio et poss\u00e8de un droit de regard sur ses vid\u00e9os. Deux ans passent, qui permettent au youtubeur de se d\u00e9velopper. D\u2019autant que Michou \u00e9largit ses horizons en go\u00fbtant \u00e0 la t\u00e9l\u00e9vision et \u00e0 l\u2019amour\u00a0: il va jusqu\u2019en finale de Danse avec les Stars saison 11, et se met en couple avec sa partenaire Elsa Bois. Il quitte alors Webedia pour \u00eatre vraiment ind\u00e9pendant, installe son studio chez lui, et d\u00e9veloppe sa soci\u00e9t\u00e9, Mattioli. L\u2019\u00e9poque des vid\u00e9os bricol\u00e9es est r\u00e9volue\u00a0: se dessine le profil d\u2019un chef d\u2019entreprise dont le plus gros pari reste l\u2019ouverture d\u2019un restaurant \u00e0 Amiens, Mealy, con\u00e7u pour s\u2019exporter \u00ab\u00a0partout en France\u00a0\u00bb. La seconde adresse, parisienne cette fois, ouvre fin ao\u00fbt\u00a02025. Notre voisin de salle, grand admirateur, a assist\u00e9 \u00e0 l\u2019inauguration et confie\u00a0: \u00ab\u00a0C\u2019\u00e9tait trop bon\u00a0\u00bb.<\/p>\n<p>                      <strong>Abonn\u00e9 aux bad buzz\u00a0?<\/strong>                      <\/p>\n<p class=\"paragraph\">La derni\u00e8re pol\u00e9mique dans laquelle s\u2019est emp\u00eatr\u00e9 Michou est plus dure \u00e0 dig\u00e9rer. En d\u00e9cembre\u00a02024, le lancement de son jeu de soci\u00e9t\u00e9\u00a0Qui sera le menteur\u00a0? provoque un toll\u00e9. Et pour cause\u00a0: destin\u00e9 aux enfants \u00ab\u00a0d\u00e8s 7\u00a0ans\u00a0\u00bb, celui-ci comporte des cartes aux \u00e9nonc\u00e9s plus que douteux pour un tel public. Parmi elles\u00a0: \u00ab\u00a0As-tu d\u00e9j\u00e0 envoy\u00e9 des photos intimes\u00a0?\u00a0\u00bb, \u00ab\u00a0As-tu d\u00e9j\u00e0 consomm\u00e9 des produits stup\u00e9fiants\u00a0?\u00a0\u00bb, \u00ab\u00a0As-tu d\u00e9j\u00e0 \u00e9t\u00e9 surpris en train d\u2019assouvir un plaisir solitaire\u00a0?\u00a0\u00bb. L\u2019influenceur pointe maladroitement une \u00ab\u00a0erreur de fabrication\u00a0\u00bb, et l<a target=\"_blank\" href=\"https:\/\/www.telerama.fr\/debats-reportages\/le-youtubeur-michou-annonce-le-retrait-de-son-jeu-de-societe-de-la-vente-apres-une-controverse-7023688.php\" rel=\"nofollow noopener\">e jeu est retir\u00e9 de la vente<\/a>. En mai dernier, sa rupture avec la danseuse Elsa Bois entra\u00eene une vague de cyberharc\u00e8lement misogyne qu\u2019il peine \u00e0 contenir, \u00e9ni\u00e8me preuve du masculinisme qui s\u00e9vit dans les communaut\u00e9s web fran\u00e7aises et internationales.<\/p>\n<p class=\"paragraph\">Avec\u00a0Terminal, Michou entend bien renouer avec ses fans de la premi\u00e8re heure. Apr\u00e8s une nouvelle salve d\u2019avant-premi\u00e8res en salles ce samedi soir, le premier \u00e9pisode de Terminal sera disponible sur YouTube d\u00e8s le dimanche 7\u00a0septembre.<\/p>\n","protected":false},"excerpt":{"rendered":"Ce vendredi au soir, le sixi\u00e8me youtubeur de France projetait sa superproduction \u201cTerminal\u201d, sorte de chasse \u00e0 l\u2019homme&hellip;\n","protected":false},"author":2,"featured_media":373340,"comment_status":"","ping_status":"","sticky":false,"template":"","format":"standard","meta":{"footnotes":""},"categories":[1354],"tags":[58,59,1346,1011,27,1360],"class_list":{"0":"post-373339","1":"post","2":"type-post","3":"status-publish","4":"format-standard","5":"has-post-thumbnail","7":"category-films","8":"tag-divertissement","9":"tag-entertainment","10":"tag-films","11":"tag-fr","12":"tag-france","13":"tag-movies"},"share_on_mastodon":{"url":"https:\/\/pubeurope.com\/@fr\/115163973830708361","error":""},"_links":{"self":[{"href":"https:\/\/www.europesays.com\/fr\/wp-json\/wp\/v2\/posts\/373339","targetHints":{"allow":["GET"]}}],"collection":[{"href":"https:\/\/www.europesays.com\/fr\/wp-json\/wp\/v2\/posts"}],"about":[{"href":"https:\/\/www.europesays.com\/fr\/wp-json\/wp\/v2\/types\/post"}],"author":[{"embeddable":true,"href":"https:\/\/www.europesays.com\/fr\/wp-json\/wp\/v2\/users\/2"}],"replies":[{"embeddable":true,"href":"https:\/\/www.europesays.com\/fr\/wp-json\/wp\/v2\/comments?post=373339"}],"version-history":[{"count":0,"href":"https:\/\/www.europesays.com\/fr\/wp-json\/wp\/v2\/posts\/373339\/revisions"}],"wp:featuredmedia":[{"embeddable":true,"href":"https:\/\/www.europesays.com\/fr\/wp-json\/wp\/v2\/media\/373340"}],"wp:attachment":[{"href":"https:\/\/www.europesays.com\/fr\/wp-json\/wp\/v2\/media?parent=373339"}],"wp:term":[{"taxonomy":"category","embeddable":true,"href":"https:\/\/www.europesays.com\/fr\/wp-json\/wp\/v2\/categories?post=373339"},{"taxonomy":"post_tag","embeddable":true,"href":"https:\/\/www.europesays.com\/fr\/wp-json\/wp\/v2\/tags?post=373339"}],"curies":[{"name":"wp","href":"https:\/\/api.w.org\/{rel}","templated":true}]}}