{"id":373359,"date":"2025-09-07T16:41:16","date_gmt":"2025-09-07T16:41:16","guid":{"rendered":"https:\/\/www.europesays.com\/fr\/373359\/"},"modified":"2025-09-07T16:41:16","modified_gmt":"2025-09-07T16:41:16","slug":"saint-etienne-lagriculture-paysanne-en-vedette-deux-jours-durant","status":"publish","type":"post","link":"https:\/\/www.europesays.com\/fr\/373359\/","title":{"rendered":"Saint-\u00c9tienne. L\u2019agriculture paysanne en vedette deux jours durant"},"content":{"rendered":"<p>Les personnes d\u00e9sireuses de d\u00e9couvrir l\u2019agriculture paysanne et \u00ab\u00a0une mani\u00e8re de consommer diff\u00e9rente de celle que le syndicat majoritaire nous impose\u00a0\u00bb ont eu deux jours pour \u00e9changer avec des acteurs venus de diff\u00e9rents horizons. Avec des producteurs locaux mais aussi avec des membres d\u2019associations, de syndicats, ou des artisans, tous mettant en avant leur savoir-faire respectueux de la sant\u00e9 et de l\u2019environnement. Des acteurs culturels ont tenu des conf\u00e9rences et des d\u00e9bats qui ont rencontr\u00e9 un bon succ\u00e8s.<\/p>\n","protected":false},"excerpt":{"rendered":"Les personnes d\u00e9sireuses de d\u00e9couvrir l\u2019agriculture paysanne et \u00ab\u00a0une mani\u00e8re de consommer diff\u00e9rente de celle que le syndicat&hellip;\n","protected":false},"author":2,"featured_media":373360,"comment_status":"","ping_status":"","sticky":false,"template":"","format":"standard","meta":{"footnotes":""},"categories":[9653],"tags":[1111,11,327,2430,1687,33,7539,1777,674,1685,1011,27,12,25,4001,7538],"class_list":{"0":"post-373359","1":"post","2":"type-post","3":"status-publish","4":"format-standard","5":"has-post-thumbnail","7":"category-saint-etienne","8":"tag-actu","9":"tag-actualites","10":"tag-agriculture","11":"tag-auvergne-rhone-alpes","12":"tag-culture-loisirs","13":"tag-economie","14":"tag-edition-loire-sud","15":"tag-eu","16":"tag-europe","17":"tag-foire-et-salon","18":"tag-fr","19":"tag-france","20":"tag-news","21":"tag-republique-francaise","22":"tag-saint-etienne","23":"tag-saint-etienne-ville"},"share_on_mastodon":{"url":"https:\/\/pubeurope.com\/@fr\/115164013137543983","error":""},"_links":{"self":[{"href":"https:\/\/www.europesays.com\/fr\/wp-json\/wp\/v2\/posts\/373359","targetHints":{"allow":["GET"]}}],"collection":[{"href":"https:\/\/www.europesays.com\/fr\/wp-json\/wp\/v2\/posts"}],"about":[{"href":"https:\/\/www.europesays.com\/fr\/wp-json\/wp\/v2\/types\/post"}],"author":[{"embeddable":true,"href":"https:\/\/www.europesays.com\/fr\/wp-json\/wp\/v2\/users\/2"}],"replies":[{"embeddable":true,"href":"https:\/\/www.europesays.com\/fr\/wp-json\/wp\/v2\/comments?post=373359"}],"version-history":[{"count":0,"href":"https:\/\/www.europesays.com\/fr\/wp-json\/wp\/v2\/posts\/373359\/revisions"}],"wp:featuredmedia":[{"embeddable":true,"href":"https:\/\/www.europesays.com\/fr\/wp-json\/wp\/v2\/media\/373360"}],"wp:attachment":[{"href":"https:\/\/www.europesays.com\/fr\/wp-json\/wp\/v2\/media?parent=373359"}],"wp:term":[{"taxonomy":"category","embeddable":true,"href":"https:\/\/www.europesays.com\/fr\/wp-json\/wp\/v2\/categories?post=373359"},{"taxonomy":"post_tag","embeddable":true,"href":"https:\/\/www.europesays.com\/fr\/wp-json\/wp\/v2\/tags?post=373359"}],"curies":[{"name":"wp","href":"https:\/\/api.w.org\/{rel}","templated":true}]}}