{"id":373404,"date":"2025-09-07T17:11:20","date_gmt":"2025-09-07T17:11:20","guid":{"rendered":"https:\/\/www.europesays.com\/fr\/373404\/"},"modified":"2025-09-07T17:11:20","modified_gmt":"2025-09-07T17:11:20","slug":"les-ecologistes-incapables-dassumer-la-critique-la-ville-de-lyon-interdit-les-commentaires-sur-ses-reseaux-sociaux","status":"publish","type":"post","link":"https:\/\/www.europesays.com\/fr\/373404\/","title":{"rendered":"Les \u00e9cologistes \u00ab\u00a0incapables d&rsquo;assumer la critique\u00a0\u00bb ? La Ville de Lyon interdit les commentaires sur ses r\u00e9seaux sociaux"},"content":{"rendered":"<p itemprop=\"description\"><strong>La politique de l&rsquo;autruche ou le respect \u00e0 outrance des r\u00e8gles de la campagne des municipales ?<\/strong><\/p>\n<p>Depuis le 1er septembre, la Ville de Lyon a ferm\u00e9 les espaces commentaires sur l&rsquo;ensemble de ses r\u00e9seaux sociaux. Dans un message publi\u00e9 pour justifier cette d\u00e9cision, la municipalit\u00e9 de <a href=\"https:\/\/www.lyonmag.com\/profil-personnalite-lyonnaise\/504\/gregory-doucet\" target=\"_blank\" rel=\"noopener nofollow\">Gr\u00e9gory Doucet<\/a> se r\u00e9fugie derri\u00e8re l&rsquo;article L.52-1 alin\u00e9a 2 du code \u00e9lectoral.<\/p>\n<p>Or, ce dernier n&rsquo;oblige absolument pas les collectivit\u00e9s \u00e0 censurer les messages post\u00e9s par les futurs \u00e9lecteurs d\u00e8s lors que la campagne a d\u00e9marr\u00e9 le 1er septembre. D&rsquo;ailleurs, Lyon est la seule grande ville \u00e0 op\u00e9rer de la sorte. Et cela ne concerne que les Verts, puisque la page principale de la Ville, et celles des arrondissements de la majorit\u00e9 sont exempt\u00e9s de commentaires, quand celles des 2e et 6e arrondissements, tenus par la droite et le centre, peuvent encore accueillir les messages des habitants.<\/p>\n<\/p>\n<p>La M\u00e9tropole de Lyon, elle, a annonc\u00e9 vouloir respecter au mieux la p\u00e9riode de r\u00e9serve en lan\u00e7ant une nouvelle charte de mod\u00e9ration des commentaires. D\u00e8s lors qu&rsquo;un message sera \u00ab\u00a0\u00e0 caract\u00e8re politique ou \u00e9lectoraliste\u00a0\u00bb, il sera imm\u00e9diatement supprim\u00e9.<\/p>\n<p>\u00ab\u00a0Plut\u00f4t que d\u2019assumer la critique, la Ville a choisi de la faire taire\u00a0\u00bb, se d\u00e9sole le parti Renaissance Lyon dans un communiqu\u00e9.<\/p>\n<p>Pour l&rsquo;ancien d\u00e9put\u00e9 <a href=\"https:\/\/www.lyonmag.com\/profil-personnalite-lyonnaise\/14\/thomas-rudigoz\" target=\"_blank\" rel=\"noopener nofollow\">Thomas Rudigoz<\/a>, \u00ab\u00a0cette d\u00e9cision traduit le malaise d\u2019une majorit\u00e9 \u00e9cologiste incapable d\u2019assumer la critique de ses politiques. Plut\u00f4t que de faire taire les habitants, la municipalit\u00e9 devrait les \u00e9couter\u00a0\u00bb.<\/p>\n<p>La vague de commentaires n\u00e9gatifs, qui accompagnait g\u00e9n\u00e9ralement chaque publication de la mairie sur les projets des \u00e9cologistes lyonnais, est donc ma\u00eetris\u00e9e. Mais cela emp\u00eachera-t-il le tsunami de d\u00e9ferler en mars 2026 ?<\/p>\n","protected":false},"excerpt":{"rendered":"La politique de l&rsquo;autruche ou le respect \u00e0 outrance des r\u00e8gles de la campagne des municipales ? Depuis&hellip;\n","protected":false},"author":2,"featured_media":373405,"comment_status":"","ping_status":"","sticky":false,"template":"","format":"standard","meta":{"footnotes":""},"categories":[1889],"tags":[1111,11,2813,2190,2430,1109,251,1112,2811,1777,674,118,1011,27,1922,1110,1114,2428,2810,12,241,316,25,2812,517,800],"class_list":{"0":"post-373404","1":"post","2":"type-post","3":"status-publish","4":"format-standard","5":"has-post-thumbnail","7":"category-lyon","8":"tag-actu","9":"tag-actualites","10":"tag-article","11":"tag-asvel","12":"tag-auvergne-rhone-alpes","13":"tag-breves","14":"tag-culture","15":"tag-depeches","16":"tag-economique","17":"tag-eu","18":"tag-europe","19":"tag-faits-divers","20":"tag-fr","21":"tag-france","22":"tag-info","23":"tag-informations","24":"tag-infos","25":"tag-lyon","26":"tag-lyonmag","27":"tag-news","28":"tag-ol","29":"tag-politique","30":"tag-republique-francaise","31":"tag-sociale","32":"tag-sport","33":"tag-transports"},"share_on_mastodon":{"url":"https:\/\/pubeurope.com\/@fr\/115164131117464613","error":""},"_links":{"self":[{"href":"https:\/\/www.europesays.com\/fr\/wp-json\/wp\/v2\/posts\/373404","targetHints":{"allow":["GET"]}}],"collection":[{"href":"https:\/\/www.europesays.com\/fr\/wp-json\/wp\/v2\/posts"}],"about":[{"href":"https:\/\/www.europesays.com\/fr\/wp-json\/wp\/v2\/types\/post"}],"author":[{"embeddable":true,"href":"https:\/\/www.europesays.com\/fr\/wp-json\/wp\/v2\/users\/2"}],"replies":[{"embeddable":true,"href":"https:\/\/www.europesays.com\/fr\/wp-json\/wp\/v2\/comments?post=373404"}],"version-history":[{"count":0,"href":"https:\/\/www.europesays.com\/fr\/wp-json\/wp\/v2\/posts\/373404\/revisions"}],"wp:featuredmedia":[{"embeddable":true,"href":"https:\/\/www.europesays.com\/fr\/wp-json\/wp\/v2\/media\/373405"}],"wp:attachment":[{"href":"https:\/\/www.europesays.com\/fr\/wp-json\/wp\/v2\/media?parent=373404"}],"wp:term":[{"taxonomy":"category","embeddable":true,"href":"https:\/\/www.europesays.com\/fr\/wp-json\/wp\/v2\/categories?post=373404"},{"taxonomy":"post_tag","embeddable":true,"href":"https:\/\/www.europesays.com\/fr\/wp-json\/wp\/v2\/tags?post=373404"}],"curies":[{"name":"wp","href":"https:\/\/api.w.org\/{rel}","templated":true}]}}