{"id":373406,"date":"2025-09-07T17:12:15","date_gmt":"2025-09-07T17:12:15","guid":{"rendered":"https:\/\/www.europesays.com\/fr\/373406\/"},"modified":"2025-09-07T17:12:15","modified_gmt":"2025-09-07T17:12:15","slug":"lyon-en-memoire-dun-ami-albert-court-pour-la-recherche-sur-le-suicide-des-jeunes","status":"publish","type":"post","link":"https:\/\/www.europesays.com\/fr\/373406\/","title":{"rendered":"Lyon. En m\u00e9moire d\u2019un ami, Albert court pour la recherche sur le suicide des jeunes"},"content":{"rendered":"<p>Apr\u00e8s son bac, pass\u00e9 au lyc\u00e9e Sainte-Marie de Lyon, Albert Courau a poursuivi ses \u00e9tudes en pr\u00e9pa d\u2019\u00e9cole de commerce dans le nord de la France, \u00e0 l\u2019Institution Saint-Jean de Douai. C\u2019est l\u00e0 qu\u2019il fait la connaissance de Gaspard qui devient vite un \u00ab tr\u00e8s bon ami \u00bb. Le jeune homme parle peu de sa famille mais \u00ab on savait \u00bb, explique Albert. Ses deux petites s\u0153urs, Tha\u00efs et Azylis sont mortes, respectivement en 2007 et 2017 d\u2019une maladie rare. Sa m\u00e8re, Anne-Dauphine Julliand a \u00e9crit des livres sur cette trag\u00e9die familiale. \u00ab Il avait connu une p\u00e9riode de d\u00e9prime au lyc\u00e9e mais l\u00e0, \u00e7a allait bien \u00bb, raconte Albert.<\/p>\n<p>Apr\u00e8s deux ans de pr\u00e9pa, la bande d\u2019amis se s\u00e9pare en 2021 au gr\u00e9 des r\u00e9ussites de concours. Albert int\u00e8gre une pr\u00e9pa \u00e0 Nantes. Seul Gaspard reste \u00e0 Douai car il n\u2019a \u00e9t\u00e9 pris nulle part. Mais \u00e7a va. Il est amoureux. Cependant, en d\u00e9cembre,&#8230;<\/p>\n","protected":false},"excerpt":{"rendered":"Apr\u00e8s son bac, pass\u00e9 au lyc\u00e9e Sainte-Marie de Lyon, Albert Courau a poursuivi ses \u00e9tudes en pr\u00e9pa d\u2019\u00e9cole&hellip;\n","protected":false},"author":2,"featured_media":373407,"comment_status":"","ping_status":"","sticky":false,"template":"","format":"standard","meta":{"footnotes":""},"categories":[1889],"tags":[1111,11,2430,9492,3152,2757,1777,674,1011,27,2428,2756,12,25,2429,71],"class_list":{"0":"post-373406","1":"post","2":"type-post","3":"status-publish","4":"format-standard","5":"has-post-thumbnail","7":"category-lyon","8":"tag-actu","9":"tag-actualites","10":"tag-auvergne-rhone-alpes","11":"tag-bron","12":"tag-edition-est-lyonnais","13":"tag-edition-lyon-villeurbanne","14":"tag-eu","15":"tag-europe","16":"tag-fr","17":"tag-france","18":"tag-lyon","19":"tag-lyon-bassin","20":"tag-news","21":"tag-republique-francaise","22":"tag-rhone","23":"tag-sante"},"share_on_mastodon":{"url":"https:\/\/pubeurope.com\/@fr\/115164135065814608","error":""},"_links":{"self":[{"href":"https:\/\/www.europesays.com\/fr\/wp-json\/wp\/v2\/posts\/373406","targetHints":{"allow":["GET"]}}],"collection":[{"href":"https:\/\/www.europesays.com\/fr\/wp-json\/wp\/v2\/posts"}],"about":[{"href":"https:\/\/www.europesays.com\/fr\/wp-json\/wp\/v2\/types\/post"}],"author":[{"embeddable":true,"href":"https:\/\/www.europesays.com\/fr\/wp-json\/wp\/v2\/users\/2"}],"replies":[{"embeddable":true,"href":"https:\/\/www.europesays.com\/fr\/wp-json\/wp\/v2\/comments?post=373406"}],"version-history":[{"count":0,"href":"https:\/\/www.europesays.com\/fr\/wp-json\/wp\/v2\/posts\/373406\/revisions"}],"wp:featuredmedia":[{"embeddable":true,"href":"https:\/\/www.europesays.com\/fr\/wp-json\/wp\/v2\/media\/373407"}],"wp:attachment":[{"href":"https:\/\/www.europesays.com\/fr\/wp-json\/wp\/v2\/media?parent=373406"}],"wp:term":[{"taxonomy":"category","embeddable":true,"href":"https:\/\/www.europesays.com\/fr\/wp-json\/wp\/v2\/categories?post=373406"},{"taxonomy":"post_tag","embeddable":true,"href":"https:\/\/www.europesays.com\/fr\/wp-json\/wp\/v2\/tags?post=373406"}],"curies":[{"name":"wp","href":"https:\/\/api.w.org\/{rel}","templated":true}]}}