{"id":373408,"date":"2025-09-07T17:13:09","date_gmt":"2025-09-07T17:13:09","guid":{"rendered":"https:\/\/www.europesays.com\/fr\/373408\/"},"modified":"2025-09-07T17:13:09","modified_gmt":"2025-09-07T17:13:09","slug":"apres-un-week-end-estival-la-meteo-se-gate-rapidement-a-paris-et-en-ile-de-france","status":"publish","type":"post","link":"https:\/\/www.europesays.com\/fr\/373408\/","title":{"rendered":"apr\u00e8s un week-end estival, la m\u00e9t\u00e9o se g\u00e2te rapidement \u00e0 Paris et en \u00cele-de-France"},"content":{"rendered":"<p>            Par<br \/>\n        <strong><br \/>\n            <a href=\"https:\/\/actu.fr\/auteur\/redaction-paris\" title=\"Consulter tous les articles de R\u00e9daction Paris\" target=\"_blank\" rel=\"noopener\">R\u00e9daction Paris<\/a><br \/>\n        <\/strong><\/p>\n<p>        Publi\u00e9 le<\/p>\n<p>            7 sept. 2025 \u00e0 19h03        <\/p>\n<p>Il a fait <a href=\"https:\/\/actu.fr\/ile-de-france\/paris_75056\/meteo-france-prevoit-un-retour-inattendu-de-la-chaleur-a-quoi-s-attendre-a-paris-et-en-ile-de-france_63123069.html\" target=\"_blank\" rel=\"noopener\">chaud<\/a> m\u00eame tr\u00e8s chaud ce week-end \u00e0 Paris et en \u00cele-de-France. Les 30\u00b0C ont \u00e9t\u00e9 d\u00e9pass\u00e9s dans la capitale ce dimanche 7 septembre, soit quelque 9\u00b0C de plus que les normales de saison. Mais d\u00e8s la fin de cet apr\u00e8s-midi, la physionomie de la <a href=\"https:\/\/actu.fr\/paris\/meteo\" target=\"_blank\" rel=\"noopener\">m\u00e9t\u00e9o<\/a> a quelque peu chang\u00e9 et ce n\u2019est qu\u2019un d\u00e9but \u00e0 en croire les pr\u00e9visions de <a href=\"https:\/\/actu.fr\/tag\/meteo-france\" target=\"_blank\" rel=\"noopener\">M\u00e9t\u00e9o France<\/a>.\u00a0<\/p>\n<p>Des averses orageuses et de la pluie en milieu de semaine<\/p>\n<p class=\" wall-content\">Selon ces derni\u00e8res, des averses orageuses, pas du tout pr\u00e9vues jusqu\u2019alors pourraient \u00e9clater ce dimanche soir, sans qu\u2019aucun d\u00e9partement francilien ne soit \u00e9pargn\u00e9.<\/p>\n<p class=\" wall-content\">\n<p class=\" wall-content\">Apr\u00e8s une nuit et une matin\u00e9e nuageuses, lundi, le ciel devrait se d\u00e9gager en d\u00e9but d\u2019apr\u00e8s-midi avant que les nuages ne reviennent \u00e0 la charge en fin de journ\u00e9e. C\u00f4t\u00e9 temp\u00e9ratures, il fera \u00ab\u00a0seulement\u00a0\u00bb 22\u00b0C en d\u00e9but d\u2019apr\u00e8s-midi dans la capitale. Un contraste avec ce week-end.\u00a0<\/p>\n<p class=\" wall-content\">Le temps devrait encore \u00eatre relativement agr\u00e9able mardi et mercredi, sec et souvent ensoleill\u00e9 mais sans que les temp\u00e9ratures estivales ne soient de retour. Il faudra en profiter car d\u00e8s jeudi, la situation pourrait se d\u00e9grader et la pluie faire son apparition.\u00a0<\/p>\n<p class=\" wall-content\">Une d\u00e9gradation qui pourrait se poursuivre jusqu\u2019au week-end malheureusement, obligeant \u00e0 troquer la casquette de ce dimanche contre le parapluie.\u00a0<\/p>\n<p class=\" wall-content\">Des pr\u00e9visions \u00e0 affiner bien \u00e9videmment au fur et \u00e0 mesure de la semaine.\u00a0<\/p>\n<p class=\" wall-content\">Personnalisez votre actualit\u00e9 en ajoutant vos villes et m\u00e9dias en favori avec <a href=\"https:\/\/moncompte.actu.fr\" title=\"D\u00e9couvez Mon Actu\" rel=\"nofollow noopener\" data-trk=\"{&quot;cta&quot;:{&quot;action&quot;:&quot;https:\\\/\\\/moncompte.actu.fr&quot;,&quot;category&quot;:&quot;mon compte&quot;,&quot;from&quot;:&quot;article footer&quot;,&quot;name&quot;:&quot;Mon actu&quot;,&quot;type&quot;:&quot;cta&quot;}}\" target=\"_blank\">Mon Actu<\/a>.<\/p>\n","protected":false},"excerpt":{"rendered":"Par R\u00e9daction Paris Publi\u00e9 le 7 sept. 2025 \u00e0 19h03 Il a fait chaud m\u00eame tr\u00e8s chaud ce&hellip;\n","protected":false},"author":2,"featured_media":373409,"comment_status":"","ping_status":"","sticky":false,"template":"","format":"standard","meta":{"footnotes":""},"categories":[1592],"tags":[1111,11,1777,674,1011,27,662,2487,2357,12,4594,626,25],"class_list":{"0":"post-373408","1":"post","2":"type-post","3":"status-publish","4":"format-standard","5":"has-post-thumbnail","7":"category-ile-de-france","8":"tag-actu","9":"tag-actualites","10":"tag-eu","11":"tag-europe","12":"tag-fr","13":"tag-france","14":"tag-ile-de-france","15":"tag-meteo","16":"tag-meteo-france","17":"tag-news","18":"tag-orages","19":"tag-paris","20":"tag-republique-francaise"},"share_on_mastodon":{"url":"https:\/\/pubeurope.com\/@fr\/115164139060128035","error":""},"_links":{"self":[{"href":"https:\/\/www.europesays.com\/fr\/wp-json\/wp\/v2\/posts\/373408","targetHints":{"allow":["GET"]}}],"collection":[{"href":"https:\/\/www.europesays.com\/fr\/wp-json\/wp\/v2\/posts"}],"about":[{"href":"https:\/\/www.europesays.com\/fr\/wp-json\/wp\/v2\/types\/post"}],"author":[{"embeddable":true,"href":"https:\/\/www.europesays.com\/fr\/wp-json\/wp\/v2\/users\/2"}],"replies":[{"embeddable":true,"href":"https:\/\/www.europesays.com\/fr\/wp-json\/wp\/v2\/comments?post=373408"}],"version-history":[{"count":0,"href":"https:\/\/www.europesays.com\/fr\/wp-json\/wp\/v2\/posts\/373408\/revisions"}],"wp:featuredmedia":[{"embeddable":true,"href":"https:\/\/www.europesays.com\/fr\/wp-json\/wp\/v2\/media\/373409"}],"wp:attachment":[{"href":"https:\/\/www.europesays.com\/fr\/wp-json\/wp\/v2\/media?parent=373408"}],"wp:term":[{"taxonomy":"category","embeddable":true,"href":"https:\/\/www.europesays.com\/fr\/wp-json\/wp\/v2\/categories?post=373408"},{"taxonomy":"post_tag","embeddable":true,"href":"https:\/\/www.europesays.com\/fr\/wp-json\/wp\/v2\/tags?post=373408"}],"curies":[{"name":"wp","href":"https:\/\/api.w.org\/{rel}","templated":true}]}}