{"id":373410,"date":"2025-09-07T17:14:09","date_gmt":"2025-09-07T17:14:09","guid":{"rendered":"https:\/\/www.europesays.com\/fr\/373410\/"},"modified":"2025-09-07T17:14:09","modified_gmt":"2025-09-07T17:14:09","slug":"jogger-tue-10-septembre-legrand-cohen-les-5-infos-marquantes-du-week-end-a-paris-et-en-ile-de-france","status":"publish","type":"post","link":"https:\/\/www.europesays.com\/fr\/373410\/","title":{"rendered":"Jogger tu\u00e9, 10 septembre, Legrand\/Cohen&#8230;Les 5 infos marquantes du week-end \u00e0 Paris et en \u00cele-de-France"},"content":{"rendered":"<p>            Par<br \/>\n        <strong><br \/>\n            <a href=\"https:\/\/actu.fr\/auteur\/redaction-paris\" title=\"Consulter tous les articles de R\u00e9daction Paris\" target=\"_blank\" rel=\"noopener\">R\u00e9daction Paris<\/a><br \/>\n        <\/strong><\/p>\n<p>        Publi\u00e9 le<\/p>\n<p>            7 sept. 2025 \u00e0 18h48        <\/p>\n<p>        Partager<\/p>\n<ul id=\"share\" class=\"ac-article-actions__share \">\n<li>\n            <a target=\"_blank\" href=\"http:\/\/www.facebook.com\/sharer.php?u=https:\/\/actu.fr\/societe\/jogger-tue-10-septembre-legrand-cohen-les-5-infos-marquantes-du-week-end-a-paris-et-en-ile-de-france_63127083.html\" class=\"ac-btn-social ac-btn-social--blue ac-btn-social--facebook\" title=\"Partagez sur Facebook - Nouvelle fen\u00eatre\" data-trk=\"{&quot;social&quot;:{&quot;network&quot;:&quot;facebook&quot;},&quot;article&quot;:{&quot;id_contenu&quot;:63127083,&quot;titre_contenu&quot;:&quot;Jogger tu\\u00e9, 10 septembre, Legrand\\\/Cohen...Les 5 infos marquantes du week-end \\u00e0 Paris et en \\u00cele-de-France&quot;,&quot;marque&quot;:&quot;Actu Paris&quot;,&quot;code_region&quot;:&quot;11&quot;,&quot;type&quot;:&quot;article&quot;,&quot;arborescence&quot;:&quot;Soci\\u00e9t\\u00e9&quot;,&quot;tags_article_s&quot;:&quot;Gr\\u00e8ve|Meurtre&quot;,&quot;signature_auteur&quot;:&quot;R\\u00e9daction Paris&quot;,&quot;statut_monetisation&quot;:&quot;gratuit&quot;}}\" rel=\"noopener\">Partagez sur Facebook<\/a>\n        <\/li>\n<li>\n            <a target=\"_blank\" href=\"https:\/\/twitter.com\/intent\/tweet?url=https:\/\/actu.fr\/societe\/jogger-tue-10-septembre-legrand-cohen-les-5-infos-marquantes-du-week-end-a-paris-et-en-ile-de-france_63127083.html&amp;text=Jogger tu\u00e9, 10 septembre, Legrand\/Cohen...Les 5 infos marquantes du week-end \u00e0 Paris et en \u00cele-de-France&amp;via=actufr\" class=\"ac-btn-social ac-btn-social--blue ac-btn-social--x\" title=\"Partagez sur Twitter - Nouvelle fen\u00eatre\" data-trk=\"{&quot;social&quot;:{&quot;network&quot;:&quot;twitter&quot;},&quot;article&quot;:{&quot;id_contenu&quot;:63127083,&quot;titre_contenu&quot;:&quot;Jogger tu\\u00e9, 10 septembre, Legrand\\\/Cohen...Les 5 infos marquantes du week-end \\u00e0 Paris et en \\u00cele-de-France&quot;,&quot;marque&quot;:&quot;Actu Paris&quot;,&quot;code_region&quot;:&quot;11&quot;,&quot;type&quot;:&quot;article&quot;,&quot;arborescence&quot;:&quot;Soci\\u00e9t\\u00e9&quot;,&quot;tags_article_s&quot;:&quot;Gr\\u00e8ve|Meurtre&quot;,&quot;signature_auteur&quot;:&quot;R\\u00e9daction Paris&quot;,&quot;statut_monetisation&quot;:&quot;gratuit&quot;}}\" rel=\"noopener\">Partagez sur Twitter<\/a>\n        <\/li>\n<li>\n            <a target=\"_blank\" href=\"http:\/\/actu.fr\/cdn-cgi\/l\/email-protection#0b4b34787e69616e687f3641646c6c6e792b7f7ec8a2272b3a3b2b786e7b7f6e6669796e272b476e6c796a656f244864636e65252525476e782b3e2b62656d64782b666a797a7e6a657f6e782b6f7e2b7c6e6e60266e656f2bc8ab2b5b6a7962782b6e7f2b6e652bc885676e266f6e264d796a65686e2d69646f723641646c6c6e792b7f7ec8a2272b3a3b2b786e7b7f6e6669796e272b476e6c796a656f244864636e65252525476e782b3e2b62656d64782b666a797a7e6a657f6e782b6f7e2b7c6e6e60266e656f2bc8ab2b5b6a7962782b6e7f2b6e652bc885676e266f6e264d796a65686e2e393b312e393b637f7f7b783124246a687f7e256d7924786468626e7f6e2461646c6c6e79267f7e6e263a3b26786e7b7f6e6669796e26676e6c796a656f266864636e6526676e78263e2662656d647826666a797a7e6a657f6e78266f7e267c6e6e60266e656f266a267b6a796278266e7f266e652662676e266f6e266d796a65686e543d383a393c3b333825637f6667\" class=\"ac-btn-social ac-btn-social--blue ac-btn-social--mail\" title=\"Partagez par mail - Nouvelle fen\u00eatre\" data-trk=\"{&quot;social&quot;:{&quot;network&quot;:&quot;email&quot;},&quot;article&quot;:{&quot;id_contenu&quot;:63127083,&quot;titre_contenu&quot;:&quot;Jogger tu\\u00e9, 10 septembre, Legrand\\\/Cohen...Les 5 infos marquantes du week-end \\u00e0 Paris et en \\u00cele-de-France&quot;,&quot;marque&quot;:&quot;Actu Paris&quot;,&quot;code_region&quot;:&quot;11&quot;,&quot;type&quot;:&quot;article&quot;,&quot;arborescence&quot;:&quot;Soci\\u00e9t\\u00e9&quot;,&quot;tags_article_s&quot;:&quot;Gr\\u00e8ve|Meurtre&quot;,&quot;signature_auteur&quot;:&quot;R\\u00e9daction Paris&quot;,&quot;statut_monetisation&quot;:&quot;gratuit&quot;}}\" rel=\"noopener\">Partagez par Mail<\/a>\n        <\/li>\n<li>\n<p>                Copiez\/Collez le Lien<\/p>\n<p>            Copi\u00e9 !\n        <\/li>\n<\/ul>\n<p>Le week-end des samedi 6 et dimanche 7 septembre aura \u00e9t\u00e9 marqu\u00e9 en \u00cele-de-France, par la mort d\u2019un jogger de 38 ans, <strong>tu\u00e9 par balle en Essonne<\/strong>. Il l\u2019aura \u00e9galement \u00e9t\u00e9 par la pol\u00e9mique de propos tenus par les journalistes <strong>Thomas Legrand et Patrick Cohen<\/strong> sur <a href=\"https:\/\/actu.fr\/tag\/rachida-dati\" target=\"_blank\" rel=\"noopener\">Rachida Dati<\/a> lors d\u2019un repas avec des responsables\u2026socialistes. Le r\u00e9cap de ces infos et des autres actus marquantes \u00e0 retenir \u00e0 Paris et dans l\u2019ensemble de la r\u00e9gion.<\/p>\n<p>Les 5 infos marquantes du week-end<\/p>\n<p class=\"expresso-item wall-content\"><a title=\"Lire l&#039;article\" href=\"https:\/\/actu.fr\/ile-de-france\/bievres_91064\/essonne-un-homme-qui-faisait-son-jogging-retrouve-mort-par-balle-le-parquet-ouvre-une-enquete_63125775.html\" target=\"_blank\" rel=\"noopener\"><strong>Essonne : un homme qui faisait son jogging retrouv\u00e9 mort par balle, le parquet ouvre une enqu\u00eate<\/strong><\/a><br \/>La victime, \u00e2g\u00e9e de 38 ans, a \u00e9t\u00e9 retrouv\u00e9e par des promeneurs \u00e0 Bi\u00e8vres.<\/p>\n<p class=\"expresso-item wall-content\"><a title=\"Lire l&#039;article\" href=\"https:\/\/actu.fr\/ile-de-france\/paris_75056\/bloquons-tout-a-quoi-faut-il-s-attendre-mercredi-10-septembre-a-paris-et-en-ile-de-france_63126463.html\" target=\"_blank\" rel=\"noopener\"><strong>\u00ab\u00a0Bloquons tout !\u00a0\u00bb : \u00e0 quoi faut-il s\u2019attendre mercredi 10 septembre \u00e0 Paris et en \u00cele-de-France ?<\/strong><\/a><br \/>Les autorit\u00e9s s\u2019attendent \u00e0 des actions diverses allant de blocages de gares, de raffineries, d\u2019axes de circulation\u2026On fait le point en \u00cele-de-France.<\/p>\n<p class=\"expresso-item wall-content\"><a title=\"Lire l&#039;article\" href=\"https:\/\/actu.fr\/ile-de-france\/paris_75056\/thomas-legrand-et-patrick-cohen-repondent-a-la-polemique-apres-des-propos-maladroits-tenus-sur-rachida-dati_63125489.html\" target=\"_blank\" rel=\"noopener\"><strong>Thomas Legrand et Patrick Cohen r\u00e9pondent \u00e0 la pol\u00e9mique apr\u00e8s des propos \u00ab\u00a0maladroits\u00a0\u00bb tenus sur Rachida Dati<\/strong><\/a><br \/>Accus\u00e9s de collusion avec le PS pour emp\u00eacher Rachida Dati d\u2019\u00eatre \u00e9lue maire de Paris, les deux journalistes se d\u00e9fendent.<\/p>\n<p class=\"expresso-item wall-content\"><a title=\"Lire l&#039;article\" href=\"https:\/\/actu.fr\/ile-de-france\/pierrefitte-sur-seine_93059\/seine-saint-denis-le-tortionnaire-de-deux-chiens-violemment-et-regulierement-tabasses-dort-en-prison_63125347.html\" target=\"_blank\" rel=\"noopener\"><strong>Seine-Saint-Denis. Le tortionnaire de deux chiens \u00ab\u00a0violemment et r\u00e9guli\u00e8rement tabass\u00e9s\u00a0\u00bb dort en prison<\/strong><\/a><br \/>Un homme comparaissait ce vendredi 5 septembre devant le tribunal de Bobigny pour des faits de violences envers ses deux chiens.<\/p>\n<p class=\"expresso-item wall-content\"><a title=\"Lire l&#039;article\" href=\"https:\/\/actu.fr\/ile-de-france\/paris_75056\/enorme-coup-dur-pour-le-psg-avec-les-blessures-de-dembele-et-doue-qui-vont-manquer-plusieurs-matchs_63125675.html\" target=\"_blank\" rel=\"noopener\"><strong>Enorme coup dur pour le PSG avec les blessures de Demb\u00e9l\u00e9 et Dou\u00e9 qui vont manquer plusieurs matchs<\/strong><\/a><br \/>Les deux joueurs de Paris repartent bless\u00e9s du rassemblement avec l\u2019\u00e9quipe de France.<\/p>\n<p class=\" wall-content\">Personnalisez votre actualit\u00e9 en ajoutant vos villes et m\u00e9dias en favori avec <a href=\"https:\/\/moncompte.actu.fr\" title=\"D\u00e9couvez Mon Actu\" rel=\"nofollow noopener\" data-trk=\"{&quot;cta&quot;:{&quot;action&quot;:&quot;https:\\\/\\\/moncompte.actu.fr&quot;,&quot;category&quot;:&quot;mon compte&quot;,&quot;from&quot;:&quot;article footer&quot;,&quot;name&quot;:&quot;Mon actu&quot;,&quot;type&quot;:&quot;cta&quot;}}\" target=\"_blank\">Mon Actu<\/a>.<\/p>\n<p>                    <script async src=\"https:\/\/platform.twitter.com\/widgets.js\" charset=\"utf-8\"><\/script><\/p>\n","protected":false},"excerpt":{"rendered":"Par R\u00e9daction Paris Publi\u00e9 le 7 sept. 2025 \u00e0 18h48 Partager Partagez sur Facebook Partagez sur Twitter Partagez&hellip;\n","protected":false},"author":2,"featured_media":354440,"comment_status":"","ping_status":"","sticky":false,"template":"","format":"standard","meta":{"footnotes":""},"categories":[1592],"tags":[1111,11,1777,674,1011,27,6151,662,777,12,626,25,104],"class_list":{"0":"post-373410","1":"post","2":"type-post","3":"status-publish","4":"format-standard","5":"has-post-thumbnail","7":"category-ile-de-france","8":"tag-actu","9":"tag-actualites","10":"tag-eu","11":"tag-europe","12":"tag-fr","13":"tag-france","14":"tag-greve","15":"tag-ile-de-france","16":"tag-meurtre","17":"tag-news","18":"tag-paris","19":"tag-republique-francaise","20":"tag-societe"},"share_on_mastodon":{"url":"https:\/\/pubeurope.com\/@fr\/115164142967577663","error":""},"_links":{"self":[{"href":"https:\/\/www.europesays.com\/fr\/wp-json\/wp\/v2\/posts\/373410","targetHints":{"allow":["GET"]}}],"collection":[{"href":"https:\/\/www.europesays.com\/fr\/wp-json\/wp\/v2\/posts"}],"about":[{"href":"https:\/\/www.europesays.com\/fr\/wp-json\/wp\/v2\/types\/post"}],"author":[{"embeddable":true,"href":"https:\/\/www.europesays.com\/fr\/wp-json\/wp\/v2\/users\/2"}],"replies":[{"embeddable":true,"href":"https:\/\/www.europesays.com\/fr\/wp-json\/wp\/v2\/comments?post=373410"}],"version-history":[{"count":0,"href":"https:\/\/www.europesays.com\/fr\/wp-json\/wp\/v2\/posts\/373410\/revisions"}],"wp:featuredmedia":[{"embeddable":true,"href":"https:\/\/www.europesays.com\/fr\/wp-json\/wp\/v2\/media\/354440"}],"wp:attachment":[{"href":"https:\/\/www.europesays.com\/fr\/wp-json\/wp\/v2\/media?parent=373410"}],"wp:term":[{"taxonomy":"category","embeddable":true,"href":"https:\/\/www.europesays.com\/fr\/wp-json\/wp\/v2\/categories?post=373410"},{"taxonomy":"post_tag","embeddable":true,"href":"https:\/\/www.europesays.com\/fr\/wp-json\/wp\/v2\/tags?post=373410"}],"curies":[{"name":"wp","href":"https:\/\/api.w.org\/{rel}","templated":true}]}}