{"id":373415,"date":"2025-09-07T17:17:13","date_gmt":"2025-09-07T17:17:13","guid":{"rendered":"https:\/\/www.europesays.com\/fr\/373415\/"},"modified":"2025-09-07T17:17:13","modified_gmt":"2025-09-07T17:17:13","slug":"ca-na-pas-de-sens-a-bois-colombes-la-mobilisation-samplifie-contre-le-sacrifice-darbres-pour-le-supermetro","status":"publish","type":"post","link":"https:\/\/www.europesays.com\/fr\/373415\/","title":{"rendered":"\u00ab\u00a0\u00c7a n\u2019a pas de sens\u00a0\u00bb : \u00e0 Bois-Colombes, la mobilisation s\u2019amplifie contre le sacrifice d\u2019arbres pour le superm\u00e9tro"},"content":{"rendered":"<p class=\"paragraph text_align_left lp-f-body-02\">\u00ab C\u2019est le seul endroit en ville o\u00f9 il y a une grande place ombrag\u00e9e sur laquelle les habitants peuvent se r\u00e9unir sans \u00eatre d\u00e9rang\u00e9s par la circulation automobile. C\u2019est un vrai lieu de vie, qui fait aussi travailler les commerces. C\u2019est une aberration d\u2019y couper des arbres ! \u00bb Tout comme Axelle, nombreux sont les habitants de <a href=\"https:\/\/www.leparisien.fr\/hauts-de-seine-92\/bois-colombes-92270\/\" target=\"_self\" rel=\"noopener\">Bois-Colombes <\/a>(Hauts-de-Seine) \u00e0 contester l\u2019abattage des 18 platanes de la place du march\u00e9 pour laisser place \u00e0 la base vie du chantier de la future de gare de<a href=\"https:\/\/www.leparisien.fr\/info-paris-ile-de-france-oise\/transports\/la-ligne-15-ouest-entre-saint-cloud-et-la-defense-est-prevue-pour-fin-2031-13-07-2023-FC7QPZCT6JFIXFVRI3DZ57LTE4.php\" target=\"_self\" rel=\"noopener\"> la ligne 15 Ouest du Grand Paris Express<\/a>.<\/p>\n<p class=\"paragraph text_align_left lp-f-body-02\">C\u2019est la solution, pour le moment, privil\u00e9gi\u00e9e par la Soci\u00e9t\u00e9 des Grands Projets (SGP) pour accueillir les ouvriers, les engins et le mat\u00e9riel employ\u00e9s pour r\u00e9aliser la gare du superm\u00e9tro du centre-ville, dont le<a href=\"https:\/\/www.leparisien.fr\/hauts-de-seine-92\/on-entre-dans-le-dur-le-chantier-du-grand-paris-express-a-commence-a-bois-colombes-avec-une-nouvelle-polemique-15-08-2025-2TJLU62RLZED7FGGFRMRK7A5JU.php\" target=\"_self\" rel=\"noopener\"> chantier a d\u00e9but\u00e9 le 4 ao\u00fbt<\/a>. \u00ab Les coupes d\u2019arbres envisag\u00e9es dans le cadre des travaux de la gare sont pr\u00e9vues en octobre 2025 \u00bb, confirme la SGP.<\/p>\n","protected":false},"excerpt":{"rendered":"\u00ab C\u2019est le seul endroit en ville o\u00f9 il y a une grande place ombrag\u00e9e sur laquelle les&hellip;\n","protected":false},"author":2,"featured_media":373416,"comment_status":"","ping_status":"","sticky":false,"template":"","format":"standard","meta":{"footnotes":""},"categories":[1888],"tags":[11,1777,674,1011,27,3314,1944,12,626,25],"class_list":{"0":"post-373415","1":"post","2":"type-post","3":"status-publish","4":"format-standard","5":"has-post-thumbnail","7":"category-paris","8":"tag-actualites","9":"tag-eu","10":"tag-europe","11":"tag-fr","12":"tag-france","13":"tag-hauts-de-seine","14":"tag-ma-ville","15":"tag-news","16":"tag-paris","17":"tag-republique-francaise"},"share_on_mastodon":{"url":"https:\/\/pubeurope.com\/@fr\/115164154755467170","error":""},"_links":{"self":[{"href":"https:\/\/www.europesays.com\/fr\/wp-json\/wp\/v2\/posts\/373415","targetHints":{"allow":["GET"]}}],"collection":[{"href":"https:\/\/www.europesays.com\/fr\/wp-json\/wp\/v2\/posts"}],"about":[{"href":"https:\/\/www.europesays.com\/fr\/wp-json\/wp\/v2\/types\/post"}],"author":[{"embeddable":true,"href":"https:\/\/www.europesays.com\/fr\/wp-json\/wp\/v2\/users\/2"}],"replies":[{"embeddable":true,"href":"https:\/\/www.europesays.com\/fr\/wp-json\/wp\/v2\/comments?post=373415"}],"version-history":[{"count":0,"href":"https:\/\/www.europesays.com\/fr\/wp-json\/wp\/v2\/posts\/373415\/revisions"}],"wp:featuredmedia":[{"embeddable":true,"href":"https:\/\/www.europesays.com\/fr\/wp-json\/wp\/v2\/media\/373416"}],"wp:attachment":[{"href":"https:\/\/www.europesays.com\/fr\/wp-json\/wp\/v2\/media?parent=373415"}],"wp:term":[{"taxonomy":"category","embeddable":true,"href":"https:\/\/www.europesays.com\/fr\/wp-json\/wp\/v2\/categories?post=373415"},{"taxonomy":"post_tag","embeddable":true,"href":"https:\/\/www.europesays.com\/fr\/wp-json\/wp\/v2\/tags?post=373415"}],"curies":[{"name":"wp","href":"https:\/\/api.w.org\/{rel}","templated":true}]}}