{"id":373417,"date":"2025-09-07T17:18:10","date_gmt":"2025-09-07T17:18:10","guid":{"rendered":"https:\/\/www.europesays.com\/fr\/373417\/"},"modified":"2025-09-07T17:18:10","modified_gmt":"2025-09-07T17:18:10","slug":"mma-paris-en-cage","status":"publish","type":"post","link":"https:\/\/www.europesays.com\/fr\/373417\/","title":{"rendered":"MMA : Paris en cage !"},"content":{"rendered":"<p>\n                                                C&rsquo;est d\u00e9sormais un rituel : \u00e0 l&rsquo;occasion de la rentr\u00e9e des classes, l&rsquo;UFC, la plus grande organisation en mati\u00e8re de MMA, fait vibrer Paris. Mondial sports revient sur cet \u00e9v\u00e9nement coup de poing\u00a0!                    <\/p>\n<p>Autoris\u00e9es depuis cinq ans \u00e0 peine en <strong><a target=\"_self\" href=\"https:\/\/www.rfi.fr\/fr\/tag\/france\/\" class=\"gtm-add-suggested-tag\" rel=\"noopener\">France<\/a><\/strong>, les comp\u00e9titions d&rsquo;arts martiaux mixtes d\u00e9placent d\u00e9j\u00e0 les foules \u00e0 Paris. Ainsi, l&rsquo;Ultimate Fighting Championship, principale f\u00e9d\u00e9ration de la discipline, prend chaque ann\u00e9e ses quartiers dans le c\u0153ur de la ville lumi\u00e8re.<\/p>\n<p>L&rsquo;UFC Paris reprend ses quartiers \u00e0 Bercy avec notamment deux vedettes \u00ab\u00a0locales\u00a0\u00bb \u00e0 l&rsquo;affiche\u00a0: Nassourdine Imavov et Beno\u00eet Saint Denis.<\/p>\n<p>L&rsquo;occasion est donc belle de transformer le studio de Mondial sports en octogone et de mesurer, une nouvelle fois, l&rsquo;engouement pour le <strong><a target=\"_self\" href=\"https:\/\/www.rfi.fr\/fr\/tag\/mma\/\" class=\"gtm-add-suggested-tag\" rel=\"noopener\">MMA<\/a><\/strong> en France.<\/p>\n<p><a target=\"_self\" href=\"https:\/\/www.rfi.fr\/fr\/podcasts\/mondial-sports\/20241207-marine-camara-h\u00e9ro\u00efne-du-mali\" rel=\"noopener\"><strong>Marine Camara<\/strong><\/a> (boxeuse et consultante, porte-drapeau du Mali aux JO de Paris), Xavier Foupa-Pokam (ancien champion de MMA), et <a target=\"_self\" href=\"https:\/\/www.rfi.fr\/fr\/auteur\/sophiane-amazian\/\" rel=\"noopener\"><strong>Sophiane Amazian<\/strong><\/a> pr\u00eateront main-forte \u00e0 Hugo Moissonnier ce dimanche.<\/p>\n","protected":false},"excerpt":{"rendered":"C&rsquo;est d\u00e9sormais un rituel : \u00e0 l&rsquo;occasion de la rentr\u00e9e des classes, l&rsquo;UFC, la plus grande organisation en&hellip;\n","protected":false},"author":2,"featured_media":373418,"comment_status":"","ping_status":"","sticky":false,"template":"","format":"standard","meta":{"footnotes":""},"categories":[1888],"tags":[11,1777,674,1011,27,1847,50739,12,626,25,60],"class_list":{"0":"post-373417","1":"post","2":"type-post","3":"status-publish","4":"format-standard","5":"has-post-thumbnail","7":"category-paris","8":"tag-actualites","9":"tag-eu","10":"tag-europe","11":"tag-fr","12":"tag-france","13":"tag-mma","14":"tag-mondial-sports","15":"tag-news","16":"tag-paris","17":"tag-republique-francaise","18":"tag-sports"},"share_on_mastodon":{"url":"https:\/\/pubeurope.com\/@fr\/115164158722026106","error":""},"_links":{"self":[{"href":"https:\/\/www.europesays.com\/fr\/wp-json\/wp\/v2\/posts\/373417","targetHints":{"allow":["GET"]}}],"collection":[{"href":"https:\/\/www.europesays.com\/fr\/wp-json\/wp\/v2\/posts"}],"about":[{"href":"https:\/\/www.europesays.com\/fr\/wp-json\/wp\/v2\/types\/post"}],"author":[{"embeddable":true,"href":"https:\/\/www.europesays.com\/fr\/wp-json\/wp\/v2\/users\/2"}],"replies":[{"embeddable":true,"href":"https:\/\/www.europesays.com\/fr\/wp-json\/wp\/v2\/comments?post=373417"}],"version-history":[{"count":0,"href":"https:\/\/www.europesays.com\/fr\/wp-json\/wp\/v2\/posts\/373417\/revisions"}],"wp:featuredmedia":[{"embeddable":true,"href":"https:\/\/www.europesays.com\/fr\/wp-json\/wp\/v2\/media\/373418"}],"wp:attachment":[{"href":"https:\/\/www.europesays.com\/fr\/wp-json\/wp\/v2\/media?parent=373417"}],"wp:term":[{"taxonomy":"category","embeddable":true,"href":"https:\/\/www.europesays.com\/fr\/wp-json\/wp\/v2\/categories?post=373417"},{"taxonomy":"post_tag","embeddable":true,"href":"https:\/\/www.europesays.com\/fr\/wp-json\/wp\/v2\/tags?post=373417"}],"curies":[{"name":"wp","href":"https:\/\/api.w.org\/{rel}","templated":true}]}}