{"id":373419,"date":"2025-09-07T17:19:10","date_gmt":"2025-09-07T17:19:10","guid":{"rendered":"https:\/\/www.europesays.com\/fr\/373419\/"},"modified":"2025-09-07T17:19:10","modified_gmt":"2025-09-07T17:19:10","slug":"donald-trump-se-dit-pret-a-prendre-de-nouvelles-sanctions-contre-la-russie","status":"publish","type":"post","link":"https:\/\/www.europesays.com\/fr\/373419\/","title":{"rendered":"Donald Trump se dit pr\u00eat \u00e0 prendre de nouvelles sanctions contre la Russie"},"content":{"rendered":"<p><a href=\"https:\/\/www.laprovence.com\/article\/france-monde\/4309740636866114\/avec-son-ministere-de-la-guerre-trump-veut-envoyer-un-message-de-force\" target=\"_blank\" rel=\"nofollow noopener\">Donald Trump<\/a> d\u00e9clar\u00e9 ce dimanche qu&rsquo;il envisageait de nouvelles sanctions contre la Russie, au lendemain d&rsquo;une meurtri\u00e8re attaque a\u00e9rienne sur l&rsquo;Ukraine, sans pr\u00e9c\u00e9dent par son ampleur.\u00a0<\/p>\n<p>Interrog\u00e9 \u00e0 la Maison Blanche par un journaliste sur le fait de savoir s&rsquo;il \u00e9tait pr\u00eat \u00e0 lancer une nouvelle phase de sanctions contre la Russie, le pr\u00e9sident am\u00e9ricain a r\u00e9pondu \u00ab\u00a0oui, je le suis\u00a0\u00bb.<\/p>\n<p>Le si\u00e8ge du gouvernement ukrainien incendi\u00e9 apr\u00e8s des frappes russes\u00a0<\/p>\n<p>\u00ab\u00a0Pour la premi\u00e8re fois, le toit et les <a href=\"https:\/\/www.laprovence.com\/article\/france-monde\/5291106437218814\/guerre-en-ukraine-le-siege-du-gouvernement-incendie-apres-des-frappes-russes\" target=\"_blank\" rel=\"nofollow noopener\">\u00e9tages sup\u00e9rieurs du si\u00e8ge du gouvernement ont \u00e9t\u00e9 endommag\u00e9s<\/a> \u00e0 cause d&rsquo;une attaque ennemie\u00a0\u00bb, a d\u00e9clar\u00e9 la Premi\u00e8re ministre Ioulia Svyrydenko sur Telegram, postant des images de flammes s&rsquo;\u00e9chappant de la fa\u00e7ade de l&rsquo;imposante b\u00e2tisse proche de la pr\u00e9sidence et du Parlement.<\/p>\n","protected":false},"excerpt":{"rendered":"Donald Trump d\u00e9clar\u00e9 ce dimanche qu&rsquo;il envisageait de nouvelles sanctions contre la Russie, au lendemain d&rsquo;une meurtri\u00e8re attaque&hellip;\n","protected":false},"author":2,"featured_media":373420,"comment_status":"","ping_status":"","sticky":false,"template":"","format":"standard","meta":{"footnotes":""},"categories":[1591],"tags":[17,11,2827,15016,1887,329,12,1113,4571,468,1885,1886,132,7185,467],"class_list":{"0":"post-373419","1":"post","2":"type-post","3":"status-publish","4":"format-standard","5":"has-post-thumbnail","7":"category-russie","8":"tag-17","9":"tag-actualites","10":"tag-dit","11":"tag-donald","12":"tag-federation-de-russie","13":"tag-france-monde","14":"tag-news","15":"tag-nouvelles","16":"tag-prendre","17":"tag-pret","18":"tag-russia","19":"tag-russian-federation","20":"tag-russie","21":"tag-sanctions","22":"tag-trump"},"share_on_mastodon":{"url":"https:\/\/pubeurope.com\/@fr\/115164162848016877","error":""},"_links":{"self":[{"href":"https:\/\/www.europesays.com\/fr\/wp-json\/wp\/v2\/posts\/373419","targetHints":{"allow":["GET"]}}],"collection":[{"href":"https:\/\/www.europesays.com\/fr\/wp-json\/wp\/v2\/posts"}],"about":[{"href":"https:\/\/www.europesays.com\/fr\/wp-json\/wp\/v2\/types\/post"}],"author":[{"embeddable":true,"href":"https:\/\/www.europesays.com\/fr\/wp-json\/wp\/v2\/users\/2"}],"replies":[{"embeddable":true,"href":"https:\/\/www.europesays.com\/fr\/wp-json\/wp\/v2\/comments?post=373419"}],"version-history":[{"count":0,"href":"https:\/\/www.europesays.com\/fr\/wp-json\/wp\/v2\/posts\/373419\/revisions"}],"wp:featuredmedia":[{"embeddable":true,"href":"https:\/\/www.europesays.com\/fr\/wp-json\/wp\/v2\/media\/373420"}],"wp:attachment":[{"href":"https:\/\/www.europesays.com\/fr\/wp-json\/wp\/v2\/media?parent=373419"}],"wp:term":[{"taxonomy":"category","embeddable":true,"href":"https:\/\/www.europesays.com\/fr\/wp-json\/wp\/v2\/categories?post=373419"},{"taxonomy":"post_tag","embeddable":true,"href":"https:\/\/www.europesays.com\/fr\/wp-json\/wp\/v2\/tags?post=373419"}],"curies":[{"name":"wp","href":"https:\/\/api.w.org\/{rel}","templated":true}]}}