{"id":373425,"date":"2025-09-07T17:22:10","date_gmt":"2025-09-07T17:22:10","guid":{"rendered":"https:\/\/www.europesays.com\/fr\/373425\/"},"modified":"2025-09-07T17:22:10","modified_gmt":"2025-09-07T17:22:10","slug":"les-demandeurs-dasile-pourraient-bientot-etre-loges-dans-des-sites-militaires-lexpress","status":"publish","type":"post","link":"https:\/\/www.europesays.com\/fr\/373425\/","title":{"rendered":"les demandeurs d&rsquo;asile pourraient bient\u00f4t \u00eatre log\u00e9s dans \u00ab\u00a0des sites militaires\u00a0\u00bb \u2013 L&rsquo;Express"},"content":{"rendered":"<p class=\"paragraph article-body-paragraph article__item   article-body-paragraph--first \">Des demandeurs d&rsquo;asile bient\u00f4t plac\u00e9s dans des \u00ab\u00a0sites militaires\u00a0\u00bb britanniques ? Le gouvernement travailliste de <a href=\"https:\/\/www.lexpress.fr\/monde\/europe\/keir-starmer-un-an-au-pouvoir-la-presse-britannique-tacle-un-premier-ministre-invisible-EWTYJAPDURBEZBWZQ7W3NMOSQI\/\" target=\"_self\" rel=\"nofollow noopener\" title=\"https:\/\/www.lexpress.fr\/monde\/europe\/keir-starmer-un-an-au-pouvoir-la-presse-britannique-tacle-un-premier-ministre-invisible-EWTYJAPDURBEZBWZQ7W3NMOSQI\/\">Keir Starmer<\/a> \u00ab\u00a0\u00e9tudie\u00a0\u00bb cette hypoth\u00e8se, alors qu&rsquo;un mouvement anti-immigration prend de l&rsquo;ampleur au Royaume-Uni, sur fond <a href=\"https:\/\/www.lexpress.fr\/monde\/europe\/marine-le-pen-nigel-farage-alice-weidel-le-triangle-populiste-qui-menace-leurope-KDN2S2CHURBZRFJNU727NSMSO4\/\" target=\"_self\" rel=\"nofollow noopener\" title=\"https:\/\/www.lexpress.fr\/monde\/europe\/marine-le-pen-nigel-farage-alice-weidel-le-triangle-populiste-qui-menace-leurope-KDN2S2CHURBZRFJNU727NSMSO4\/\">de perc\u00e9e de l&rsquo;extr\u00eame-droite<\/a>. Ces derniers jours, plusieurs manifestations ont eu lieu devant des h\u00f4tels, apr\u00e8s un fait divers impliquant un demandeur d&rsquo;asile \u00e9thiopien, en juillet. Ce dernier, h\u00e9berg\u00e9 au Bell Hotel, un \u00e9tablissement situ\u00e9 \u00e0 Epping, au nord de Londres, avait \u00e9t\u00e9 arr\u00eat\u00e9 pour une agression sexuelle sur une adolescente de 14 ans \u2013 des accusations qu&rsquo;il nie. <\/p>\n<p class=\"paragraph article-body-paragraph article__item   \">L&rsquo;affaire avait d\u00e9bouch\u00e9 sur une s\u00e9rie de contestations devant plusieurs h\u00f4tels outre-Manche. Au <a href=\"https:\/\/www.lexpress.fr\/monde\/europe\/il-faut-passer-outre-cette-amertume-post-brexit-lappel-de-lex-ambassadrice-du-royaume-uni-en-france-GMX2O5Y4JRC2RLKVXAM6YKVP6U\/\" target=\"_self\" rel=\"nofollow noopener\" title=\"https:\/\/www.lexpress.fr\/monde\/europe\/il-faut-passer-outre-cette-amertume-post-brexit-lappel-de-lex-ambassadrice-du-royaume-uni-en-france-GMX2O5Y4JRC2RLKVXAM6YKVP6U\/\">Royaume-Uni<\/a>, la loi impose au gouvernement en place de trouver un lieu d&rsquo;accueil aux demandeurs d&rsquo;asile dans le pays, le temps d&rsquo;examiner leurs dossiers. En vertu de ce principe, 32 000 personnes \u00e9taient fin juin h\u00e9berg\u00e9es dans plus de 200 h\u00f4tels r\u00e9partis sur le territoire britannique. Le 19 ao\u00fbt, la justice avait ordonn\u00e9 l&rsquo;interdiction temporaire de loger plus de 130 migrants au Bell Hotel, apr\u00e8s un recours d\u00e9pos\u00e9 par le conseil local d&rsquo;Epping. Une d\u00e9cision finalement r\u00e9voqu\u00e9e en appel vendredi 29 ao\u00fbt, faisant repartir de plus belle les manifestations dans la rue.<\/p>\n<p>Mouvement aliment\u00e9 par l&rsquo;extr\u00eame droite<\/p>\n<p class=\"paragraph article-body-paragraph article__item   \">Le mouvement est largement soutenu par le parti populiste Reform UK, dirig\u00e9 par Nigel Farage. La figure pro-Brexit, actuellement en t\u00eate des sondages, utilise cette vague de m\u00e9contentement pour poursuivre sa perc\u00e9e dans l&rsquo;opinion. \u00ab\u00a0Nous en avons tous assez\u00a0\u00bb, a-t-il \u00e9crit, mi-ao\u00fbt, dans une tribune publi\u00e9e dans le <a href=\"https:\/\/www.telegraph.co.uk\/news\/2025\/08\/19\/epping-has-shown-the-way-to-win\/\" target=\"_self\" rel=\"nofollow noopener\" title=\"https:\/\/www.telegraph.co.uk\/news\/2025\/08\/19\/epping-has-shown-the-way-to-win\/\">Daily Telegraph<\/a>, en r\u00e9f\u00e9rence \u00e0 ce syst\u00e8me d&rsquo;h\u00e9bergement h\u00f4telier, par ailleurs critiqu\u00e9 pour son co\u00fbt. L&rsquo;opposition \u00e0 <a href=\"https:\/\/www.lexpress.fr\/politique\/immigration-pourquoi-la-gauche-francaise-nest-pas-pres-dimiter-keir-starmer-BUF6677K3VAIDLHZQ53H7RJ3ZM\/\" target=\"_self\" rel=\"nofollow noopener\" title=\"https:\/\/www.lexpress.fr\/politique\/immigration-pourquoi-la-gauche-francaise-nest-pas-pres-dimiter-keir-starmer-BUF6677K3VAIDLHZQ53H7RJ3ZM\/\">la politique migratoire du pouvoir en place<\/a> donne aussi l&rsquo;occasion au chef de file d&rsquo;extr\u00eame droite de d\u00e9ployer l&rsquo;ensemble de ses arguments pour limiter le nombre d&rsquo;immigr\u00e9s au Royaume-Uni. <\/p>\n<p><strong class=\"article-body-link-list__item text-gray-800 article-body-link-list__item--one-item\">LIRE AUSSI : <a class=\"article-body-link-list__item-link\" href=\"https:\/\/www.lexpress.fr\/monde\/royaume-uni-la-strategie-risquee-de-keir-starmer-pour-contrer-la-montee-de-lextreme-droite-KL2W65A6RZCBLD2DHW3VO4TRLI\/\" target=\"_blank\" rel=\"noreferrer nofollow noopener\">Royaume-Uni : la strat\u00e9gie risqu\u00e9e de Keir Starmer pour contrer la mont\u00e9e de l\u2019extr\u00eame droite<\/a><\/strong><\/p>\n<p class=\"paragraph article-body-paragraph article__item   \">S&rsquo;il acc\u00e9dait au 10 Downing Street, <a href=\"https:\/\/www.lexpress.fr\/monde\/europe\/royaume-uni-les-propositions-choc-de-nigel-farage-contre-limmigration-en-cas-de-victoire-de-son-VSRLFADXS5ELPL23S4EY3RZDBU\/\" target=\"_self\" rel=\"nofollow noopener\" title=\"https:\/\/www.lexpress.fr\/monde\/europe\/royaume-uni-les-propositions-choc-de-nigel-farage-contre-limmigration-en-cas-de-victoire-de-son-VSRLFADXS5ELPL23S4EY3RZDBU\/\">Nigel Farage<\/a> promet ainsi d&rsquo;expulser 600 000 clandestins du sol britannique en l&rsquo;espace de cinq ans. Son parti affirme que les travers\u00e9es de la Manche en bateaux pourraient aussi \u00eatre interrompues en deux semaines. Un des cadres de Reform UK, Zia Yusuf, a m\u00eame laiss\u00e9 entendre qu&rsquo;un gouvernement issu de sa formation pourrait envisager de payer le <a href=\"https:\/\/www.lexpress.fr\/monde\/asie\/la-russie-reconnait-officiellement-le-pouvoir-taliban-en-afghanistan-une-premiere-mondiale-UIBCYH2LQNBAZBZFUXYKLP26GI\/\" target=\"_self\" rel=\"nofollow noopener\" title=\"https:\/\/www.lexpress.fr\/monde\/asie\/la-russie-reconnait-officiellement-le-pouvoir-taliban-en-afghanistan-une-premiere-mondiale-UIBCYH2LQNBAZBZFUXYKLP26GI\/\">pouvoir taliban<\/a> en Afghanistan afin d&rsquo;y renvoyer des migrants originaires de ce pays d&rsquo;Asie centrale. M\u00eame position vis-\u00e0-vis du r\u00e9gime des mollahs <a href=\"https:\/\/www.lexpress.fr\/monde\/proche-moyen-orient\/en-iran-cest-fou-davoir-des-enfants-le-mur-demographique-lautre-bataille-du-regime-islamique-4PT7NJ772FFH7LNCL42IB7EE4Y\/\" target=\"_self\" rel=\"nofollow noopener\" title=\"https:\/\/www.lexpress.fr\/monde\/proche-moyen-orient\/en-iran-cest-fou-davoir-des-enfants-le-mur-demographique-lautre-bataille-du-regime-islamique-4PT7NJ772FFH7LNCL42IB7EE4Y\/\">en Iran<\/a>.<\/p>\n<p>Keir Starmer \u00e0 la recherche de solutions<\/p>\n<p class=\"paragraph article-body-paragraph article__item   \">De son c\u00f4t\u00e9, le <a href=\"https:\/\/www.lexpress.fr\/economie\/royaume-uni-derriere-la-croissance-surprise-une-realite-economique-moins-rose-ZYO5VMK2DFD4XOWYAUJDGXXZT4\/\" target=\"_self\" rel=\"nofollow noopener\" title=\"https:\/\/www.lexpress.fr\/economie\/royaume-uni-derriere-la-croissance-surprise-une-realite-economique-moins-rose-ZYO5VMK2DFD4XOWYAUJDGXXZT4\/\">gouvernement de Keir Starmer<\/a>, actuellement au pouvoir, tente de trouver des solutions pour limiter la grogne contre son action en mati\u00e8re migratoire. Impopulaire et <a href=\"https:\/\/www.lexpress.fr\/monde\/royaume-uni-keir-starmer-contraint-doperer-un-vaste-remaniement-de-son-gouvernement-GUURXWTFXVBQDNAMYO6LOQTFBA\/\" target=\"_self\" rel=\"nofollow noopener\" title=\"https:\/\/www.lexpress.fr\/monde\/royaume-uni-keir-starmer-contraint-doperer-un-vaste-remaniement-de-son-gouvernement-GUURXWTFXVBQDNAMYO6LOQTFBA\/\">fragilis\u00e9 par un r\u00e9cent remaniement<\/a>, le Premier ministre a assur\u00e9 vouloir mettre un terme au syst\u00e8me d&rsquo;h\u00e9bergement dans les h\u00f4tels de demandeurs d&rsquo;asile d&rsquo;ici \u00e0 2029. De quelle fa\u00e7on ? Le secr\u00e9taire \u00e0 la D\u00e9fense, John Healey, a laiss\u00e9 entendre ce dimanche que ceux-ci pourraient \u00e0 l&rsquo;avenir \u00eatre log\u00e9s sur des sites parfois li\u00e9s \u00e0 l&rsquo;arm\u00e9e. \u00ab\u00a0Nous \u00e9tudions la possibilit\u00e9 d&rsquo;utiliser des sites militaires et non militaires pour h\u00e9berger temporairement les personnes qui traversent la fronti\u00e8re sur ces petites embarcations et qui n&rsquo;ont peut-\u00eatre pas le droit d&rsquo;\u00eatre ici\u00a0\u00bb, a lanc\u00e9 le responsable, lors d&rsquo;une \u00e9mission diffus\u00e9e sur <a href=\"https:\/\/news.sky.com\/story\/labour-considering-using-military-barracks-to-house-asylum-seekers-13426406\" target=\"_self\" rel=\"nofollow noopener\" title=\"https:\/\/news.sky.com\/story\/labour-considering-using-military-barracks-to-house-asylum-seekers-13426406\">Sky News<\/a>.<\/p>\n<\/p>\n<p class=\"paragraph article-body-paragraph article__item    article__text__endpicto\">Le Royaume-Uni fait face \u00e0 <a href=\"https:\/\/www.lexpress.fr\/monde\/europe\/immigration-les-reformes-radicales-de-keir-starmer-vues-par-la-presse-britannique-6HOVAXLYSVF65BEK24PNDHZ6EY\/\" target=\"_self\" rel=\"nofollow noopener\" title=\"https:\/\/www.lexpress.fr\/monde\/europe\/immigration-les-reformes-radicales-de-keir-starmer-vues-par-la-presse-britannique-6HOVAXLYSVF65BEK24PNDHZ6EY\/\">un nombre record de demandes d&rsquo;asile<\/a>. Entre juin 2024 et juin 2025, 111 000 personnes ont sollicit\u00e9 une proc\u00e9dure de ce type. Depuis l&rsquo;arriv\u00e9e de Keir Starmer, il y a un peu plus d&rsquo;un an, 50 000 personnes sont par ailleurs arriv\u00e9es sur le sol britannique en traversant la Manche. Londres a sign\u00e9 au mois d&rsquo;ao\u00fbt un <a href=\"https:\/\/www.lexpress.fr\/monde\/europe\/immigration-ce-que-contient-laccord-franco-britannique-qui-entre-en-vigueur-ce-mardi-BBXON4HWTJFN5GJOF6NW7TMJZA\/\" target=\"_self\" rel=\"nofollow noopener\" title=\"https:\/\/www.lexpress.fr\/monde\/europe\/immigration-ce-que-contient-laccord-franco-britannique-qui-entre-en-vigueur-ce-mardi-BBXON4HWTJFN5GJOF6NW7TMJZA\/\">accord avec Paris pour tenter de contenir ce ph\u00e9nom\u00e8ne<\/a>. D\u00e9but septembre, l&rsquo;ex-ministre de l&rsquo;Int\u00e9rieur Yvette Cooper a \u00e9galement annonc\u00e9 la suspension temporaire des demandes de regroupement familial pour les r\u00e9fugi\u00e9s pr\u00e9sents au Royaume-Uni.<\/p>\n","protected":false},"excerpt":{"rendered":"Des demandeurs d&rsquo;asile bient\u00f4t plac\u00e9s dans des \u00ab\u00a0sites militaires\u00a0\u00bb britanniques ? Le gouvernement travailliste de Keir Starmer \u00ab\u00a0\u00e9tudie\u00a0\u00bb&hellip;\n","protected":false},"author":2,"featured_media":373426,"comment_status":"","ping_status":"","sticky":false,"template":"","format":"standard","meta":{"footnotes":""},"categories":[1588],"tags":[11,1777,674,74,12,473,1853,1851,1850,1852],"class_list":{"0":"post-373425","1":"post","2":"type-post","3":"status-publish","4":"format-standard","5":"has-post-thumbnail","7":"category-royaume-uni","8":"tag-actualites","9":"tag-eu","10":"tag-europe","11":"tag-monde","12":"tag-news","13":"tag-royaume-uni","14":"tag-royaume-uni-de-grande-bretagne-et-dirlande-du-nord","15":"tag-uk","16":"tag-united-kingdom","17":"tag-united-kingdom-of-great-britain-and-northern-ireland"},"share_on_mastodon":{"url":"https:\/\/pubeurope.com\/@fr\/115164174214743590","error":""},"_links":{"self":[{"href":"https:\/\/www.europesays.com\/fr\/wp-json\/wp\/v2\/posts\/373425","targetHints":{"allow":["GET"]}}],"collection":[{"href":"https:\/\/www.europesays.com\/fr\/wp-json\/wp\/v2\/posts"}],"about":[{"href":"https:\/\/www.europesays.com\/fr\/wp-json\/wp\/v2\/types\/post"}],"author":[{"embeddable":true,"href":"https:\/\/www.europesays.com\/fr\/wp-json\/wp\/v2\/users\/2"}],"replies":[{"embeddable":true,"href":"https:\/\/www.europesays.com\/fr\/wp-json\/wp\/v2\/comments?post=373425"}],"version-history":[{"count":0,"href":"https:\/\/www.europesays.com\/fr\/wp-json\/wp\/v2\/posts\/373425\/revisions"}],"wp:featuredmedia":[{"embeddable":true,"href":"https:\/\/www.europesays.com\/fr\/wp-json\/wp\/v2\/media\/373426"}],"wp:attachment":[{"href":"https:\/\/www.europesays.com\/fr\/wp-json\/wp\/v2\/media?parent=373425"}],"wp:term":[{"taxonomy":"category","embeddable":true,"href":"https:\/\/www.europesays.com\/fr\/wp-json\/wp\/v2\/categories?post=373425"},{"taxonomy":"post_tag","embeddable":true,"href":"https:\/\/www.europesays.com\/fr\/wp-json\/wp\/v2\/tags?post=373425"}],"curies":[{"name":"wp","href":"https:\/\/api.w.org\/{rel}","templated":true}]}}