{"id":373430,"date":"2025-09-07T17:25:28","date_gmt":"2025-09-07T17:25:28","guid":{"rendered":"https:\/\/www.europesays.com\/fr\/373430\/"},"modified":"2025-09-07T17:25:28","modified_gmt":"2025-09-07T17:25:28","slug":"un-seisme-a-eu-lieu-pres-de-pau","status":"publish","type":"post","link":"https:\/\/www.europesays.com\/fr\/373430\/","title":{"rendered":"Un s\u00e9isme a eu lieu pr\u00e8s de Pau"},"content":{"rendered":"<p>Un s\u00e9isme de magnitude 3,5 pr\u00e8s de Pau, dans les Pyr\u00e9n\u00e9es-Atlantiques, a \u00e9t\u00e9 signal\u00e9 samedi 06 septembre par le <a href=\"https:\/\/www.emsc-csem.org\/\" target=\"_blank\" rel=\"noopener nofollow\">Centre Sismologique Euro-M\u00e9diterran\u00e9en<\/a> (CSEM), consid\u00e9r\u00e9 comme l\u2019une des principales agences internationales de surveillance de l\u2019activit\u00e9 sismique mondiale. <\/p>\n<p>Le s\u00e9isme s\u2019est produit \u00e0 une tr\u00e8s faible profondeur de 1, km sous l\u2019\u00e9picentre, en d\u00e9but d\u2019apr\u00e8s-midi<\/p>\n<p>La magnitude exacte, l\u2019\u00e9picentre et la profondeur du s\u00e9isme pourraient \u00eatre r\u00e9vis\u00e9s dans les prochaines heures ou minutes, \u00e0 mesure que les sismologues examineront les donn\u00e9es et affineront leurs calculs, ou que d\u2019autres agences publieront leur rapport.<br \/>D\u2019apr\u00e8s les donn\u00e9es sismiques pr\u00e9liminaires, le s\u00e9isme aurait d\u00fb \u00eatre largement ressenti par la quasi-totalit\u00e9 de la population dans la zone de l\u2019\u00e9picentre. Il pourrait avoir caus\u00e9 des d\u00e9g\u00e2ts l\u00e9gers \u00e0 mod\u00e9r\u00e9s.<\/p>\n<p>Des secousses mod\u00e9r\u00e9es ont probablement eu lieu \u00e0 Agnos (810 habitants), situ\u00e9e \u00e0 1 km de l\u2019\u00e9picentre<\/p>\n<p>\u00c0 Oloron-Sainte-Marie (12\u00a0600 habitants), situ\u00e9e \u00e0 4 km de l\u2019\u00e9picentre, le s\u00e9isme aurait d\u00fb \u00eatre ressenti comme une l\u00e9g\u00e8re secousse.<br \/>Parmi les autres villes proches de l\u2019\u00e9picentre o\u00f9 le s\u00e9isme aurait pu \u00eatre ressenti comme une tr\u00e8s faible secousse, on peut citer Bill\u00e8re (14\u00a0900 habitants), situ\u00e9e \u00e0 25 km de l\u2019\u00e9picentre, Lons (13\u00a0900 habitants), Lescar (9\u00a0700 habitants), Pau (82\u00a0700 habitants) et Lourdes (15\u00a0800 habitants), situ\u00e9es \u00e0 48 km. \u00c0 Tarbes (52\u00a0100 habitants, \u00e0 57 km), le s\u00e9isme n\u2019a probablement pas \u00e9t\u00e9 ressenti.<\/p>\n","protected":false},"excerpt":{"rendered":"Un s\u00e9isme de magnitude 3,5 pr\u00e8s de Pau, dans les Pyr\u00e9n\u00e9es-Atlantiques, a \u00e9t\u00e9 signal\u00e9 samedi 06 septembre par&hellip;\n","protected":false},"author":2,"featured_media":373431,"comment_status":"","ping_status":"","sticky":false,"template":"","format":"standard","meta":{"footnotes":""},"categories":[1586],"tags":[11,1777,674,1779,1011,27,12,6374,25,7965,1778,364],"class_list":{"0":"post-373430","1":"post","2":"type-post","3":"status-publish","4":"format-standard","5":"has-post-thumbnail","7":"category-europe","8":"tag-actualites","9":"tag-eu","10":"tag-europe","11":"tag-european-union","12":"tag-fr","13":"tag-france","14":"tag-news","15":"tag-pau","16":"tag-republique-francaise","17":"tag-seisme","18":"tag-ue","19":"tag-union-europeenne"},"share_on_mastodon":{"url":"https:\/\/pubeurope.com\/@fr\/115164186178308987","error":""},"_links":{"self":[{"href":"https:\/\/www.europesays.com\/fr\/wp-json\/wp\/v2\/posts\/373430","targetHints":{"allow":["GET"]}}],"collection":[{"href":"https:\/\/www.europesays.com\/fr\/wp-json\/wp\/v2\/posts"}],"about":[{"href":"https:\/\/www.europesays.com\/fr\/wp-json\/wp\/v2\/types\/post"}],"author":[{"embeddable":true,"href":"https:\/\/www.europesays.com\/fr\/wp-json\/wp\/v2\/users\/2"}],"replies":[{"embeddable":true,"href":"https:\/\/www.europesays.com\/fr\/wp-json\/wp\/v2\/comments?post=373430"}],"version-history":[{"count":0,"href":"https:\/\/www.europesays.com\/fr\/wp-json\/wp\/v2\/posts\/373430\/revisions"}],"wp:featuredmedia":[{"embeddable":true,"href":"https:\/\/www.europesays.com\/fr\/wp-json\/wp\/v2\/media\/373431"}],"wp:attachment":[{"href":"https:\/\/www.europesays.com\/fr\/wp-json\/wp\/v2\/media?parent=373430"}],"wp:term":[{"taxonomy":"category","embeddable":true,"href":"https:\/\/www.europesays.com\/fr\/wp-json\/wp\/v2\/categories?post=373430"},{"taxonomy":"post_tag","embeddable":true,"href":"https:\/\/www.europesays.com\/fr\/wp-json\/wp\/v2\/tags?post=373430"}],"curies":[{"name":"wp","href":"https:\/\/api.w.org\/{rel}","templated":true}]}}