{"id":373432,"date":"2025-09-07T17:26:14","date_gmt":"2025-09-07T17:26:14","guid":{"rendered":"https:\/\/www.europesays.com\/fr\/373432\/"},"modified":"2025-09-07T17:26:14","modified_gmt":"2025-09-07T17:26:14","slug":"une-deuxieme-personne-est-decedee-apres-laccident-a-pirou","status":"publish","type":"post","link":"https:\/\/www.europesays.com\/fr\/373432\/","title":{"rendered":"Une deuxi\u00e8me personne est d\u00e9c\u00e9d\u00e9e apr\u00e8s l&rsquo;accident \u00e0 Pirou"},"content":{"rendered":"<p>            Par<br \/>\n        <strong><br \/>\n            <a href=\"https:\/\/actu.fr\/auteur\/redaction-pressemanche\" title=\"Consulter tous les articles de R\u00e9daction La Presse de la Manche\" rel=\"nofollow noopener\" target=\"_blank\">R\u00e9daction La Presse de la Manche<\/a><br \/>\n        <\/strong><\/p>\n<p>        Publi\u00e9 le<\/p>\n<p>            7 sept. 2025 \u00e0 15h46        <\/p>\n<p>Le procureur de la R\u00e9publique de <a href=\"https:\/\/actu.fr\/normandie\/coutances_50147\" rel=\"nofollow noopener\" target=\"_blank\">Coutances<\/a>, Gauthier Poupeau, a annonc\u00e9 ce dimanche 7 septembre 2025 <b>le d\u00e9c\u00e8s d\u2019une deuxi\u00e8me personne <\/b>dans<a href=\"https:\/\/actu.fr\/normandie\/pirou_50403\/une-horreur-jai-pleure-toutes-les-larmes-de-mon-corps-elle-raconte-laccident-mortel-de-pirou_63126394.html\" rel=\"nofollow noopener\" target=\"_blank\"> l\u2019accident qui a eu lieu \u00e0 Pirou<\/a> (Manche) <b>samedi vers 17 h.<\/b><\/p>\n<p class=\" wall-content\"><b>Deux autres pi\u00e9tons <\/b>ont \u00e9t\u00e9 <b>gri\u00e8vement bless\u00e9s.<\/b><\/p>\n<p>Un malaise brutal<\/p>\n<p class=\" wall-content\"><b>Pour rappel,<\/b> un v\u00e9hicule a fauch\u00e9 quatre personnes rue Fernand-Desplanques, avant de s\u2019immobiliser violemment sur le flanc.<\/p>\n<p class=\" wall-content\">Le conducteur aurait \u00e9t\u00e9 victime d\u2019un\u00a0<b>malaise brutal, piste privil\u00e9gi\u00e9e par le parquet.<\/b><\/p>\n<p class=\" wall-content\">Personnalisez votre actualit\u00e9 en ajoutant vos villes et m\u00e9dias en favori avec <a href=\"https:\/\/moncompte.actu.fr\" title=\"D\u00e9couvez Mon Actu\" rel=\"nofollow noopener\" data-trk=\"{&quot;cta&quot;:{&quot;action&quot;:&quot;https:\\\/\\\/moncompte.actu.fr&quot;,&quot;category&quot;:&quot;mon compte&quot;,&quot;from&quot;:&quot;article footer&quot;,&quot;name&quot;:&quot;Mon actu&quot;,&quot;type&quot;:&quot;cta&quot;}}\" target=\"_blank\">Mon Actu<\/a>.<\/p>\n","protected":false},"excerpt":{"rendered":"Par R\u00e9daction La Presse de la Manche Publi\u00e9 le 7 sept. 2025 \u00e0 15h46 Le procureur de la&hellip;\n","protected":false},"author":2,"featured_media":373433,"comment_status":"","ping_status":"","sticky":false,"template":"","format":"standard","meta":{"footnotes":""},"categories":[2],"tags":[119,11,118,1011,27,12,1311,25],"class_list":{"0":"post-373432","1":"post","2":"type-post","3":"status-publish","4":"format-standard","5":"has-post-thumbnail","7":"category-actualites","8":"tag-accident","9":"tag-actualites","10":"tag-faits-divers","11":"tag-fr","12":"tag-france","13":"tag-news","14":"tag-pompiers","15":"tag-republique-francaise"},"share_on_mastodon":{"url":"https:\/\/pubeurope.com\/@fr\/115164190105587794","error":""},"_links":{"self":[{"href":"https:\/\/www.europesays.com\/fr\/wp-json\/wp\/v2\/posts\/373432","targetHints":{"allow":["GET"]}}],"collection":[{"href":"https:\/\/www.europesays.com\/fr\/wp-json\/wp\/v2\/posts"}],"about":[{"href":"https:\/\/www.europesays.com\/fr\/wp-json\/wp\/v2\/types\/post"}],"author":[{"embeddable":true,"href":"https:\/\/www.europesays.com\/fr\/wp-json\/wp\/v2\/users\/2"}],"replies":[{"embeddable":true,"href":"https:\/\/www.europesays.com\/fr\/wp-json\/wp\/v2\/comments?post=373432"}],"version-history":[{"count":0,"href":"https:\/\/www.europesays.com\/fr\/wp-json\/wp\/v2\/posts\/373432\/revisions"}],"wp:featuredmedia":[{"embeddable":true,"href":"https:\/\/www.europesays.com\/fr\/wp-json\/wp\/v2\/media\/373433"}],"wp:attachment":[{"href":"https:\/\/www.europesays.com\/fr\/wp-json\/wp\/v2\/media?parent=373432"}],"wp:term":[{"taxonomy":"category","embeddable":true,"href":"https:\/\/www.europesays.com\/fr\/wp-json\/wp\/v2\/categories?post=373432"},{"taxonomy":"post_tag","embeddable":true,"href":"https:\/\/www.europesays.com\/fr\/wp-json\/wp\/v2\/tags?post=373432"}],"curies":[{"name":"wp","href":"https:\/\/api.w.org\/{rel}","templated":true}]}}