{"id":373434,"date":"2025-09-07T17:27:10","date_gmt":"2025-09-07T17:27:10","guid":{"rendered":"https:\/\/www.europesays.com\/fr\/373434\/"},"modified":"2025-09-07T17:27:10","modified_gmt":"2025-09-07T17:27:10","slug":"romain-gregoire-remporte-le-general-du-tour-de-grande-bretagne-devant-remco-evenepoel-et-julian-alaphilippe-lequipe","status":"publish","type":"post","link":"https:\/\/www.europesays.com\/fr\/373434\/","title":{"rendered":"Romain Gr\u00e9goire remporte le g\u00e9n\u00e9ral du Tour de Grande-Bretagne devant Remco Evenepoel et Julian Alaphilippe &#8211; L&#039;\u00c9quipe"},"content":{"rendered":"<ol>\n<li><a href=\"https:\/\/news.google.com\/rss\/articles\/CBMi_AFBVV95cUxQcDBkc0xEa1h4TVhfeTZaZkx0Zm0yaUx0bTdTR0lDelpKZG1wS2J5WHBzWTZMd0xDeUVCblk5VGptWktzUmROU256QnVGcktHZ2pjazNKTXkzWTQzNG54R3dldVRQX2hUanZmeXpZdXAtZW96UU5TYV9vdk9QWXZRakZieTg5MzZuZ0huT3pPeVI4eGJqTDFGZXdPbm5mQ0tvbnlFVzJHelNiY1d5cy1lQXhqREZOOHZIckxwa0IzTmxkLW12MHk3WEFlRDE4UjA0M053dVZLdDdHLUsxcldNWGFLTHhuUlExRHA5bXFHTl9laFRsYVEzNkJBME8?oc=5\" target=\"_blank\" rel=\"nofollow noopener\">Romain Gr\u00e9goire remporte le g\u00e9n\u00e9ral du Tour de Grande-Bretagne devant Remco Evenepoel et Julian Alaphilippe<\/a>&nbsp;&nbsp;L&rsquo;\u00c9quipe<\/li>\n<li><a href=\"https:\/\/news.google.com\/rss\/articles\/CBMikgJBVV95cUxOb25HazUzY0xLd0FPblJKdnNGa0FDWmQwVmJURElfeU00dlg2dXViQXR2NWpQam1yWDRvSTJrUHFObXZNTklSaFNiWXBzMkIwLVN1dkVlOGUzRVF2Y01PbzNwVUxjTG9WUGphcU5KNWs2UjhWODdrZGNNZ3hRQWZqdDJiRFViMjZaVndhRmZpZHdCYWM5MDZhclpuZm1GQ2Z4U0cwTEJEYUNERHZrTldDUDFPS1kxejJyMDl2OWRkQ3gtdkljbVI4OTk4QlRZb3MyZHE0R19uV0xDYnBOU3FBblpkaloyM1h0ZW9YUWxOZFI1dTNpUGRLZ0pWcWhob0VGbTBJSHQwQjBOYVJUYW9La05B?oc=5\" target=\"_blank\" rel=\"nofollow noopener\">Tour de Grande-Bretagne. Remco Evenepoel s\u2019offre l\u2019\u00e9tape reine, Romain Gr\u00e9goire reste leader<\/a>&nbsp;&nbsp;Ouest-France<\/li>\n<li><a href=\"https:\/\/news.google.com\/rss\/articles\/CBMirAJBVV95cUxQVl9Bc1BuZkx2WlBicHB4ZExUT2xfZHUzNmNHTUpoeTZJallqdGdPekdRM1ozblY1dEstVHNuQ0RRMHoyQms1alM1UlFoMlZiejlXN2pCemU2VldBTGdNTmtqQXBPcVlpTTlCX2h6Q1FuaXJBZDNIaEgzeDloc09KNWNYOVhxRnZoalRwWWtjeXo2QV9PWjk0UktLeFc3QlEzN1Fzc1haZmJqV2puaFU5eWZQTDJOUU5IZGkyYWtyZnhPY2dWYVR5dW5PQWhtYXEzZnZLenZ6a0ExMWljcWx1U2FGY3dTcXRuQmR1SVdRbHItTzAxanNDT0gxendLeDR2c3gzMkJNb2h2eVZ4bHlJRWlEQ2FlOGdOc2tndHBfNW5oSWVuczBvWFpJTEw?oc=5\" target=\"_blank\" rel=\"nofollow noopener\">Tour de Grande-Bretagne : Julian Alaphilippe signe sa meilleure perf en 2025 (et salue \u00e0 sa mani\u00e8re Geraint Thomas)<\/a>&nbsp;&nbsp;La Montagne<\/li>\n<li><a href=\"https:\/\/news.google.com\/rss\/articles\/CBMimAJBVV95cUxNZzdsNkZMSk91czdPMW9McTNfekp1czZfRmYyaEY2RDQ4b1lNNWFDdUliX3Q4MjJELW9yUGw0Q2dKMVBOSi1xd2NuZVNIN01uZ2xHWDhFUlQ5VlVOSnRCTGc1QkxDWUVOUF9CY0p6bGJqdjJYRXJBbGVKOGpLcF9lTWhlRmtyeFRxeHFielpkYTNxUHM0Y1VoWnpNWG5EOWFoOEhsZXpVYlRROFRsZ2tZMjc3NEpXMDZZZGQwNy1WLWc2R1Rlc09FenR5d1JRWmd6QzhCVEpJTnpqQ3F0eUtIUEJydHpNdDRIMHRWZlVEdndOU2hTTUU0Nmk0amxrTXZlc29SSWpJbUNGLW9MSk9pWm5Jc0lqWWRj?oc=5\" target=\"_blank\" rel=\"nofollow noopener\">VIDEO. \u00ab\u00a0Un footeux dans le monde du v\u00e9lo !\u00a0\u00bb Pourquoi le champion des Jeux Olympiques de Paris Remco Evenepoel est la cible de violentes critiques<\/a>&nbsp;&nbsp;ladepeche.fr<\/li>\n<li><a href=\"https:\/\/news.google.com\/rss\/articles\/CBMi1AFBVV95cUxQeHQ3YVBKcldYTnZ6SHBnVHpUdEtta3FQR09tdkZnWUR3QnlybGplRXFPSTZDS0FzRVpyQ0k0S0ljMmxESmttalB4eXl6UVk1RVJlSmdHQm9xMGgwbmNmS3dWU3pqTHpKa2l1cjhhZXZaa3gwOWRrZjFIMXpBdmFaV0VIdDNaMWVlSURSQ2RJWlpXWUM0eXpSVFJJelYwWGh2UzNNQm9yVnpyOHRja3p1QjNSb1ViTHdwa2UyTjA1Z3hpNG42TGR4Y0llVDFmendOSjBmMw?oc=5\" target=\"_blank\" rel=\"nofollow noopener\">Gr\u00e9goire ma\u00eetrise Evenepoel et l\u00e8ve les bras \u00e0 Cardiff<\/a>&nbsp;&nbsp;Eurosport<\/li>\n<\/ol>\n","protected":false},"excerpt":{"rendered":"Romain Gr\u00e9goire remporte le g\u00e9n\u00e9ral du Tour de Grande-Bretagne devant Remco Evenepoel et Julian Alaphilippe&nbsp;&nbsp;L&rsquo;\u00c9quipe Tour de Grande-Bretagne.&hellip;\n","protected":false},"author":2,"featured_media":1445,"comment_status":"","ping_status":"","sticky":false,"template":"","format":"standard","meta":{"footnotes":""},"categories":[2],"tags":[11,1011,27,12,25],"class_list":{"0":"post-373434","1":"post","2":"type-post","3":"status-publish","4":"format-standard","5":"has-post-thumbnail","7":"category-actualites","8":"tag-actualites","9":"tag-fr","10":"tag-france","11":"tag-news","12":"tag-republique-francaise"},"share_on_mastodon":{"url":"https:\/\/pubeurope.com\/@fr\/115164194512891356","error":""},"_links":{"self":[{"href":"https:\/\/www.europesays.com\/fr\/wp-json\/wp\/v2\/posts\/373434","targetHints":{"allow":["GET"]}}],"collection":[{"href":"https:\/\/www.europesays.com\/fr\/wp-json\/wp\/v2\/posts"}],"about":[{"href":"https:\/\/www.europesays.com\/fr\/wp-json\/wp\/v2\/types\/post"}],"author":[{"embeddable":true,"href":"https:\/\/www.europesays.com\/fr\/wp-json\/wp\/v2\/users\/2"}],"replies":[{"embeddable":true,"href":"https:\/\/www.europesays.com\/fr\/wp-json\/wp\/v2\/comments?post=373434"}],"version-history":[{"count":0,"href":"https:\/\/www.europesays.com\/fr\/wp-json\/wp\/v2\/posts\/373434\/revisions"}],"wp:featuredmedia":[{"embeddable":true,"href":"https:\/\/www.europesays.com\/fr\/wp-json\/wp\/v2\/media\/1445"}],"wp:attachment":[{"href":"https:\/\/www.europesays.com\/fr\/wp-json\/wp\/v2\/media?parent=373434"}],"wp:term":[{"taxonomy":"category","embeddable":true,"href":"https:\/\/www.europesays.com\/fr\/wp-json\/wp\/v2\/categories?post=373434"},{"taxonomy":"post_tag","embeddable":true,"href":"https:\/\/www.europesays.com\/fr\/wp-json\/wp\/v2\/tags?post=373434"}],"curies":[{"name":"wp","href":"https:\/\/api.w.org\/{rel}","templated":true}]}}