{"id":373435,"date":"2025-09-07T17:28:15","date_gmt":"2025-09-07T17:28:15","guid":{"rendered":"https:\/\/www.europesays.com\/fr\/373435\/"},"modified":"2025-09-07T17:28:15","modified_gmt":"2025-09-07T17:28:15","slug":"france-francois-bayrou-face-a-lassemblee-mais-emmanuel-macron-en-premiere-ligne","status":"publish","type":"post","link":"https:\/\/www.europesays.com\/fr\/373435\/","title":{"rendered":"France. Fran\u00e7ois Bayrou face \u00e0 l&rsquo;Assembl\u00e9e, mais Emmanuel Macron en premi\u00e8re ligne"},"content":{"rendered":"<p>Que fera <a href=\"https:\/\/www.ledauphine.com\/p\/emmanuel-macron\" target=\"_blank\" rel=\"noopener\">Emmanuel Macron<\/a> lundi, en d\u00e9but de soir\u00e9e, quand <a href=\"https:\/\/www.ledauphine.com\/p\/francois-bayrou\" target=\"_blank\" rel=\"noopener\">Fran\u00e7ois Bayrou<\/a> lui remettra sa d\u00e9mission, s\u2019il est renvers\u00e9 \u00e0 l\u2019Assembl\u00e9e nationale &#8211; comme c\u2019est hautement probable ? Le chef de l\u2019\u00c9tat aura alors perdu son fusible, r\u00f4le de tous les chefs de gouvernement. Apr\u00e8s <a href=\"https:\/\/www.ledauphine.com\/p\/elisabeth-borne\" target=\"_blank\" rel=\"noopener\">\u00c9lisabeth Borne<\/a>, <a href=\"https:\/\/www.ledauphine.com\/p\/gabriel-attal\" target=\"_blank\" rel=\"noopener\">Gabriel Attal<\/a>, <a href=\"https:\/\/www.ledauphine.com\/p\/michel-barnier\" target=\"_blank\" rel=\"noopener\">Michel Barnier<\/a>, Fran\u00e7ois Bayrou est le quatri\u00e8me Premier ministre en moins de deux ans.<\/p>\n<p>Qui sera le cinqui\u00e8me du second quinquennat et le troisi\u00e8me depuis la dissolution de juin\u00a02024\u00a0? \u00c0 ceux qu\u2019il consulte, Emmanuel Macron, qui exclut de dissoudre, dit vouloir aller vite, ce qui n\u2019est pas son habitude. M\u00eame d\u00e9missionnaire le gouvernement de Fran\u00e7ois Bayrou peut s\u2019occuper des affaires courantes, au moins jusqu\u2019\u00e0 la journ\u00e9e \u00ab\u00a0bloquons tout\u00a0\u00bb du 10\u00a0septembre.<\/p>\n<p>  Cohabitation de gauche\u00a0?<\/p>\n<p>Et ensuite\u00a0? <a href=\"https:\/\/www.ledauphine.com\/politique\/2025\/09\/04\/on-est-prets-le-parti-socialiste-part-en-campagne-pour-matignon\" target=\"_blank\" rel=\"noopener\">Le parti socialiste a fait acte de candidature<\/a>. Fort du budget alternatif qu\u2019il a propos\u00e9 fin ao\u00fbt, le parti d\u2019<a href=\"https:\/\/www.ledauphine.com\/p\/olivier-faure\" target=\"_blank\" rel=\"noopener\">Olivier Faure<\/a> veut gouverner, sans la France insoumise et avec la bienveillance du bloc central. \u00ab\u00a0Une cohabitation de gauche\u00a0\u00bb, d\u00e9taille le premier secr\u00e9taire du PS. Bien qu\u2019Emmanuel Macron ait tenu la main \u00e0 la gauche en demandant aux ministres de travailler avec le PS, personne ne croit \u00e0 l\u2019hypoth\u00e8se d\u2019un ministre PS qui suspendrait la r\u00e9forme des retraites, pas m\u00eame les concern\u00e9s.<\/p>\n<p><a href=\"https:\/\/www.ledauphine.com\/p\/bruno-retailleau\" target=\"_blank\" rel=\"noopener\">Bruno Retailleau<\/a> lors de la rentr\u00e9e de son parti, a confirm\u00e9 que les R\u00e9publicains ne travailleraient pas avec la gauche. \u00ab\u00a0Hors de questions\u00a0\u00bb, a-t-il dit, p\u00e9remptoire. Lui se verrait bien continuer place Beauvau, avec un premier ministre issu de la droite et du centre droit. \u00ab\u00a0Il a besoin de rester au gouvernement, au moins jusqu\u2019aux municipales dans l\u2019optique de 2027, pour \u00eatre visible\u00a0\u00bb, glisse un de ses soutiens, pointant que Gabriel Attal \u00ab\u00a0a disparu\u00a0\u00bb.<\/p>\n<p>  Retour du bloc central\u00a0?<\/p>\n<p>Ce dimanche Bruno Retailleau et <a href=\"https:\/\/www.ledauphine.com\/p\/marine-le-pen\" target=\"_blank\" rel=\"noopener\">Marine Le Pen<\/a> ont tenu <a href=\"https:\/\/www.ledauphine.com\/politique\/2025\/09\/07\/vote-de-confiance-marine-le-pen-miroite-l-occasion-d-une-alternance-avec-un-an-d-avance\" target=\"_blank\" rel=\"noopener\">des discours tr\u00e8s offensifs<\/a>, lan\u00e7ant des pistes programmatiques dans l\u2019atmosph\u00e8re. \u00ab\u00a0Nous ne sommes pas macronistes\u00a0\u00bb, <a href=\"https:\/\/www.ledauphine.com\/politique\/2025\/09\/07\/hors-de-question-bruno-retailleau-refuse-la-nomination-d-un-premier-ministre-ps\" target=\"_blank\" rel=\"noopener\">a insist\u00e9 Bruno Retailleau<\/a>. \u00ab\u00a0La crise a \u00e9t\u00e9 provoqu\u00e9e et aliment\u00e9e par Emmanuel Macron\u00a0\u00bb, <a href=\"https:\/\/www.ledauphine.com\/politique\/2025\/09\/07\/vote-de-confiance-marine-le-pen-miroite-l-occasion-d-une-alternance-avec-un-an-d-avance\" target=\"_blank\" rel=\"noopener\">a attaqu\u00e9 Marine Le Pen<\/a>. Ces deux candidats potentiels pour 2027, tout comme <a href=\"https:\/\/www.ledauphine.com\/p\/jean-luc-melenchon\" target=\"_blank\" rel=\"noopener\">Jean-Luc M\u00e9lenchon<\/a>, vont cibler de plus en plus le chef de l\u2019\u00c9tat, affaibli par la situation politique incertaine et par les appels \u00e0 la d\u00e9mission de la France insoumise et de certaines personnalit\u00e9s de droite.<\/p>\n<p>Emmanuel Macron aura donc besoin d\u2019un Premier ministre qui d\u00e9fend en partie son bilan et la politique de l\u2019offre qu\u2019il d\u00e9ploie depuis 2017.<\/p>\n<p><a href=\"https:\/\/www.ledauphine.com\/p\/sebastien-lecornu\" target=\"_blank\" rel=\"noopener\">S\u00e9bastien Lecornu<\/a> (Arm\u00e9es), <a href=\"https:\/\/www.ledauphine.com\/p\/catherine-vautrin\" target=\"_blank\" rel=\"noopener\">Catherine Vautrin<\/a> (Travail et Sant\u00e9), <a href=\"https:\/\/www.ledauphine.com\/p\/gerald-darmanin\" target=\"_blank\" rel=\"noopener\">G\u00e9rald Darmanin<\/a> (Justice) pour le centre droit, <a href=\"https:\/\/www.ledauphine.com\/p\/eric-lombard\" target=\"_blank\" rel=\"noopener\">Eric Lombard<\/a> (\u00c9conomie) et <a href=\"https:\/\/www.ledauphine.com\/p\/roland-lescure\" target=\"_blank\" rel=\"noopener\">Roland Lescure<\/a> (vice-pr\u00e9sident de l\u2019Assembl\u00e9e) et le retour de <a href=\"https:\/\/www.ledauphine.com\/p\/jean-yves-le-drian\" target=\"_blank\" rel=\"noopener\">Jean-Yves Le Drian<\/a> (pour le centre gauche), font partie des noms cit\u00e9s. Mais Emmanuel Macron ne d\u00e9teste pas surprendre.<\/p>\n","protected":false},"excerpt":{"rendered":"Que fera Emmanuel Macron lundi, en d\u00e9but de soir\u00e9e, quand Fran\u00e7ois Bayrou lui remettra sa d\u00e9mission, s\u2019il est&hellip;\n","protected":false},"author":2,"featured_media":373436,"comment_status":"","ping_status":"","sticky":false,"template":"","format":"standard","meta":{"footnotes":""},"categories":[4],"tags":[11,11984,8513,4188,107,1011,27,329,3540,2338,3539,6319,2759,12,8387,3541,316,1078,3370,25],"class_list":{"0":"post-373435","1":"post","2":"type-post","3":"status-publish","4":"format-standard","5":"has-post-thumbnail","7":"category-france","8":"tag-actualites","9":"tag-election-presidentielle","10":"tag-elections-legislatives","11":"tag-elections-municipales","12":"tag-fil-info","13":"tag-fr","14":"tag-france","15":"tag-france-monde","16":"tag-horizons","17":"tag-la-france-insoumise","18":"tag-les-ecologistes","19":"tag-les-republicains","20":"tag-modem","21":"tag-news","22":"tag-parti-communiste","23":"tag-parti-socialiste","24":"tag-politique","25":"tag-rassemblement-national","26":"tag-renaissance","27":"tag-republique-francaise"},"share_on_mastodon":{"url":"https:\/\/pubeurope.com\/@fr\/115164197825186419","error":""},"_links":{"self":[{"href":"https:\/\/www.europesays.com\/fr\/wp-json\/wp\/v2\/posts\/373435","targetHints":{"allow":["GET"]}}],"collection":[{"href":"https:\/\/www.europesays.com\/fr\/wp-json\/wp\/v2\/posts"}],"about":[{"href":"https:\/\/www.europesays.com\/fr\/wp-json\/wp\/v2\/types\/post"}],"author":[{"embeddable":true,"href":"https:\/\/www.europesays.com\/fr\/wp-json\/wp\/v2\/users\/2"}],"replies":[{"embeddable":true,"href":"https:\/\/www.europesays.com\/fr\/wp-json\/wp\/v2\/comments?post=373435"}],"version-history":[{"count":0,"href":"https:\/\/www.europesays.com\/fr\/wp-json\/wp\/v2\/posts\/373435\/revisions"}],"wp:featuredmedia":[{"embeddable":true,"href":"https:\/\/www.europesays.com\/fr\/wp-json\/wp\/v2\/media\/373436"}],"wp:attachment":[{"href":"https:\/\/www.europesays.com\/fr\/wp-json\/wp\/v2\/media?parent=373435"}],"wp:term":[{"taxonomy":"category","embeddable":true,"href":"https:\/\/www.europesays.com\/fr\/wp-json\/wp\/v2\/categories?post=373435"},{"taxonomy":"post_tag","embeddable":true,"href":"https:\/\/www.europesays.com\/fr\/wp-json\/wp\/v2\/tags?post=373435"}],"curies":[{"name":"wp","href":"https:\/\/api.w.org\/{rel}","templated":true}]}}