{"id":373445,"date":"2025-09-07T17:35:10","date_gmt":"2025-09-07T17:35:10","guid":{"rendered":"https:\/\/www.europesays.com\/fr\/373445\/"},"modified":"2025-09-07T17:35:10","modified_gmt":"2025-09-07T17:35:10","slug":"seizieme-pierre-gasly-savait-que-ca-allait-etre-tres-complique-a-monza","status":"publish","type":"post","link":"https:\/\/www.europesays.com\/fr\/373445\/","title":{"rendered":"Seizi\u00e8me, Pierre Gasly \u00ab savait que \u00e7a allait \u00eatre tr\u00e8s compliqu\u00e9 \u00bb \u00e0 Monza"},"content":{"rendered":"<p><a href=\"https:\/\/www.autohebdo.fr\/pilote\/f1\/pierre-gasly\" data-internallinksmanager029f6b8e52c=\"8\" title=\"Pierre Gasly\" target=\"_blank\" rel=\"noopener\">Pierre Gasly<\/a> a d\u00e9but\u00e9 le Grand Prix d\u2019Italie depuis les stands suite \u00e0 un changement sur la voiture n\u00b010 sous r\u00e9gime de Parc Ferm\u00e9. Le Fran\u00e7ais et <a href=\"https:\/\/www.autohebdo.fr\/actualites\/monoplace\/fr-alpine\" data-internallinksmanager029f6b8e52c=\"18\" title=\"Alpine\" target=\"_blank\" rel=\"noopener\">Alpine<\/a> misaient leur chance sur une voiture de s\u00e9curit\u00e9, qui n\u2019est jamais arriv\u00e9e. Gasly a donc termin\u00e9 la course seizi\u00e8me. D\u00e9sabus\u00e9, le pilote n\u2019en attendait gu\u00e8re plus \u00e0 Monza.<\/p>\n<p>\u00ab Le but \u00e9tait de rester en piste le plus longtemps possible en esp\u00e9rant qu\u2019il y ait un drapeau rouge ou une voiture de s\u00e9curit\u00e9 \u00e0 la fin. On sait que si on fait une course classique, malheureusement on finit en fond de grille. On a tent\u00e9 quelque chose, malheureusement il ne s\u2019est rien pass\u00e9, mais on savait que \u00e7a allait \u00eatre tr\u00e8s compliqu\u00e9 sur ce trac\u00e9 \u00bb d\u00e9cryptait le Fran\u00e7ais au micro de Canal.<\/p>\n<p>Samedi matin, Pierre Gasly a annonc\u00e9 la<a href=\"https:\/\/media.alpinecars.com\/pierre-gasly-prolonge-son-contrat-et-sengage-a-long-terme-avec-alpine\/?lang=fra\" target=\"_blank\" rel=\"noopener\"> prolongation de son contrat<\/a> avec Alpine jusqu\u2019\u00e0 2028. Pour le pilote, continuer avec la derni\u00e8re \u00e9curie de la grille est un pari sur le long terme. En effet, le Fran\u00e7ais parie sur les nouvelles r\u00e9gulations de 2026. \u00ab\u00a0Je sais sur quoi je m\u2019engage (\u00e0 propos de la signature de son contrat ndlr). Je sais tr\u00e8s bien que dans quelques mois, la situation sera tr\u00e8s diff\u00e9rente de la situation dans laquelle on est aujourd\u2019hui. C\u2019est donc important de ne pas avoir de frustration par rapport \u00e0 la performance d\u2019aujourd\u2019hui. D\u00e8s janvier ou f\u00e9vrier, ce sera tr\u00e8s diff\u00e9rent \u00bb esp\u00e9rait Pierre Gasly.<\/p>\n<p><strong>\u00c0 LIRE AUSSI &gt;\u00a0<a href=\"https:\/\/www.autohebdo.fr\/actualites\/f1\/verstappen-divin-stroll-absent-les-notes-du-grand-prix-ditalie.html\" target=\"_blank\" rel=\"noopener\">Verstappen divin, Stroll absent : les notes du Grand Prix d\u2019Italie<\/a><\/strong><\/p>\n","protected":false},"excerpt":{"rendered":"Pierre Gasly a d\u00e9but\u00e9 le Grand Prix d\u2019Italie depuis les stands suite \u00e0 un changement sur la voiture&hellip;\n","protected":false},"author":2,"featured_media":373446,"comment_status":"","ping_status":"","sticky":false,"template":"","format":"standard","meta":{"footnotes":""},"categories":[1412],"tags":[2674,1451,27516,1452,1453,1454,1455,1011,27,50409,50390,2248,60],"class_list":{"0":"post-373445","1":"post","2":"type-post","3":"status-publish","4":"format-standard","5":"has-post-thumbnail","7":"category-f1","8":"tag-alpine","9":"tag-f1","10":"tag-f1-2026","11":"tag-formula-1","12":"tag-formula1","13":"tag-formule-1","14":"tag-formule1","15":"tag-fr","16":"tag-france","17":"tag-grand-prix-ditalie","18":"tag-monza","19":"tag-pierre-gasly","20":"tag-sports"},"share_on_mastodon":{"url":"https:\/\/pubeurope.com\/@fr\/115164225491260748","error":""},"_links":{"self":[{"href":"https:\/\/www.europesays.com\/fr\/wp-json\/wp\/v2\/posts\/373445","targetHints":{"allow":["GET"]}}],"collection":[{"href":"https:\/\/www.europesays.com\/fr\/wp-json\/wp\/v2\/posts"}],"about":[{"href":"https:\/\/www.europesays.com\/fr\/wp-json\/wp\/v2\/types\/post"}],"author":[{"embeddable":true,"href":"https:\/\/www.europesays.com\/fr\/wp-json\/wp\/v2\/users\/2"}],"replies":[{"embeddable":true,"href":"https:\/\/www.europesays.com\/fr\/wp-json\/wp\/v2\/comments?post=373445"}],"version-history":[{"count":0,"href":"https:\/\/www.europesays.com\/fr\/wp-json\/wp\/v2\/posts\/373445\/revisions"}],"wp:featuredmedia":[{"embeddable":true,"href":"https:\/\/www.europesays.com\/fr\/wp-json\/wp\/v2\/media\/373446"}],"wp:attachment":[{"href":"https:\/\/www.europesays.com\/fr\/wp-json\/wp\/v2\/media?parent=373445"}],"wp:term":[{"taxonomy":"category","embeddable":true,"href":"https:\/\/www.europesays.com\/fr\/wp-json\/wp\/v2\/categories?post=373445"},{"taxonomy":"post_tag","embeddable":true,"href":"https:\/\/www.europesays.com\/fr\/wp-json\/wp\/v2\/tags?post=373445"}],"curies":[{"name":"wp","href":"https:\/\/api.w.org\/{rel}","templated":true}]}}