{"id":373449,"date":"2025-09-07T17:37:11","date_gmt":"2025-09-07T17:37:11","guid":{"rendered":"https:\/\/www.europesays.com\/fr\/373449\/"},"modified":"2025-09-07T17:37:11","modified_gmt":"2025-09-07T17:37:11","slug":"victoire-des-bordelaises-a-monaco-en-ouverture-de-la-division-3-feminine","status":"publish","type":"post","link":"https:\/\/www.europesays.com\/fr\/373449\/","title":{"rendered":"Victoire des Bordelaises \u00e0 Monaco en ouverture de la Division 3 f\u00e9minine"},"content":{"rendered":"<p><img decoding=\"async\" src=\"https:\/\/www.europesays.com\/fr\/wp-content\/uploads\/2025\/09\/671_840b9e12327436aecfd3e5fb80c20f60.jpg\" alt=\"Victoire des Bordelaises \u00e0 Monaco en ouverture de la Division 3 f\u00e9minine\" class=\"img-responsive mt-3\"\/><\/p>\n<p class=\"text-center mb-3\" style=\"font-size: 14px\">\u00a9 Iconsport<\/p>\n<p>      <strong>Doubl\u00e9 de Dubuisson<\/strong><\/p>\n<p>\u00a0<\/p>\n<p style=\"text-align: justify;\">Men\u00e9es au score \u00e0 la 24e minute, les Girondines ont su g\u00e9rer la r\u00e9pression de ce d\u00e9but de championnat face \u00e0 l&rsquo;AS Monaco. Sur un corner de Ribeiro, elles \u00e9galisent rapidement (25e). Dubuisson reprend une frappe de Guellil repouss\u00e9e et donne l&rsquo;avantage \u00e0 Bordeaux (1-2, 30e). Puis, Chelsea Abrin \u00e9galise pour Monaco \u00e0 la 40e minute (2-2). Bordeaux r\u00e9agit \u00e0 la 45e+1 toujours par Elia Dubuisson qui donne l&rsquo;avantage sur un service de Sarah Guellil (2-3). Ce match est fou. La mi-temps est siffl\u00e9e sur ce score de .2 \u00e0 3 en faveur de Bordeaux.<\/p>\n<p style=\"text-align: justify;\">Au retour du vestiaire, Hugo Suarez fait du coaching avec les entr\u00e9es d&rsquo;Amandine Herbert, de Lou Khady Niang et d&rsquo;Elisa Gonthier. Bordeaux alourdit le score par Niang \u00e0 la 84e pour sceller le sort de cette partie.<\/p>\n<p style=\"text-align: justify;\">Les Girondins r\u00e9ussirent leur entr\u00e9e dans la comp\u00e9tition et s&rsquo;imposent sur le score de 4 buts \u00e0 2. Le prochain match se joue dimanche prochain \u00e0 15h au Stade Bel Air de Bordeaux.<\/p>\n<p style=\"text-align: justify;\">Le 11 de d\u00e9part : Pissard &#8211; Besnard &#8211; Dufuau &#8211; Wong &#8211; Meunier &#8211; Renard &#8211; Guellil &#8211; Ribeiro &#8211; Dubuisson &#8211; Roux &#8211; Berthe.<\/p>\n<p>Buteuses : Csc ASM (25e), Dubuisson (30e, 45+1), Niang (84e).<\/p>\n<p style=\"text-align: justify;\">&gt;&gt; <strong><a href=\"https:\/\/www.webgirondins.com\/live-girondins-revivez-monaco-bordeaux-130326\" target=\"_blank\" rel=\"noopener\">Revivez : Monaco-Bordeaux (2-4)<\/a><\/strong><\/p>\n<p style=\"text-align: justify;\">Notre podcast court :<\/p>\n<p>\u00a0<\/p>\n","protected":false},"excerpt":{"rendered":"\u00a9 Iconsport Doubl\u00e9 de Dubuisson \u00a0 Men\u00e9es au score \u00e0 la 24e minute, les Girondines ont su g\u00e9rer&hellip;\n","protected":false},"author":2,"featured_media":373450,"comment_status":"","ping_status":"","sticky":false,"template":"","format":"standard","meta":{"footnotes":""},"categories":[1410],"tags":[50743,1997,30861,12475,8374,2823,4283,63,1011,27,8366,33541,50742,19023,3127,14570,3935,3242,2259,3333,60,2858,1264],"class_list":{"0":"post-373449","1":"post","2":"type-post","3":"status-publish","4":"format-standard","5":"has-post-thumbnail","7":"category-football","8":"tag-beausoleil","9":"tag-bordeaux","10":"tag-bordelaises","11":"tag-buts","12":"tag-division","13":"tag-face","14":"tag-feminine","15":"tag-football","16":"tag-fr","17":"tag-france","18":"tag-girondines","19":"tag-hereditaire","20":"tag-imposees","21":"tag-jacques","22":"tag-monaco","23":"tag-ouverture","24":"tag-prince","25":"tag-saison","26":"tag-score","27":"tag-sont","28":"tag-sports","29":"tag-stade","30":"tag-victoire"},"share_on_mastodon":{"url":"https:\/\/pubeurope.com\/@fr\/115164233709580823","error":""},"_links":{"self":[{"href":"https:\/\/www.europesays.com\/fr\/wp-json\/wp\/v2\/posts\/373449","targetHints":{"allow":["GET"]}}],"collection":[{"href":"https:\/\/www.europesays.com\/fr\/wp-json\/wp\/v2\/posts"}],"about":[{"href":"https:\/\/www.europesays.com\/fr\/wp-json\/wp\/v2\/types\/post"}],"author":[{"embeddable":true,"href":"https:\/\/www.europesays.com\/fr\/wp-json\/wp\/v2\/users\/2"}],"replies":[{"embeddable":true,"href":"https:\/\/www.europesays.com\/fr\/wp-json\/wp\/v2\/comments?post=373449"}],"version-history":[{"count":0,"href":"https:\/\/www.europesays.com\/fr\/wp-json\/wp\/v2\/posts\/373449\/revisions"}],"wp:featuredmedia":[{"embeddable":true,"href":"https:\/\/www.europesays.com\/fr\/wp-json\/wp\/v2\/media\/373450"}],"wp:attachment":[{"href":"https:\/\/www.europesays.com\/fr\/wp-json\/wp\/v2\/media?parent=373449"}],"wp:term":[{"taxonomy":"category","embeddable":true,"href":"https:\/\/www.europesays.com\/fr\/wp-json\/wp\/v2\/categories?post=373449"},{"taxonomy":"post_tag","embeddable":true,"href":"https:\/\/www.europesays.com\/fr\/wp-json\/wp\/v2\/tags?post=373449"}],"curies":[{"name":"wp","href":"https:\/\/api.w.org\/{rel}","templated":true}]}}