{"id":373451,"date":"2025-09-07T17:38:11","date_gmt":"2025-09-07T17:38:11","guid":{"rendered":"https:\/\/www.europesays.com\/fr\/373451\/"},"modified":"2025-09-07T17:38:11","modified_gmt":"2025-09-07T17:38:11","slug":"sydney-sweeney-27-ans-ose-un-decollete-vertigineux-dans-une-robe-qui-joue-avec-la-transparence","status":"publish","type":"post","link":"https:\/\/www.europesays.com\/fr\/373451\/","title":{"rendered":"Sydney Sweeney (27 ans) ose un d\u00e9collet\u00e9 vertigineux dans une robe qui joue avec la transparence"},"content":{"rendered":"<p>Sydney Sweeney a une nouvelle fois prouv\u00e9 qu\u2019elle ma\u00eetrisait l\u2019art du tapis rouge. Ce samedi 6 septembre, <a href=\"https:\/\/www.grazia.fr\/people\/cette-actrice-de-game-of-thrones-aurait-elle-vraiment-rejoint-rosalia-sur-le-tournage-deuphoria-1151301.html\" rel=\"nofollow noopener\" target=\"_blank\">l\u2019actrice d\u00a0\u00bbEuphoria<\/a> a fait une arriv\u00e9e remarqu\u00e9e \u00e0 l\u2019after-party du film Christy, organis\u00e9e dans le cadre du Festival international du film de Toronto 2025 (TIFF). En <strong>robe noire spectaculaire<\/strong>, la star am\u00e9ricaine de 27 ans a ainsi \u00e9lectris\u00e9 la soir\u00e9e, confirmant son statut d\u2019ic\u00f4ne glamour de sa g\u00e9n\u00e9ration.<\/p>\n<p>Avec un <a href=\"https:\/\/www.grazia.fr\/mode\/looks-de-stars\/sydney-sweeney-a-couper-le-souffle-dans-une-robe-bustier-au-decollete-renversant-1184778.html\" rel=\"nofollow noopener\" target=\"_blank\">d\u00e9collet\u00e9 vertigineux<\/a> et des jeux de transparence savamment pens\u00e9s, elle a alors transform\u00e9 un simple photocall en v\u00e9ritable moment mode. La pi\u00e8ce choisie par Sydney Sweeney jouait ainsi sur le contraste entre sophistication et sensualit\u00e9. Cintr\u00e9e au niveau de la taille pour souligner sa silhouette, la robe se d\u00e9ployait en une longue jupe fluide, \u00e0 la fois \u00e9l\u00e9gante et dramatique. <\/p>\n<p> Sydney Sweeney se d\u00e9voile dans une robe fluide noire <\/p>\n<p>Le d\u00e9tail le plus marquant restait sans conteste son d\u00e9collet\u00e9 plongeant, qui attirait imm\u00e9diatement l\u2019\u0153il sans jamais tomber dans l\u2019exc\u00e8s. Les panneaux de tissu transparents sur les c\u00f4t\u00e9s apportaient une l\u00e9g\u00e8ret\u00e9 suppl\u00e9mentaire \u00e0 l\u2019ensemble, offrant un jeu subtil de d\u00e9voilement et de suggestion. Une cr\u00e9ation pens\u00e9e pour surprendre, mais toujours avec <strong>raffinement<\/strong>.<\/p>\n<p>    <img loading=\"lazy\" decoding=\"async\" aria-describedby=\"caption-attachment-1184865\" itemprop=\"thumbnailUrl\" class=\"size-large wp-image-1184865 img-responsive  pinit-here\" src=\"https:\/\/www.europesays.com\/fr\/wp-content\/uploads\/2025\/09\/shutterstock_editorial_15473455e-1024x683.jpg\" alt=\"\" width=\"1024\" height=\"683\" data-pin-media=\"https:\/\/www.grazia.fr\/wp-content\/uploads\/grazia\/2025\/09\/shutterstock_editorial_15473455e-736x491.jpg\"\/> \u00a9  George Pimentel\/Shutterstock<\/p>\n<p id=\"caption-attachment-1184865\" class=\"wp-caption-text\">Sydney Sweeney ose la robe transparente et d\u00e9collet\u00e9e<\/p>\n<p>C\u00f4t\u00e9 mise en beaut\u00e9, l\u2019actrice a opt\u00e9 pour un look \u00e0 l\u2019\u00e9l\u00e9gance classique. Ses cheveux blonds, coiff\u00e9s en ondulations r\u00e9tro fa\u00e7on Hollywood des ann\u00e9es 40, encadraient son visage et renfor\u00e7aient ainsi son allure sophistiqu\u00e9e. Son maquillage misait sur la lumi\u00e8re : un teint glowy, des l\u00e8vres nude l\u00e9g\u00e8rement ros\u00e9es, et un regard soulign\u00e9 par un smoky eye d\u00e9licat. Rien d\u2019excessif, mais juste ce qu\u2019il fallait pour magnifier ses traits sans \u00e9clipser l\u2019effet spectaculaire de la robe.<\/p>\n<p>    Une mise en beaut\u00e9 et des accessoires discrets <\/p>\n<p>Les accessoires, eux, restaient volontairement discrets.<a href=\"https:\/\/www.grazia.fr\/people\/mes-seins-ont-grossi-mes-fesses-aussi-cetait-fou-sydney-sweeney-a-change-de-corps-pour-un-role-physique-extreme-1165540.html\" rel=\"nofollow noopener\" target=\"_blank\"> Sydney Sweeney<\/a> avait ainsi choisi une paire de boucles d\u2019oreilles serties de pierres vertes, qui apportaient une touche color\u00e9e inattendue \u00e0 ce look monochrome. \u00c0 sa main, une <strong>bague scintillante<\/strong> compl\u00e9tait subtilement la tenue. Pas de collier ni de bijoux imposants. Un choix strat\u00e9gique qui laissait alors toute la place \u00e0 la coupe audacieuse de sa robe.<\/p>\n<p> <img loading=\"lazy\" decoding=\"async\" aria-describedby=\"caption-attachment-1184866\" class=\"size-large wp-image-1184866 img-responsive  pinit-here\" src=\"https:\/\/www.europesays.com\/fr\/wp-content\/uploads\/2025\/09\/shutterstock_editorial_15473455g-683x1024.jpg\" alt=\"\" width=\"683\" height=\"1024\" data-pin-media=\"https:\/\/www.grazia.fr\/wp-content\/uploads\/grazia\/2025\/09\/shutterstock_editorial_15473455g-736x1104.jpg\"\/> \u00a9  George Pimentel\/Shutterstock<\/p>\n<p id=\"caption-attachment-1184866\" class=\"wp-caption-text\">Sydney Sweeney se d\u00e9voile dans une robe vertigineuse<\/p>\n<p>Une preuve suppl\u00e9mentaire que le minimalisme accessoiris\u00e9 est souvent la cl\u00e9 du chic. Cette apparition confirme le virage stylistique amorc\u00e9 par Sydney Sweeney depuis quelques ann\u00e9es. L\u2019actrice s\u2019impose d\u00e9sormais comme une v\u00e9ritable muse des cr\u00e9ateurs. Elle sait jouer avec la sensualit\u00e9 tout en restant \u00e9l\u00e9gante, jonglant entre looks romantiques, silhouettes couture et tenues plus audacieuses comme celle-ci. \u00c0 Toronto, elle prouve qu\u2019elle est capable de s\u2019approprier les tendances sans jamais perdre son authenticit\u00e9.<\/p>\n","protected":false},"excerpt":{"rendered":"Sydney Sweeney a une nouvelle fois prouv\u00e9 qu\u2019elle ma\u00eetrisait l\u2019art du tapis rouge. Ce samedi 6 septembre, l\u2019actrice&hellip;\n","protected":false},"author":2,"featured_media":373452,"comment_status":"","ping_status":"","sticky":false,"template":"","format":"standard","meta":{"footnotes":""},"categories":[1359],"tags":[58,59,1011,27,973],"class_list":{"0":"post-373451","1":"post","2":"type-post","3":"status-publish","4":"format-standard","5":"has-post-thumbnail","7":"category-people","8":"tag-divertissement","9":"tag-entertainment","10":"tag-fr","11":"tag-france","12":"tag-people"},"share_on_mastodon":{"url":"https:\/\/pubeurope.com\/@fr\/115164237370725532","error":""},"_links":{"self":[{"href":"https:\/\/www.europesays.com\/fr\/wp-json\/wp\/v2\/posts\/373451","targetHints":{"allow":["GET"]}}],"collection":[{"href":"https:\/\/www.europesays.com\/fr\/wp-json\/wp\/v2\/posts"}],"about":[{"href":"https:\/\/www.europesays.com\/fr\/wp-json\/wp\/v2\/types\/post"}],"author":[{"embeddable":true,"href":"https:\/\/www.europesays.com\/fr\/wp-json\/wp\/v2\/users\/2"}],"replies":[{"embeddable":true,"href":"https:\/\/www.europesays.com\/fr\/wp-json\/wp\/v2\/comments?post=373451"}],"version-history":[{"count":0,"href":"https:\/\/www.europesays.com\/fr\/wp-json\/wp\/v2\/posts\/373451\/revisions"}],"wp:featuredmedia":[{"embeddable":true,"href":"https:\/\/www.europesays.com\/fr\/wp-json\/wp\/v2\/media\/373452"}],"wp:attachment":[{"href":"https:\/\/www.europesays.com\/fr\/wp-json\/wp\/v2\/media?parent=373451"}],"wp:term":[{"taxonomy":"category","embeddable":true,"href":"https:\/\/www.europesays.com\/fr\/wp-json\/wp\/v2\/categories?post=373451"},{"taxonomy":"post_tag","embeddable":true,"href":"https:\/\/www.europesays.com\/fr\/wp-json\/wp\/v2\/tags?post=373451"}],"curies":[{"name":"wp","href":"https:\/\/api.w.org\/{rel}","templated":true}]}}