{"id":373457,"date":"2025-09-07T17:41:13","date_gmt":"2025-09-07T17:41:13","guid":{"rendered":"https:\/\/www.europesays.com\/fr\/373457\/"},"modified":"2025-09-07T17:41:13","modified_gmt":"2025-09-07T17:41:13","slug":"il-na-renonce-a-rien-malgre-la-promesse-de-nouveau-positionnement-faite-par-m6-cyril-hanouna-conserve-les-codes-de-tpmp-version-c8-dans-tout-beau-tout-n9uf-sur-w9","status":"publish","type":"post","link":"https:\/\/www.europesays.com\/fr\/373457\/","title":{"rendered":"\u00ab\u00a0Il n&rsquo;a renonc\u00e9 \u00e0 rien\u00a0\u00bb : Malgr\u00e9 la promesse de \u00ab\u00a0nouveau positionnement\u00a0\u00bb faite par M6, Cyril Hanouna conserve les codes de \u00ab\u00a0TPMP\u00a0\u00bb version C8 dans \u00ab\u00a0Tout beau, tout n9uf\u00a0\u00bb sur W9"},"content":{"rendered":"<p>La suite apr\u00e8s la publicit\u00e9<\/p>\n<p>\u00ab\u00a0Bande de rmahs (\u00e2nes, imb\u00e9ciles, ndlr) avec les audiences qu\u2019on faisait sur &lsquo;TPMP&rsquo;, vous croyez vraiment que je vais tout changer ??\u00a0\u00bb. C&rsquo;est peu dire que Cyril Hanouna n&rsquo;a pas appr\u00e9ci\u00e9, le 8 ao\u00fbt dernier sur X, qu&rsquo;un article de presse rel\u00e8ve le fait que \u00ab\u00a0Tout beau, tout n9uf\u00a0\u00bb s&rsquo;apparentait \u00e0 un \u00ab\u00a0&lsquo;TPMP&rsquo; bis\u00a0\u00bb. Apr\u00e8s quatre jours sur W9, il est en effet difficile d&rsquo;affirmer le contraire tant cette nouvelle marque reprend les codes de son a\u00een\u00e9e. Sur les 22 chroniqueurs potentiels pr\u00e9sent\u00e9s lors du tapis rouge du lundi 1er septembre 2025, la moiti\u00e9 a garni les rangs de \u00ab\u00a0TPMP\u00a0\u00bb ces derni\u00e8res ann\u00e9es.<\/p>\n<p>Des anciens chroniqueurs de \u00ab\u00a0TPMP\u00a0\u00bb sur C8 et de la galaxie Bollor\u00e9\u00a0<\/p>\n<p>Plusieurs autres, \u00e0 commencer par Marl\u00e8ne Schiappa, d\u00e9j\u00e0 vue \u00e0 l&rsquo;animation d&rsquo;une \u00e9mission aux c\u00f4t\u00e9s de Cyril Hanouna sur C8 au plus fort des Gilets jaunes. Citons aussi Shana Loustau et Olivier Dartigolles, <a href=\"https:\/\/www.ozap.com\/actu\/audiences-aout-2025-pour-la-premiere-fois-de-son-histoire-cnews-double-bfmtv-tout-lete-lci-dynamisee-franceinfo-loin-du-compte\/651397\" rel=\"nofollow noopener\" target=\"_blank\">anciens visages de CNews<\/a> (cha\u00eene du groupe Bollor\u00e9 comme C8) ou encore Amaury Bucco, journaliste au sein de l&rsquo;hebdomadaire d&rsquo;extr\u00eame droite \u00ab\u00a0Valeurs actuelles\u00a0\u00bb, r\u00e9guli\u00e8rement invit\u00e9 du canal 14, ont fait partie de sa galaxie par le pass\u00e9. Comme les chroniqueurs, certaines rubriques (\u00ab\u00a0J&rsquo;ai zapp\u00e9, j&rsquo;ai mat\u00e9\u00a0\u00bb ; \u00ab\u00a0Les gros doss\u00a0\u00bb) ont \u00e9t\u00e9 conserv\u00e9es et les s\u00e9quences consid\u00e9r\u00e9es comme les plus fortes \u2013 le d\u00e9but de t\u00e9moignage de Matthieu Delormeau sur sa d\u00e9pendance \u00e0 la coca\u00efne lundi \u2013 exploit\u00e9es en fin d&rsquo;\u00e9mission.\u00a0<\/p>\n<p>Et si Cyril Hanouna \u2013 avait garanti M6 eu \u00e9gard aux manquements sanctionn\u00e9s par l&rsquo;Arcom sur C8 \u2013 devait s&rsquo;abstenir de traiter de l&rsquo;actualit\u00e9 politique, cette promesse a \u00e9t\u00e9 balay\u00e9e d\u00e8s la premi\u00e8re. Les chroniqueurs ont en effet r\u00e9agi \u2013 pancarte \u00e0 la main \u2013 <a href=\"https:\/\/www.ozap.com\/actu\/audiences-bfmtv-cnews-lci-ou-franceinfo-sur-quelle-chaine-info-linterview-de-francois-bayrou-a-t-elle-ete-la-plus-suivie\/651393\" rel=\"nofollow noopener\" target=\"_blank\">aux propos de Fran\u00e7ois Bayrou prononc\u00e9s la veille lors de son interview aux cha\u00eenes info<\/a>. Le Premier ministre avait estim\u00e9 que \u00ab\u00a0ce ne sont pas les gouvernements mais les Fran\u00e7ais qui d\u00e9pensent l&rsquo;argent public\u00a0\u00bb. Un \u00ab\u00a0scandale\u00a0\u00bb, pouvait-on lire dans un bandeau incrust\u00e9 \u00e0 l&rsquo;\u00e9cran. Jeudi, \u00ab\u00a0Le d\u00e9bat du jour\u00a0\u00bb portait sur&#8230; le \u00ab\u00a0danger d&rsquo;\u00eatre une star en France\u00a0\u00bb.<\/p>\n<p>\u00ab\u00a0Cyril Hanouna n&rsquo;a renonc\u00e9 \u00e0 rien\u00a0\u00bb<\/p>\n<p>Politique, faits divers&#8230; Comme pouvait le craindre <a href=\"https:\/\/www.ozap.com\/actu\/cette-annonce-spectacle-ne-peut-que-nous-inquieter-pour-la-suite-les-sdj-de-rtl-et-m6-toujours-opposees-a-l-arrivee-de-cyril-hanouna-dans-le-groupe-m6\/648939\" rel=\"nofollow noopener\" target=\"_blank\">les Soci\u00e9t\u00e9s des journalistes du groupe M6<\/a>, au moment o\u00f9 l&rsquo;annonce du transfert de Cyril Hanouna a \u00e9t\u00e9 annonc\u00e9, \u00ab\u00a0TBT9\u00a0\u00bb est dans les faits une transposition de la version C8 de \u00ab\u00a0TPMP\u00a0\u00bb. Loin du programme de divertissement annonc\u00e9.<\/p>\n<p>En mars dernier en effet, David Larramendy martelait que Cyril Hanouna rejoint M6 pour \u00ab\u00a0un autre projet (\u2026) beaucoup plus centr\u00e9 autour du divertissement\u00a0\u00bb et \u00ab\u00a0proche de ce qu\u2019il a fait pendant de tr\u00e8s longues ann\u00e9es avant (&#8230;) Et moi, j\u2019ai toute confiance dans le fait qu\u2019il s\u2019investira \u00e0 fond dans ce nouveau positionnement\u00a0\u00bb, avait-il d\u00e9clar\u00e9, rappelant que M6 \u00ab\u00a0n\u2019est pas un groupe politique. On a un actionnaire allemand (Bertelsmann) qui ne fait pas de politique (\u2026) On ne compte pas, ni \u00e0 court, ni \u00e0 moyen terme, en faire\u00a0\u00bb.<\/p>\n<p>Cette ligne rouge serait d\u00e9j\u00e0 franchie, selon Alexis Levrier. L&rsquo;historien de la presse et des m\u00e9dias de trancher sur X : \u00ab\u00a0Alors que le groupe M6 lui a impos\u00e9 de ne plus parler de politique, Cyril Hanouna consacre son premier d\u00e9bat \u00e0 Fran\u00e7ois Bayrou. Le tout sur un plateau identique, avec les m\u00eames invit\u00e9s et la m\u00eame rh\u00e9torique populiste. Il n&rsquo;a renonc\u00e9 \u00e0 rien, et surtout pas \u00e0 faire gagner l&rsquo;extr\u00eame droite\u00a0\u00bb.<\/p>\n","protected":false},"excerpt":{"rendered":"La suite apr\u00e8s la publicit\u00e9 \u00ab\u00a0Bande de rmahs (\u00e2nes, imb\u00e9ciles, ndlr) avec les audiences qu\u2019on faisait sur &lsquo;TPMP&rsquo;,&hellip;\n","protected":false},"author":2,"featured_media":373458,"comment_status":"","ping_status":"","sticky":false,"template":"","format":"standard","meta":{"footnotes":""},"categories":[1356],"tags":[58,59,1011,27,252,1364],"class_list":{"0":"post-373457","1":"post","2":"type-post","3":"status-publish","4":"format-standard","5":"has-post-thumbnail","7":"category-television","8":"tag-divertissement","9":"tag-entertainment","10":"tag-fr","11":"tag-france","12":"tag-television","13":"tag-tv"},"share_on_mastodon":{"url":"https:\/\/pubeurope.com\/@fr\/115164249055820314","error":""},"_links":{"self":[{"href":"https:\/\/www.europesays.com\/fr\/wp-json\/wp\/v2\/posts\/373457","targetHints":{"allow":["GET"]}}],"collection":[{"href":"https:\/\/www.europesays.com\/fr\/wp-json\/wp\/v2\/posts"}],"about":[{"href":"https:\/\/www.europesays.com\/fr\/wp-json\/wp\/v2\/types\/post"}],"author":[{"embeddable":true,"href":"https:\/\/www.europesays.com\/fr\/wp-json\/wp\/v2\/users\/2"}],"replies":[{"embeddable":true,"href":"https:\/\/www.europesays.com\/fr\/wp-json\/wp\/v2\/comments?post=373457"}],"version-history":[{"count":0,"href":"https:\/\/www.europesays.com\/fr\/wp-json\/wp\/v2\/posts\/373457\/revisions"}],"wp:featuredmedia":[{"embeddable":true,"href":"https:\/\/www.europesays.com\/fr\/wp-json\/wp\/v2\/media\/373458"}],"wp:attachment":[{"href":"https:\/\/www.europesays.com\/fr\/wp-json\/wp\/v2\/media?parent=373457"}],"wp:term":[{"taxonomy":"category","embeddable":true,"href":"https:\/\/www.europesays.com\/fr\/wp-json\/wp\/v2\/categories?post=373457"},{"taxonomy":"post_tag","embeddable":true,"href":"https:\/\/www.europesays.com\/fr\/wp-json\/wp\/v2\/tags?post=373457"}],"curies":[{"name":"wp","href":"https:\/\/api.w.org\/{rel}","templated":true}]}}