{"id":37346,"date":"2025-04-19T21:09:12","date_gmt":"2025-04-19T21:09:12","guid":{"rendered":"https:\/\/www.europesays.com\/fr\/37346\/"},"modified":"2025-04-19T21:09:12","modified_gmt":"2025-04-19T21:09:12","slug":"les-etudiants-liberes-de-prison-veulent-poursuivre-la-contestation-liberation","status":"publish","type":"post","link":"https:\/\/www.europesays.com\/fr\/37346\/","title":{"rendered":"les \u00e9tudiants lib\u00e9r\u00e9s de prison veulent poursuivre la contestation \u2013 Lib\u00e9ration"},"content":{"rendered":"<p class=\"sc-cPiKLX AiZTS text-element\">Des arrestations men\u00e9es en masse et \u00e0 la h\u00e2te, dans des conditions kafka\u00efennes. Les t\u00e9moignages des \u00e9tudiants incarc\u00e9r\u00e9s \u2013 plus de 300 \u2013 <a href=\"https:\/\/www.liberation.fr\/international\/moyen-orient\/la-turquie-est-arrivee-a-un-point-de-rupture-a-istanbul-les-etudiants-resolus-face-a-la-repression-derdogan-20250326_HEDH2GLUPFAZ5AZDNJ6WR6RQ74\/\" rel=\"nofollow noopener\" target=\"_blank\">pour avoir particip\u00e9 aux manifestations contre l\u2019arrestation<\/a> du maire d\u2019Istanbul, Ekrem Imamoglu, font \u00e9tat d\u2019un m\u00eame mode op\u00e9ratoire : des interpellations \u00e0 domicile conduites \u00e0 l\u2019aube par des forces de l\u2019ordre surmen\u00e9es, d\u00e9bouchant sur une garde \u00e0 vue suivie d\u2019une audience exp\u00e9ditive au tribunal, puis d\u2019une incarc\u00e9ration pendant pr\u00e8s de deux semaines. Plus de 200 manifestants ont d\u00e9j\u00e0 \u00e9t\u00e9 lib\u00e9r\u00e9s, et pr\u00e8s d\u2019une centaine demeurent en d\u00e9tention, dans l\u2019attente d\u2019un proc\u00e8s qui se tiendra \u00e0 compter de ce vendredi 18 avril.<\/p>\n<p class=\"sc-cPiKLX AiZTS text-element\">\u00abCes arrestations sont purement politiques et n\u2019ont aucun fondement l\u00e9gal, ce n\u2019est rien d\u2019autre qu\u2019une mesure visant \u00e0 nous intimider\u00bb, ass\u00e8ne Selinay Uzuntel, 24 ans. Cette \u00e9tudiante en \u00e9conomie \u00e0 l\u2019universit\u00e9 d\u2019Istanbul a \u00e9t\u00e9 interpell\u00e9e apr\u00e8s que la police a pris une photo d\u2019elle participant \u00e0 l\u2019une des manifestations qui s\u2019est tenue dans les jours suivant <a href=\"https:\/\/www.liberation.fr\/international\/moyen-orient\/ekrem-imamoglu-lespoir-ecroue-de-la-democratie-turque-20250319_DNOR4X4ZB5CMPO6GPCRZPTPAOY\/\" rel=\"nofollow noopener\" target=\"_blank\">l\u2019arrestation d\u2019Ekrem Imamoglu<\/a>. D\u00e8s le 25 mars, l\u2019\u00e9tudiante a ainsi \u00e9t\u00e9 plac\u00e9e en garde \u00e0 vue av<\/p>\n","protected":false},"excerpt":{"rendered":"Des arrestations men\u00e9es en masse et \u00e0 la h\u00e2te, dans des conditions kafka\u00efennes. Les t\u00e9moignages des \u00e9tudiants incarc\u00e9r\u00e9s&hellip;\n","protected":false},"author":2,"featured_media":37347,"comment_status":"","ping_status":"","sticky":false,"template":"","format":"standard","meta":{"footnotes":""},"categories":[5],"tags":[11,7475,1011,27,14,12,3497,3496,28],"class_list":{"0":"post-37346","1":"post","2":"type-post","3":"status-publish","4":"format-standard","5":"has-post-thumbnail","7":"category-international","8":"tag-actualites","9":"tag-ekrem-imamoglu","10":"tag-fr","11":"tag-france","12":"tag-international","13":"tag-news","14":"tag-recep-tayyip-erdogan","15":"tag-turquie","16":"tag-world"},"share_on_mastodon":{"url":"https:\/\/pubeurope.com\/@fr\/114366681846563536","error":""},"_links":{"self":[{"href":"https:\/\/www.europesays.com\/fr\/wp-json\/wp\/v2\/posts\/37346","targetHints":{"allow":["GET"]}}],"collection":[{"href":"https:\/\/www.europesays.com\/fr\/wp-json\/wp\/v2\/posts"}],"about":[{"href":"https:\/\/www.europesays.com\/fr\/wp-json\/wp\/v2\/types\/post"}],"author":[{"embeddable":true,"href":"https:\/\/www.europesays.com\/fr\/wp-json\/wp\/v2\/users\/2"}],"replies":[{"embeddable":true,"href":"https:\/\/www.europesays.com\/fr\/wp-json\/wp\/v2\/comments?post=37346"}],"version-history":[{"count":0,"href":"https:\/\/www.europesays.com\/fr\/wp-json\/wp\/v2\/posts\/37346\/revisions"}],"wp:featuredmedia":[{"embeddable":true,"href":"https:\/\/www.europesays.com\/fr\/wp-json\/wp\/v2\/media\/37347"}],"wp:attachment":[{"href":"https:\/\/www.europesays.com\/fr\/wp-json\/wp\/v2\/media?parent=37346"}],"wp:term":[{"taxonomy":"category","embeddable":true,"href":"https:\/\/www.europesays.com\/fr\/wp-json\/wp\/v2\/categories?post=37346"},{"taxonomy":"post_tag","embeddable":true,"href":"https:\/\/www.europesays.com\/fr\/wp-json\/wp\/v2\/tags?post=37346"}],"curies":[{"name":"wp","href":"https:\/\/api.w.org\/{rel}","templated":true}]}}