{"id":373476,"date":"2025-09-07T17:51:13","date_gmt":"2025-09-07T17:51:13","guid":{"rendered":"https:\/\/www.europesays.com\/fr\/373476\/"},"modified":"2025-09-07T17:51:13","modified_gmt":"2025-09-07T17:51:13","slug":"ces-victimes-de-betharram-nont-pas-du-tout-apprecie-la-derniere-sortie-de-bayrou-sur-laffaire-le-huffpost","status":"publish","type":"post","link":"https:\/\/www.europesays.com\/fr\/373476\/","title":{"rendered":"Ces victimes de B\u00e9tharram n\u2019ont pas du tout appr\u00e9ci\u00e9 la derni\u00e8re sortie de Bayrou sur l\u2019affaire &#8211; Le HuffPost"},"content":{"rendered":"<ol>\n<li><a href=\"https:\/\/news.google.com\/rss\/articles\/CBMi-gFBVV95cUxOcmQ2dk82RFdJd1BFQUJjQWJQS28ycnJLWUVKNEQyN0s3bkVIb3VVS2ZiOXd2VW9fb1BtZ2FnMm9renpWT0hDRGNBRVlvc2ljN3hIZHJfR1BzZnJ2OUp4ZXZnclRNTXFRWEdnUlJhNi1famxrWVYzZlpWRzYtd0drWjY5Nmk3c01DMVhyVGZ1Y0RaTkNKa1l2U2RkSFI1YUR2bll1V2tDazk2UElaZFdfZWlnMFFhV3M3QzNnbjBlbVdEaGRHRWxwbkdKQ3RJQlhtR1hYNkgyNDgwSjNpbG1yRmF3ZlE5MkxHN05Wa3FjaWRfZFFzQ1doa19n?oc=5\" target=\"_blank\" rel=\"nofollow noopener\">Ces victimes de B\u00e9tharram n\u2019ont pas du tout appr\u00e9ci\u00e9 la derni\u00e8re sortie de Bayrou sur l\u2019affaire<\/a>&nbsp;&nbsp;Le HuffPost<\/li>\n<li><a href=\"https:\/\/news.google.com\/rss\/articles\/CBMi1wJBVV95cUxQX25GV3J4TUg1bDQxNEVKV1RkYXI2a0lKUXRTTnlERU1IOHJidXp1U2xleERvVnZzcTZSdW0ya2J5cjJBc0xOUV9adTFka1VrVFNfVS0tWEt4RjBFU016UU5BSkw4VUxsTzRabXVxaEF0N3I1X2drVTRXWDE2QjJHN054bmx4NV9CNmJwZWhZd0w5bFlJY1Q2Vm1RQWJ0bDctTnRpeml3SktMaXJkUTFCdnlZeDZPdGQzT1lCQnUtYURHbHlIc2Fhb01XWnJGSzdWbzVlMU9pU0JqOG1GRzEydWowT19iU1p3d2Z2LWVWNmpFTTNsMkJway1OMDlmUUgteW9wTHhiT3pTekQyYS05U1BkejVRT1d6SVVNbnMzVTJfbHZ6TjlnS2FfR09hSHVKUnVBdmtBdGNHVzNzX2xxY1BrU0lubEswa3FFYzRkMEFLbXBiNGpn?oc=5\" target=\"_blank\" rel=\"nofollow noopener\">Affaire Notre-Dame de B\u00e9tharram : \u00ab\u00a0Rien n&rsquo;a \u00e9t\u00e9 fait\u00a0\u00bb, accuse le collectif de victimes apr\u00e8s que Fran\u00e7ois Bayrou a \u00e9voqu\u00e9 un \u00e9pisode \u00ab\u00a0difficile\u00a0\u00bb<\/a>&nbsp;&nbsp;France Info<\/li>\n<li><a href=\"https:\/\/news.google.com\/rss\/articles\/CBMi3gFBVV95cUxPQ2w0YXFIOTR6Q1FhVS1DeThBcmxxdXcwYTU5Z21LV0hqMHFtdDRLX2wwZ0tkUVl2elQwRURFMlZsQWNsVTNtMGhzeGJBODNCOXlpcFNTcFVwTXRYVnBFNF9jQTN6bW1LX2dubkFvU2U1Z3A2TmVGcUNHRTVpODhFaE5wbW54WlVzSW1iYURBUm9sbkVxZmUwMVNJd0NQZ0ViOXRZaTBhRzJFU25IQTRfZ0tiMWVwTUJsUnpnSmVKT2trQVEya3o1TTViLXVna3FmeGJEczdIblo1WUxEZ3c?oc=5\" target=\"_blank\" rel=\"nofollow noopener\">Affaire B\u00e9tharram : \u00abun tribunal politique\u00bb, une affaire \u00abhumainement tr\u00e8s difficile\u00bb, d\u00e9clare Fran\u00e7ois Bayrou<\/a>&nbsp;&nbsp;Le Figaro<\/li>\n<li><a href=\"https:\/\/news.google.com\/rss\/articles\/CBMi_AFBVV95cUxORk0xQ2NrWkxYb0xPYkpKNDcxeWdlbGt4ZVZjMHNaTkFGYV82M0dfaHp6WnlHc200eHljX1Q5WUdyUUhiZFFHd0c0azZkdGdQaDRRNVByOEU1UzVBMWdScEJfSVV3WVc0ZFBJdzB3NExQaFNrVG9HcWxPY2xmZV8zZTYtRzVQYXg1S2l4QWpqdHotWnlvTHdiNnVzclZoVFFrZzFTVWRDeTVhUzN2WDFHS2w5Q2hfdE9aMFlHTnRDNHhUajNhY29ab0VpT2RWYksxU2NnTC1uQUFrSDYyU3J5MzBOcHV3Wk1Ga3hqcGVqb2lVTXJjTmpfc1pUTkc?oc=5\" target=\"_blank\" rel=\"nofollow noopener\">Bayrou revient sur l\u2019affaire B\u00e9tharram, \u00ab un tribunal politique \u00bb, les victimes le renvoient \u00e0 son inaction<\/a>&nbsp;&nbsp;Sud Ouest<\/li>\n<li><a href=\"https:\/\/news.google.com\/rss\/articles\/CBMixgFBVV95cUxPcXBjVVF4NnBKUGpUOEhBX3k1NTlnWk1GWGVtMjZNZ01hQUpfQ0JqRjlrQV9BcTlSdmJyS0lZazVxR0kwVjQxaHppU2NocW5JdGdDOHcyZ19LVDFMMmpvcG9wM0g0MEZldzNEbzJMbS1aaC00M21IYUpJczdJOEgyYzlMM1dQbnZ6eFRKX2dqcW5FXzc2YS1LNkQ4Ty11U0ZNcmk4WkRzZnlWd3BKUzFJaVM1NUt5R1FNR0lnRWhBalFKeEtJckE?oc=5\" target=\"_blank\" rel=\"nofollow noopener\">Affaire B\u00e9tharram : Fran\u00e7ois Bayrou regrette une p\u00e9riode \u00ab\u00a0d\u00e9gueulasse\u00a0\u00bb pour sa famille<\/a>&nbsp;&nbsp;RTL.fr<\/li>\n<\/ol>\n","protected":false},"excerpt":{"rendered":"Ces victimes de B\u00e9tharram n\u2019ont pas du tout appr\u00e9ci\u00e9 la derni\u00e8re sortie de Bayrou sur l\u2019affaire&nbsp;&nbsp;Le HuffPost Affaire&hellip;\n","protected":false},"author":2,"featured_media":1445,"comment_status":"","ping_status":"","sticky":false,"template":"","format":"standard","meta":{"footnotes":""},"categories":[2],"tags":[11,1011,27,12],"class_list":{"0":"post-373476","1":"post","2":"type-post","3":"status-publish","4":"format-standard","5":"has-post-thumbnail","7":"category-actualites","8":"tag-actualites","9":"tag-fr","10":"tag-france","11":"tag-news"},"share_on_mastodon":{"url":"https:\/\/pubeurope.com\/@fr\/115164288398286858","error":""},"_links":{"self":[{"href":"https:\/\/www.europesays.com\/fr\/wp-json\/wp\/v2\/posts\/373476","targetHints":{"allow":["GET"]}}],"collection":[{"href":"https:\/\/www.europesays.com\/fr\/wp-json\/wp\/v2\/posts"}],"about":[{"href":"https:\/\/www.europesays.com\/fr\/wp-json\/wp\/v2\/types\/post"}],"author":[{"embeddable":true,"href":"https:\/\/www.europesays.com\/fr\/wp-json\/wp\/v2\/users\/2"}],"replies":[{"embeddable":true,"href":"https:\/\/www.europesays.com\/fr\/wp-json\/wp\/v2\/comments?post=373476"}],"version-history":[{"count":0,"href":"https:\/\/www.europesays.com\/fr\/wp-json\/wp\/v2\/posts\/373476\/revisions"}],"wp:featuredmedia":[{"embeddable":true,"href":"https:\/\/www.europesays.com\/fr\/wp-json\/wp\/v2\/media\/1445"}],"wp:attachment":[{"href":"https:\/\/www.europesays.com\/fr\/wp-json\/wp\/v2\/media?parent=373476"}],"wp:term":[{"taxonomy":"category","embeddable":true,"href":"https:\/\/www.europesays.com\/fr\/wp-json\/wp\/v2\/categories?post=373476"},{"taxonomy":"post_tag","embeddable":true,"href":"https:\/\/www.europesays.com\/fr\/wp-json\/wp\/v2\/tags?post=373476"}],"curies":[{"name":"wp","href":"https:\/\/api.w.org\/{rel}","templated":true}]}}