{"id":373477,"date":"2025-09-07T17:52:12","date_gmt":"2025-09-07T17:52:12","guid":{"rendered":"https:\/\/www.europesays.com\/fr\/373477\/"},"modified":"2025-09-07T17:52:12","modified_gmt":"2025-09-07T17:52:12","slug":"londe-de-choc-pour-la-famille-artigues","status":"publish","type":"post","link":"https:\/\/www.europesays.com\/fr\/373477\/","title":{"rendered":"l\u2019onde de choc pour la famille Artigues"},"content":{"rendered":"<p>\u00c0 l\u2019appel des \u00e9lus en ce 27\u00a0juin\u00a02022 lors du conseil municipal, <a href=\"https:\/\/www.leprogres.fr\/p\/gilles-artigues\" target=\"_blank\" rel=\"noopener\">Gilles Artigues<\/a> r\u00e9pond \u00ab\u00a0pr\u00e9sent\u00a0\u00bb. Ce jour-l\u00e0, le compte administratif est au programme. Chaque adjoint est invit\u00e9 \u00e0 prendre la parole pour faire le r\u00e9sum\u00e9 des actions men\u00e9es l\u2019ann\u00e9e pr\u00e9c\u00e9dente. \u00ab\u00a0Nous accueillons au mieux les familles qui se retrouvent dans la peine et le deuil\u00a0\u00bb, introduit Gilles Artigues, adjoint en charge des cimeti\u00e8res.<\/p>\n<p>Son bref expos\u00e9 termin\u00e9, il s\u2019adresse \u00e0 sa voisine de gauche, l\u2019adjointe \u00e0 la s\u00e9curit\u00e9 de l\u2019\u00e9poque. \u00ab\u00a0Je laisse la parole \u00e0 Nicole Peycelon\u00a0\u00bb, prononce d\u2019une mani\u00e8re solennelle, comme \u00e0 son habitude, Gilles Artigues. C\u2019est la derni\u00e8re fois que le conseil municipal de Saint-Etienne entendra sa voix. Depuis cette date, la salle Albert-Lebrun ne l\u2019a jamais revu.<\/p>\n<p>\u00ab\u00a0Cette machination a pourri ma vie\u00a0\u00bb<\/p>\n<p>Deux mois plus tard, l\u2019affaire du pr\u00e9sum\u00e9 chantage \u00e0 la vid\u00e9o \u00e9clate au grand jour. La d\u00e9flagration est \u00e0 la hauteur des r\u00e9v\u00e9lations. Lui, l\u2019ancien d\u00e9put\u00e9 qui s\u2019est toujours r\u00eav\u00e9 maire de sa&#8230;<\/p>\n","protected":false},"excerpt":{"rendered":"\u00c0 l\u2019appel des \u00e9lus en ce 27\u00a0juin\u00a02022 lors du conseil municipal, Gilles Artigues r\u00e9pond \u00ab\u00a0pr\u00e9sent\u00a0\u00bb. Ce jour-l\u00e0, le&hellip;\n","protected":false},"author":2,"featured_media":373478,"comment_status":"","ping_status":"","sticky":false,"template":"","format":"standard","meta":{"footnotes":""},"categories":[9653],"tags":[1111,11,42797,2430,7539,1777,674,274,107,1011,27,3367,12,25,4001,7538,10806],"class_list":{"0":"post-373477","1":"post","2":"type-post","3":"status-publish","4":"format-standard","5":"has-post-thumbnail","7":"category-saint-etienne","8":"tag-actu","9":"tag-actualites","10":"tag-affaire-perdriau","11":"tag-auvergne-rhone-alpes","12":"tag-edition-loire-sud","13":"tag-eu","14":"tag-europe","15":"tag-faits-divers-justice","16":"tag-fil-info","17":"tag-fr","18":"tag-france","19":"tag-loire","20":"tag-news","21":"tag-republique-francaise","22":"tag-saint-etienne","23":"tag-saint-etienne-ville","24":"tag-selection-de-la-redaction-42"},"share_on_mastodon":{"url":"https:\/\/pubeurope.com\/@fr\/115164292312287693","error":""},"_links":{"self":[{"href":"https:\/\/www.europesays.com\/fr\/wp-json\/wp\/v2\/posts\/373477","targetHints":{"allow":["GET"]}}],"collection":[{"href":"https:\/\/www.europesays.com\/fr\/wp-json\/wp\/v2\/posts"}],"about":[{"href":"https:\/\/www.europesays.com\/fr\/wp-json\/wp\/v2\/types\/post"}],"author":[{"embeddable":true,"href":"https:\/\/www.europesays.com\/fr\/wp-json\/wp\/v2\/users\/2"}],"replies":[{"embeddable":true,"href":"https:\/\/www.europesays.com\/fr\/wp-json\/wp\/v2\/comments?post=373477"}],"version-history":[{"count":0,"href":"https:\/\/www.europesays.com\/fr\/wp-json\/wp\/v2\/posts\/373477\/revisions"}],"wp:featuredmedia":[{"embeddable":true,"href":"https:\/\/www.europesays.com\/fr\/wp-json\/wp\/v2\/media\/373478"}],"wp:attachment":[{"href":"https:\/\/www.europesays.com\/fr\/wp-json\/wp\/v2\/media?parent=373477"}],"wp:term":[{"taxonomy":"category","embeddable":true,"href":"https:\/\/www.europesays.com\/fr\/wp-json\/wp\/v2\/categories?post=373477"},{"taxonomy":"post_tag","embeddable":true,"href":"https:\/\/www.europesays.com\/fr\/wp-json\/wp\/v2\/tags?post=373477"}],"curies":[{"name":"wp","href":"https:\/\/api.w.org\/{rel}","templated":true}]}}