{"id":373479,"date":"2025-09-07T17:53:11","date_gmt":"2025-09-07T17:53:11","guid":{"rendered":"https:\/\/www.europesays.com\/fr\/373479\/"},"modified":"2025-09-07T17:53:11","modified_gmt":"2025-09-07T17:53:11","slug":"de-la-ferme-au-quartier-ferme-son-magasin-et-se-reorganise","status":"publish","type":"post","link":"https:\/\/www.europesays.com\/fr\/373479\/","title":{"rendered":"De la ferme au quartier ferme son magasin et se r\u00e9organise"},"content":{"rendered":"<p>Apr\u00e8s la fermeture estivale, De la ferme au quartier\u00a0n\u2019a pas rouvert son magasin, situ\u00e9 rue B\u00e9n\u00e9vent. Il n\u2019est d\u00e9sormais plus possible pour les particuliers d\u2019acheter des produits locaux et bio au d\u00e9tail, y compris depuis la boutique en ligne.<\/p>\n<p>\u00ab\u00a0L\u2019offre destin\u00e9e aux particuliers \u00e9tait en d\u00e9ficit\u00a0\u00bb<\/p>\n<p>C\u2019est un nouveau chapitre qui s\u2019ouvre pour cette coop\u00e9rative st\u00e9phanoise qui a vu le jour entre\u00a02010 et\u00a02011. \u00ab\u00a0C\u2019est une d\u00e9cision purement financi\u00e8re, on ne l\u2019a pas prise avec joie\u00a0\u00bb, explique am\u00e8rement Guillaume Fauchon, responsable administratif et financier. En 2024, la structure avait tent\u00e9 d\u2019augmenter ses fonds&#8230;<\/p>\n","protected":false},"excerpt":{"rendered":"Apr\u00e8s la fermeture estivale, De la ferme au quartier\u00a0n\u2019a pas rouvert son magasin, situ\u00e9 rue B\u00e9n\u00e9vent. Il n\u2019est&hellip;\n","protected":false},"author":2,"featured_media":373480,"comment_status":"","ping_status":"","sticky":false,"template":"","format":"standard","meta":{"footnotes":""},"categories":[9653],"tags":[1111,11,327,2430,4406,33,7539,1777,674,1011,27,3367,12,25,4001,7538,216],"class_list":{"0":"post-373479","1":"post","2":"type-post","3":"status-publish","4":"format-standard","5":"has-post-thumbnail","7":"category-saint-etienne","8":"tag-actu","9":"tag-actualites","10":"tag-agriculture","11":"tag-auvergne-rhone-alpes","12":"tag-commerce-et-services","13":"tag-economie","14":"tag-edition-loire-sud","15":"tag-eu","16":"tag-europe","17":"tag-fr","18":"tag-france","19":"tag-loire","20":"tag-news","21":"tag-republique-francaise","22":"tag-saint-etienne","23":"tag-saint-etienne-ville","24":"tag-vie-des-entreprises"},"share_on_mastodon":{"url":"https:\/\/pubeurope.com\/@fr\/115164296287000189","error":""},"_links":{"self":[{"href":"https:\/\/www.europesays.com\/fr\/wp-json\/wp\/v2\/posts\/373479","targetHints":{"allow":["GET"]}}],"collection":[{"href":"https:\/\/www.europesays.com\/fr\/wp-json\/wp\/v2\/posts"}],"about":[{"href":"https:\/\/www.europesays.com\/fr\/wp-json\/wp\/v2\/types\/post"}],"author":[{"embeddable":true,"href":"https:\/\/www.europesays.com\/fr\/wp-json\/wp\/v2\/users\/2"}],"replies":[{"embeddable":true,"href":"https:\/\/www.europesays.com\/fr\/wp-json\/wp\/v2\/comments?post=373479"}],"version-history":[{"count":0,"href":"https:\/\/www.europesays.com\/fr\/wp-json\/wp\/v2\/posts\/373479\/revisions"}],"wp:featuredmedia":[{"embeddable":true,"href":"https:\/\/www.europesays.com\/fr\/wp-json\/wp\/v2\/media\/373480"}],"wp:attachment":[{"href":"https:\/\/www.europesays.com\/fr\/wp-json\/wp\/v2\/media?parent=373479"}],"wp:term":[{"taxonomy":"category","embeddable":true,"href":"https:\/\/www.europesays.com\/fr\/wp-json\/wp\/v2\/categories?post=373479"},{"taxonomy":"post_tag","embeddable":true,"href":"https:\/\/www.europesays.com\/fr\/wp-json\/wp\/v2\/tags?post=373479"}],"curies":[{"name":"wp","href":"https:\/\/api.w.org\/{rel}","templated":true}]}}