{"id":373483,"date":"2025-09-07T17:55:24","date_gmt":"2025-09-07T17:55:24","guid":{"rendered":"https:\/\/www.europesays.com\/fr\/373483\/"},"modified":"2025-09-07T17:55:24","modified_gmt":"2025-09-07T17:55:24","slug":"villers-les-nancy-une-soiree-entre-amis-du-jardin-botanique-jean-marie-pelt","status":"publish","type":"post","link":"https:\/\/www.europesays.com\/fr\/373483\/","title":{"rendered":"Villers-l\u00e8s-Nancy. Une soir\u00e9e entre amis du Jardin botanique Jean-Marie Pelt"},"content":{"rendered":"<p>Adh\u00e9rer \u00e0 l\u2019Association des Amis des jardins botaniques de Nancy (AJABONA) donne acc\u00e8s gratuitement aux serres tropicales et aux expositions toute l\u2019ann\u00e9e. Elle ouvre aussi les portes de la biblioth\u00e8que et des acc\u00e8s VIP.<\/p>\n<p>Une soir\u00e9e est organis\u00e9e le 11\u00a0septembre et des visites VIP de certaines zones du jardin seront propos\u00e9es. Pour se restaurer, un grand pique-nique participatif est pr\u00e9vu.<\/p>\n<p>Enfin, tous les talents (musique, photographies\u2026) seront les bienvenues pour animer cette manifestation.<\/p>\n<p class=\"note\">La soir\u00e9e est r\u00e9serv\u00e9e aux adh\u00e9rents, mais si vous ne l\u2019\u00eates pas encore, c\u2019est le moment de d\u00e9couvrir l\u2019AJABONA\u00a0! Jeudi 11\u00a0septembre, de 19\u00a0h \u00e0 21\u00a0h.<\/p>\n<p class=\"note\">R\u00e9servation en ligne (ajabona.nancy@gmail.com). Gratuit pour les membres de l\u2019association, prix de l\u2019adh\u00e9sion pour les non-membres souhaitant participer.<\/p>\n","protected":false},"excerpt":{"rendered":"Adh\u00e9rer \u00e0 l\u2019Association des Amis des jardins botaniques de Nancy (AJABONA) donne acc\u00e8s gratuitement aux serres tropicales et&hellip;\n","protected":false},"author":2,"featured_media":373484,"comment_status":"","ping_status":"","sticky":false,"template":"","format":"standard","meta":{"footnotes":""},"categories":[9635],"tags":[1111,11,9724,1687,1707,1704,1777,674,1011,27,50746,775,10262,1702,12,25,10261],"class_list":{"0":"post-373483","1":"post","2":"type-post","3":"status-publish","4":"format-standard","5":"has-post-thumbnail","7":"category-nancy","8":"tag-actu","9":"tag-actualites","10":"tag-cc-de-vezouze-en-piemont-54a","11":"tag-culture-loisirs","12":"tag-edition-luneville","13":"tag-edition-nancy-et-agglomeration","14":"tag-eu","15":"tag-europe","16":"tag-fr","17":"tag-france","18":"tag-gondrexon","19":"tag-grand-est","20":"tag-metropole-du-grand-nancy-54b5","21":"tag-nancy","22":"tag-news","23":"tag-republique-francaise","24":"tag-villers-les-nancy"},"share_on_mastodon":{"url":"https:\/\/pubeurope.com\/@fr\/115164304055507136","error":""},"_links":{"self":[{"href":"https:\/\/www.europesays.com\/fr\/wp-json\/wp\/v2\/posts\/373483","targetHints":{"allow":["GET"]}}],"collection":[{"href":"https:\/\/www.europesays.com\/fr\/wp-json\/wp\/v2\/posts"}],"about":[{"href":"https:\/\/www.europesays.com\/fr\/wp-json\/wp\/v2\/types\/post"}],"author":[{"embeddable":true,"href":"https:\/\/www.europesays.com\/fr\/wp-json\/wp\/v2\/users\/2"}],"replies":[{"embeddable":true,"href":"https:\/\/www.europesays.com\/fr\/wp-json\/wp\/v2\/comments?post=373483"}],"version-history":[{"count":0,"href":"https:\/\/www.europesays.com\/fr\/wp-json\/wp\/v2\/posts\/373483\/revisions"}],"wp:featuredmedia":[{"embeddable":true,"href":"https:\/\/www.europesays.com\/fr\/wp-json\/wp\/v2\/media\/373484"}],"wp:attachment":[{"href":"https:\/\/www.europesays.com\/fr\/wp-json\/wp\/v2\/media?parent=373483"}],"wp:term":[{"taxonomy":"category","embeddable":true,"href":"https:\/\/www.europesays.com\/fr\/wp-json\/wp\/v2\/categories?post=373483"},{"taxonomy":"post_tag","embeddable":true,"href":"https:\/\/www.europesays.com\/fr\/wp-json\/wp\/v2\/tags?post=373483"}],"curies":[{"name":"wp","href":"https:\/\/api.w.org\/{rel}","templated":true}]}}