{"id":373485,"date":"2025-09-07T17:57:13","date_gmt":"2025-09-07T17:57:13","guid":{"rendered":"https:\/\/www.europesays.com\/fr\/373485\/"},"modified":"2025-09-07T17:57:13","modified_gmt":"2025-09-07T17:57:13","slug":"ca-me-va-un-premier-match-et-une-recrue-marque-deja-des-points-aupres-de-mignoni","status":"publish","type":"post","link":"https:\/\/www.europesays.com\/fr\/373485\/","title":{"rendered":"\u00ab \u00c7a me va \u00bb, un premier match et une recrue marque d\u00e9j\u00e0 des points aupr\u00e8s de Mignoni"},"content":{"rendered":"<p>Apr\u00e8s environ un an sans comp\u00e9tition officielle, Zach Mercer n\u2019a pas tard\u00e9 \u00e0 se faire remarquer pour sa premi\u00e8re sortie en Top 14 avec le RC Toulon. Recrut\u00e9 \u00e0 l\u2019\u00e9t\u00e9 2025 en provenance de l\u2019Angleterre, le troisi\u00e8me ligne centre a inscrit un essai d\u00e8s la 25e minute. Il s\u2019est montr\u00e9 particuli\u00e8rement actif dans les phases offensives, notamment sur les ballons port\u00e9s.<\/p>\n<blockquote class=\"twitter-tweet\">\n<p dir=\"ltr\" lang=\"fr\">[\u23f127&prime;] 3-14<br \/>\ud835\uddd8\ud835\udde6\ud835\udde6\ud835\uddd4\ud835\udddc \ud835\uddd7\ud835\uddd8 \ud835\udded\ud835\uddd4\ud835\uddd6\ud835\udddb \ud835\udde0\ud835\uddd8\ud835\udde5\ud835\uddd6\ud835\uddd8\ud835\udde5 \ud83d\udca5<\/p>\n<p>L&rsquo;ancien Montpelli\u00e9rain signe son retour en Top 14 avec un essai !<\/p>\n<p>Marius Domon transforme \ud83d\udc5f <a href=\"https:\/\/t.co\/wiqF9aMQxx\" rel=\"nofollow\">pic.twitter.com\/wiqF9aMQxx<\/a><\/p>\n<p>\u2014 RCT \u2013 Rugby Club Toulonnais (@RCTofficiel) <a href=\"https:\/\/twitter.com\/RCTofficiel\/status\/1964381847132967225?ref_src=twsrc%5Etfw\" rel=\"nofollow noopener\" target=\"_blank\">September 6, 2025<\/a><\/p>\n<\/blockquote>\n<p>Une recrue d\u00e9j\u00e0 dans le ton<\/p>\n<p>La recrue du RCT a livr\u00e9 une premi\u00e8re prestation compl\u00e8te, salu\u00e9e par son entra\u00eeneur. Pierre Mignoni ne cache pas sa satisfaction. \u00ab Il a fait un gros match \u00bb, l\u00e2che-t-il, avant de rappeler que \u00ab Mercer n\u2019avait pas jou\u00e9 depuis neuf ou dix mois \u00bb. Pour compenser ce manque de rythme, le staff l\u2019a sollicit\u00e9 intens\u00e9ment pendant la pr\u00e9saison.<\/p>\n<p>\u00a0<\/p>\n<blockquote>\n<p>\u00ab Je ne l\u2019avais pas m\u00e9nag\u00e9 dans les matchs de pr\u00e9paration \u00e0 cause de \u00e7a. Il a fait 60 minutes contre l\u2019USAP et contre Clermont et 80 ce soir. Il nous apporte le lien avec les trois quarts. Par contre, je lui ai dit qu\u2019\u00e0 Toulon, il faut un 8 qui combat, qui travaille dur et qui par moment ferraille. Et ce soir, il l\u2018a fait. \u00c7a me va \u00bb, a ajout\u00e9 Mignoni dans des propos rapport\u00e9s par Rugbyrama.<\/p>\n<\/blockquote>\n<p>\u00a0<\/p>\n<p>Partagez cette info avec vos amis et vos proches en cliquant ici<br \/>Pour r\u00e9sumer<\/p>\n<p>Zach Mercer a marqu\u00e9 les esprits pour sa premi\u00e8re avec Toulon en Top 14 : un essai, du rythme, et un impact offensif imm\u00e9diat. Apr\u00e8s pr\u00e8s d\u2019un an sans match, Mignoni salue son engagement et son r\u00f4le cl\u00e9 dans le collectif rouge et noir.<\/p>\n<p> <img decoding=\"async\" width=\"76\" height=\"76\" loading=\"lazy\" src=\"https:\/\/www.europesays.com\/fr\/wp-content\/uploads\/2025\/04\/avatar-quinze.png\" alt=\"Voldi Fr\u00e9jus\u00a0Hounvio\"\/><script async src=\"https:\/\/platform.twitter.com\/widgets.js\" charset=\"utf-8\"><\/script><\/p>\n","protected":false},"excerpt":{"rendered":"Apr\u00e8s environ un an sans comp\u00e9tition officielle, Zach Mercer n\u2019a pas tard\u00e9 \u00e0 se faire remarquer pour sa&hellip;\n","protected":false},"author":2,"featured_media":373486,"comment_status":"","ping_status":"","sticky":false,"template":"","format":"standard","meta":{"footnotes":""},"categories":[9619],"tags":[1111,11,1777,674,1011,27,12,882,25,2310],"class_list":{"0":"post-373485","1":"post","2":"type-post","3":"status-publish","4":"format-standard","5":"has-post-thumbnail","7":"category-toulon","8":"tag-actu","9":"tag-actualites","10":"tag-eu","11":"tag-europe","12":"tag-fr","13":"tag-france","14":"tag-news","15":"tag-provence-alpes-cote-dazur","16":"tag-republique-francaise","17":"tag-toulon"},"share_on_mastodon":{"url":"https:\/\/pubeurope.com\/@fr\/115164312092411010","error":""},"_links":{"self":[{"href":"https:\/\/www.europesays.com\/fr\/wp-json\/wp\/v2\/posts\/373485","targetHints":{"allow":["GET"]}}],"collection":[{"href":"https:\/\/www.europesays.com\/fr\/wp-json\/wp\/v2\/posts"}],"about":[{"href":"https:\/\/www.europesays.com\/fr\/wp-json\/wp\/v2\/types\/post"}],"author":[{"embeddable":true,"href":"https:\/\/www.europesays.com\/fr\/wp-json\/wp\/v2\/users\/2"}],"replies":[{"embeddable":true,"href":"https:\/\/www.europesays.com\/fr\/wp-json\/wp\/v2\/comments?post=373485"}],"version-history":[{"count":0,"href":"https:\/\/www.europesays.com\/fr\/wp-json\/wp\/v2\/posts\/373485\/revisions"}],"wp:featuredmedia":[{"embeddable":true,"href":"https:\/\/www.europesays.com\/fr\/wp-json\/wp\/v2\/media\/373486"}],"wp:attachment":[{"href":"https:\/\/www.europesays.com\/fr\/wp-json\/wp\/v2\/media?parent=373485"}],"wp:term":[{"taxonomy":"category","embeddable":true,"href":"https:\/\/www.europesays.com\/fr\/wp-json\/wp\/v2\/categories?post=373485"},{"taxonomy":"post_tag","embeddable":true,"href":"https:\/\/www.europesays.com\/fr\/wp-json\/wp\/v2\/tags?post=373485"}],"curies":[{"name":"wp","href":"https:\/\/api.w.org\/{rel}","templated":true}]}}