{"id":373487,"date":"2025-09-07T17:58:15","date_gmt":"2025-09-07T17:58:15","guid":{"rendered":"https:\/\/www.europesays.com\/fr\/373487\/"},"modified":"2025-09-07T17:58:15","modified_gmt":"2025-09-07T17:58:15","slug":"quelles-sont-les-acces-fermes","status":"publish","type":"post","link":"https:\/\/www.europesays.com\/fr\/373487\/","title":{"rendered":"quelles sont les acc\u00e8s ferm\u00e9s\u00a0?"},"content":{"rendered":"<p>            Par<br \/>\n        <strong><br \/>\n            <a href=\"https:\/\/actu.fr\/auteur\/metropoop\" title=\"Consulter tous les articles de R\u00e9daction M\u00e9tropolitain\" rel=\"nofollow noopener\" target=\"_blank\">R\u00e9daction M\u00e9tropolitain<\/a><br \/>\n        <\/strong><\/p>\n<p>        Publi\u00e9 le<\/p>\n<p>            7 sept. 2025 \u00e0 17h44        <\/p>\n<p>Dans le cadre de l\u2019avanc\u00e9e du chantier de la Ligne 5 du tramway, dont la mise en service est attendue le 20 d\u00e9cembre 2025, de nouvelles interventions auront lieu dans le secteur ouest de Montpellier. Du lundi 8 septembre au vendredi 12 septembre 2025, les acc\u00e8s \u00e0 la place du 8 Mai 1945 seront ferm\u00e9s chaque nuit de 22h30 \u00e0 6h. Ces travaux concernent la pose des rev\u00eatements d\u00e9finitifs de voirie et visent \u00e0 finaliser cette \u00e9tape cl\u00e9 du projet.<\/p>\n<p>Des perturbations limit\u00e9es gr\u00e2ce \u00e0 un chantier de nuit<\/p>\n<p class=\" wall-content\">Afin de r\u00e9duire la g\u00eane pour les automobilistes, les op\u00e9rations se d\u00e9rouleront exclusivement en nocturne. Pendant la dur\u00e9e des fermetures, des itin\u00e9raires de d\u00e9viation seront mis en place pour faciliter la circulation et garantir l\u2019acc\u00e8s aux voies environnantes.<\/p>\n<p>&gt; Pour toute question li\u00e9e au chantier, un num\u00e9ro vert est \u00e0 la disposition des habitants, du lundi au vendredi, de 8h30 \u00e0 17h : 0 805 29 69 20. Les actualit\u00e9s et l\u2019avanc\u00e9e de la Ligne 5 sont \u00e9galement consultables <a href=\"http:\/\/tram5-montpellier3m.fr\" rel=\"nofollow noopener\" target=\"_blank\">sur le site officiel par ici<\/a>.\u00a0<\/p>\n<p class=\" wall-content\">Personnalisez votre actualit\u00e9 en ajoutant vos villes et m\u00e9dias en favori avec <a href=\"https:\/\/moncompte.actu.fr\" title=\"D\u00e9couvez Mon Actu\" rel=\"nofollow noopener\" data-trk=\"{&quot;cta&quot;:{&quot;action&quot;:&quot;https:\\\/\\\/moncompte.actu.fr&quot;,&quot;category&quot;:&quot;mon compte&quot;,&quot;from&quot;:&quot;article footer&quot;,&quot;name&quot;:&quot;Mon actu&quot;,&quot;type&quot;:&quot;cta&quot;}}\" target=\"_blank\">Mon Actu<\/a>.<\/p>\n","protected":false},"excerpt":{"rendered":"Par R\u00e9daction M\u00e9tropolitain Publi\u00e9 le 7 sept. 2025 \u00e0 17h44 Dans le cadre de l\u2019avanc\u00e9e du chantier de&hellip;\n","protected":false},"author":2,"featured_media":373488,"comment_status":"","ping_status":"","sticky":false,"template":"","format":"standard","meta":{"footnotes":""},"categories":[9599],"tags":[1111,11,1777,674,1011,27,2208,12,2680,25,104],"class_list":{"0":"post-373487","1":"post","2":"type-post","3":"status-publish","4":"format-standard","5":"has-post-thumbnail","7":"category-montpellier","8":"tag-actu","9":"tag-actualites","10":"tag-eu","11":"tag-europe","12":"tag-fr","13":"tag-france","14":"tag-montpellier","15":"tag-news","16":"tag-occitanie","17":"tag-republique-francaise","18":"tag-societe"},"share_on_mastodon":{"url":"https:\/\/pubeurope.com\/@fr\/115164315919360227","error":""},"_links":{"self":[{"href":"https:\/\/www.europesays.com\/fr\/wp-json\/wp\/v2\/posts\/373487","targetHints":{"allow":["GET"]}}],"collection":[{"href":"https:\/\/www.europesays.com\/fr\/wp-json\/wp\/v2\/posts"}],"about":[{"href":"https:\/\/www.europesays.com\/fr\/wp-json\/wp\/v2\/types\/post"}],"author":[{"embeddable":true,"href":"https:\/\/www.europesays.com\/fr\/wp-json\/wp\/v2\/users\/2"}],"replies":[{"embeddable":true,"href":"https:\/\/www.europesays.com\/fr\/wp-json\/wp\/v2\/comments?post=373487"}],"version-history":[{"count":0,"href":"https:\/\/www.europesays.com\/fr\/wp-json\/wp\/v2\/posts\/373487\/revisions"}],"wp:featuredmedia":[{"embeddable":true,"href":"https:\/\/www.europesays.com\/fr\/wp-json\/wp\/v2\/media\/373488"}],"wp:attachment":[{"href":"https:\/\/www.europesays.com\/fr\/wp-json\/wp\/v2\/media?parent=373487"}],"wp:term":[{"taxonomy":"category","embeddable":true,"href":"https:\/\/www.europesays.com\/fr\/wp-json\/wp\/v2\/categories?post=373487"},{"taxonomy":"post_tag","embeddable":true,"href":"https:\/\/www.europesays.com\/fr\/wp-json\/wp\/v2\/tags?post=373487"}],"curies":[{"name":"wp","href":"https:\/\/api.w.org\/{rel}","templated":true}]}}