{"id":373489,"date":"2025-09-07T17:59:17","date_gmt":"2025-09-07T17:59:17","guid":{"rendered":"https:\/\/www.europesays.com\/fr\/373489\/"},"modified":"2025-09-07T17:59:17","modified_gmt":"2025-09-07T17:59:17","slug":"starligue-difficile-apprentissage-pour-le-dmh-a-montpellier","status":"publish","type":"post","link":"https:\/\/www.europesays.com\/fr\/373489\/","title":{"rendered":"Starligue. Difficile apprentissage pour le DMH \u00e0 Montpellier"},"content":{"rendered":"<p>Montpellier &#8211; Dijon MH<\/p>\n<p>30-21<\/p>\n<p>Vainqueur tonitruant du Troph\u00e9e des champions face au PSG (29-23) puis emb\u00eat\u00e9 par Valence, pensionnaire de 2e\u00a0 division en Coupe de France (26-29), pendant que les Dijonnais, <a href=\"https:\/\/www.bienpublic.com\/sport\/2025\/05\/16\/le-dijon-mh-souleve-le-bouclier-de-champion-de-proligue\" target=\"_blank\" rel=\"noopener\">champions de Proligue<\/a>, \u00e9taient exempts, le MHB n\u2019a pas fait de sentiment, ce dimanche. Ecrabouillant son adversaire (30-21).<\/p>\n<p>Pour la petite histoire, le premier but dijonnais de la saison \u00e9tait inscrit par un revenant, le Croate Ante Kuduz, avec son num\u00e9ro\u00a089 mais pas encore son nom sur le maillot, neuf ans apr\u00e8s son d\u00e9part (1-1, 4e ). Mais le match&#8230;<\/p>\n","protected":false},"excerpt":{"rendered":"Montpellier &#8211; Dijon MH 30-21 Vainqueur tonitruant du Troph\u00e9e des champions face au PSG (29-23) puis emb\u00eat\u00e9 par&hellip;\n","protected":false},"author":2,"featured_media":373490,"comment_status":"","ping_status":"","sticky":false,"template":"","format":"standard","meta":{"footnotes":""},"categories":[9599],"tags":[1111,11,2930,8587,24712,8588,1777,674,107,1011,27,1792,2208,12,2680,25,517],"class_list":{"0":"post-373489","1":"post","2":"type-post","3":"status-publish","4":"format-standard","5":"has-post-thumbnail","7":"category-montpellier","8":"tag-actu","9":"tag-actualites","10":"tag-dijon","11":"tag-dijon-ville","12":"tag-dmh-dijon-metropole-handball","13":"tag-edition-dijon-et-son-agglomeration","14":"tag-eu","15":"tag-europe","16":"tag-fil-info","17":"tag-fr","18":"tag-france","19":"tag-handball","20":"tag-montpellier","21":"tag-news","22":"tag-occitanie","23":"tag-republique-francaise","24":"tag-sport"},"share_on_mastodon":{"url":"https:\/\/pubeurope.com\/@fr\/115164319863884329","error":""},"_links":{"self":[{"href":"https:\/\/www.europesays.com\/fr\/wp-json\/wp\/v2\/posts\/373489","targetHints":{"allow":["GET"]}}],"collection":[{"href":"https:\/\/www.europesays.com\/fr\/wp-json\/wp\/v2\/posts"}],"about":[{"href":"https:\/\/www.europesays.com\/fr\/wp-json\/wp\/v2\/types\/post"}],"author":[{"embeddable":true,"href":"https:\/\/www.europesays.com\/fr\/wp-json\/wp\/v2\/users\/2"}],"replies":[{"embeddable":true,"href":"https:\/\/www.europesays.com\/fr\/wp-json\/wp\/v2\/comments?post=373489"}],"version-history":[{"count":0,"href":"https:\/\/www.europesays.com\/fr\/wp-json\/wp\/v2\/posts\/373489\/revisions"}],"wp:featuredmedia":[{"embeddable":true,"href":"https:\/\/www.europesays.com\/fr\/wp-json\/wp\/v2\/media\/373490"}],"wp:attachment":[{"href":"https:\/\/www.europesays.com\/fr\/wp-json\/wp\/v2\/media?parent=373489"}],"wp:term":[{"taxonomy":"category","embeddable":true,"href":"https:\/\/www.europesays.com\/fr\/wp-json\/wp\/v2\/categories?post=373489"},{"taxonomy":"post_tag","embeddable":true,"href":"https:\/\/www.europesays.com\/fr\/wp-json\/wp\/v2\/tags?post=373489"}],"curies":[{"name":"wp","href":"https:\/\/api.w.org\/{rel}","templated":true}]}}